{"id":89497,"date":"2019-12-06T14:38:05","date_gmt":"2019-12-06T10:38:05","guid":{"rendered":""},"modified":"-0001-11-30T00:00:00","modified_gmt":"-0001-11-29T20:00:00","slug":"","status":"publish","type":"post","link":"https:\/\/ucnoqta.az\/?p=89497","title":{"rendered":"\u0130smay\u0131ll\u0131da 20 min 200 a\u011fac \u0259kildi- <font color=red><b>Foto<\/b><\/font>"},"content":{"rendered":"<p><strong>Az\u0259rbaycan Respublikas\u0131n\u0131n Prezidenti c\u0259nab \u0130lham \u018fliyevin S\u0259r\u0259ncam\u0131 il\u0259&nbsp;2019-cu ilin &ldquo;N\u0259simi ili&rdquo; elan edilm\u0259si &ccedil;\u0259r&ccedil;iv\u0259sind\u0259 Birinci vitse-prezident, Heyd\u0259r \u018fliyev Fondunun prezidenti Mehriban \u018fliyeva bir g&uuml;n \u0259rzind\u0259 Respublika \u0259razisind\u0259 650 min a\u011fac \u0259km\u0259k t\u0259\u015f\u0259bb&uuml;s&uuml;n&uuml; ir\u0259li s&uuml;r&uuml;b. T\u0259\u015f\u0259bb&uuml;s\u0259 b&ouml;y&uuml;k sevinc v\u0259 m\u0259suliyy\u0259tl\u0259 qo\u015fulan \u0130smay\u0131ll\u0131 sakinl\u0259ri bir g&uuml;nd\u0259 20 min 200 \u0259d\u0259d a\u011fac \u0259km\u0259yi q\u0259rara al\u0131b. Bu d\u0259y\u0259rli, ekoloji tarazl\u0131\u011f\u0131n yarad\u0131lmas\u0131 v\u0259 m&ouml;hk\u0259ml\u0259ndirilm\u0259sind\u0259 &ccedil;ox \u0259h\u0259miyy\u0259tli olan aksiyan\u0131n h\u0259yata ke&ccedil;irilm\u0259si &uuml;&ccedil;&uuml;n b&uuml;t&uuml;n haz\u0131rl\u0131q i\u015fl\u0259ri vaxt\u0131nda g&ouml;r&uuml;l&uuml;b. Ekologiya v\u0259 T\u0259bii S\u0259rv\u0259tl\u0259r nazirliyind\u0259n 19 min \u0259kin material\u0131 al\u0131n\u0131b, yerli imkanlar hesab\u0131na is\u0259 1000 \u0259d\u0259d ting t\u0259dar&uuml;k edilib.<\/strong><\/p>\n<p>&nbsp;\u0130smay\u0131ll\u0131 \u0130cra hakimiyy\u0259tind\u0259n Ucnoqta.az-a veril\u0259n m\u0259lumata g&ouml;r\u0259, rayon sakinl\u0259ri m&uuml;t\u0259\u015f\u0259kkilikl\u0259 a\u011fac \u0259kinin\u0259 &ccedil;\u0131x\u0131blar. Aprel z\u0259f\u0259r d&ouml;y&uuml;\u015f&uuml;n\u0259 h\u0259sr olunmu\u015f &ldquo;Z\u0259f\u0259r&rdquo; park\u0131nda 700, Heyd\u0259r \u018fliyev prospektind\u0259 300, \u018fb&uuml;lh\u0259s\u0259n \u018fl\u0259kb\u0259rzad\u0259 k&uuml;&ccedil;\u0259sind\u0259 1200, v\u0259 rayonun b&uuml;t&uuml;n k\u0259ndl\u0259rinv\u0259, b\u0259l\u0259diyy\u0259 \u0259razil\u0259rind\u0259 &ccedil;oxn&ouml;vl&uuml; a\u011faclar \u0259kilib. Bu n\u0259cib t\u0259\u015f\u0259bb&uuml;s rayonun b&uuml;t&uuml;n idar\u0259,m&uuml;\u0259ssis\u0259 v\u0259 t\u0259\u015fkilatlar\u0131, yerli icra v\u0259 &ouml;z&uuml;n&uuml;idar\u0259etm\u0259 strukturlar\u0131, g\u0259ncl\u0259r, a\u011fsaqqallar, &uuml;mumi t\u0259hsil m\u0259kt\u0259bl\u0259ri t\u0259r\u0259find\u0259n b\u0259y\u0259nilib v\u0259 h\u0259yata ke&ccedil;irilib. N\u0259tic\u0259 olaraq g&uuml;n \u0259rzind\u0259 rayon \u0259razisind\u0259 20 mind\u0259n &ccedil;ox a\u011fac\u0131n a\u011fac\u0131n \u0259kilm\u0259si ba\u015fa &ccedil;atd\u0131r\u0131l\u0131b. \u018fkil\u0259n a\u011faclar s\u0131ras\u0131nda tut, qoz, f\u0131nd\u0131q, akasiya tingl\u0259ri &uuml;st&uuml;nl&uuml;k t\u0259\u015fkil edib.<\/p>\n<p>Bundan \u0259lav\u0259 \u0130smay\u0131ll\u0131 Rayon \u0130cra Hakimiyy\u0259ti il\u0259 Ekologiya v\u0259 T\u0259bii S\u0259rv\u0259tl\u0259r Nazirliyinin birg\u0259 raz\u0131l\u0131\u011f\u0131 \u0259sas\u0131nda \u0130smay\u0131ll\u0131da olan me\u015f\u0259 talalar\u0131nda me\u015f\u0259l\u0259rin b\u0259rpa olunmas\u0131 &uuml;&ccedil;&uuml;n plan haz\u0131rlan\u0131b. Plana \u0259sas\u0259n rayon \u0259razisind\u0259 a\u011fac\u0259km\u0259 kompaniyas\u0131 davam ed\u0259c\u0259kdir.<\/p>\n<p>Eyni zamanda rayonda barama istehsal\u0131n\u0131 inki\u015faf etdirm\u0259k v\u0259 art\u0131rmaq &uuml;&ccedil;&uuml;n K\u0259nd T\u0259s\u0259rr&uuml;fat\u0131 Nazirliyi t\u0259r\u0259find\u0259n verilmi\u015f 10000 \u0259d\u0259d tut tinginin d\u0259 \u0259kilm\u0259si davam edir.<\/p>\n","protected":false},"excerpt":{"rendered":"<p>Az\u0259rbaycan Respublikas\u0131n\u0131n Prezidenti c\u0259nab \u0130lham \u018fliyevin S\u0259r\u0259ncam\u0131 il\u0259&nbsp;2019-cu ilin &ldquo;N\u0259simi ili&rdquo; elan edilm\u0259si &ccedil;\u0259r&ccedil;iv\u0259sind\u0259 Birinci vitse-prezident, Heyd\u0259r \u018fliyev Fondunun prezidenti Mehriban \u018fliyeva bir g&uuml;n \u0259rzind\u0259 Respublika \u0259razisind\u0259 650 min a\u011fac&hellip;<\/p>\n","protected":false},"author":1,"featured_media":251278,"comment_status":"open","ping_status":"open","sticky":false,"template":"","format":"standard","meta":{"_lmt_disableupdate":"","_lmt_disable":"","footnotes":""},"categories":[],"tags":[],"class_list":["post-89497","post","type-post","status-publish","format-standard","has-post-thumbnail","hentry"],"_links":{"self":[{"href":"https:\/\/ucnoqta.az\/index.php?rest_route=\/wp\/v2\/posts\/89497","targetHints":{"allow":["GET"]}}],"collection":[{"href":"https:\/\/ucnoqta.az\/index.php?rest_route=\/wp\/v2\/posts"}],"about":[{"href":"https:\/\/ucnoqta.az\/index.php?rest_route=\/wp\/v2\/types\/post"}],"author":[{"embeddable":true,"href":"https:\/\/ucnoqta.az\/index.php?rest_route=\/wp\/v2\/users\/1"}],"replies":[{"embeddable":true,"href":"https:\/\/ucnoqta.az\/index.php?rest_route=%2Fwp%2Fv2%2Fcomments&post=89497"}],"version-history":[{"count":0,"href":"https:\/\/ucnoqta.az\/index.php?rest_route=\/wp\/v2\/posts\/89497\/revisions"}],"wp:featuredmedia":[{"embeddable":true,"href":"https:\/\/ucnoqta.az\/index.php?rest_route=\/wp\/v2\/media\/251278"}],"wp:attachment":[{"href":"https:\/\/ucnoqta.az\/index.php?rest_route=%2Fwp%2Fv2%2Fmedia&parent=89497"}],"wp:term":[{"taxonomy":"category","embeddable":true,"href":"https:\/\/ucnoqta.az\/index.php?rest_route=%2Fwp%2Fv2%2Fcategories&post=89497"},{"taxonomy":"post_tag","embeddable":true,"href":"https:\/\/ucnoqta.az\/index.php?rest_route=%2Fwp%2Fv2%2Ftags&post=89497"}],"curies":[{"name":"wp","href":"https:\/\/api.w.org\/{rel}","templated":true}]}}