{"id":89496,"date":"2019-12-06T14:29:55","date_gmt":"2019-12-06T10:29:55","guid":{"rendered":""},"modified":"-0001-11-30T00:00:00","modified_gmt":"-0001-11-29T20:00:00","slug":"","status":"publish","type":"post","link":"https:\/\/ucnoqta.az\/?p=89496","title":{"rendered":"Yunis S\u0259f\u0259rovun cinay\u0259t i\u015fi m\u0259hk\u0259m\u0259y\u0259 g\u00f6nd\u0259rilib"},"content":{"rendered":"<p>2018-ci ilin iyulun 3-d\u0259&nbsp;Yunis S\u0259f\u0259rovun xarici d&ouml;vl\u0259tl\u0259rd\u0259 f\u0259aliyy\u0259t g&ouml;st\u0259r\u0259n radikal dini dair\u0259l\u0259ri t\u0259msil ed\u0259n m&uuml;t\u0259\u015f\u0259kkil d\u0259st\u0259 t\u0259rkibind\u0259 G\u0259nc\u0259 \u015f\u0259h\u0259rind\u0259 \u015f\u0259h\u0259r \u0130cra Hakimiyy\u0259tinin ba\u015f&ccedil;\u0131s\u0131 v\u0259 polis \u0259m\u0259kda\u015f\u0131na qar\u015f\u0131 \u0259vv\u0259lc\u0259d\u0259n planla\u015fd\u0131r\u0131lm\u0131\u015f terror akt\u0131 olmaqla Az\u0259rbaycan Respublikas\u0131n\u0131n Konstitusiya qurulu\u015funun zorla d\u0259yi\u015fdirilm\u0259sin\u0259, \u015f\u0259ri\u0259t qanunlar\u0131na \u0259saslanan idar\u0259 &uuml;sulunun t\u0259\u015fkilin\u0259 y&ouml;n\u0259l\u0259n terror&ccedil;uluq, qanunvericilikl\u0259 n\u0259z\u0259rd\u0259 tutulmayan sabit silahl\u0131 qrupun yarad\u0131lmas\u0131na, &ouml;lk\u0259mizin h&uuml;dudlar\u0131ndan k\u0259narda silahl\u0131 birl\u0259\u015fm\u0259l\u0259rd\u0259 t\u0259lim ke&ccedil;ilm\u0259si, &ccedil;oxsayl\u0131 odlu silah, d&ouml;y&uuml;\u015f sursat\u0131 v\u0259 partlay\u0131c\u0131 qur\u011fular\u0131n quldurluq v\u0259 dig\u0259r qanunsuz yollarla \u0259l\u0259 ke&ccedil;iril\u0259r\u0259k saxlan\u0131lmas\u0131, polis \u0259m\u0259kda\u015flar\u0131n\u0131n a\u011f\u0131rla\u015fd\u0131r\u0131c\u0131 hallarda q\u0259sd\u0259n &ouml;ld&uuml;r&uuml;lm\u0259sin\u0259 c\u0259hd edilm\u0259si, ayr\u0131-ayr\u0131 v\u0259zif\u0259li \u015f\u0259xsl\u0259rin d&ouml;vl\u0259t xadiml\u0259ri kimi xidm\u0259ti f\u0259aliyy\u0259tl\u0259rin\u0259 son qoymaq v\u0259 bu f\u0259aliyy\u0259t\u0259 g&ouml;r\u0259 qisas almaq m\u0259qs\u0259dil\u0259 terror aktlar\u0131na haz\u0131rl\u0131q, d&ouml;vl\u0259t \u0259leyhin\u0259 a&ccedil;\u0131q &ccedil;a\u011f\u0131r\u0131\u015flar v\u0259 t&ouml;r\u0259tdikl\u0259ri sair a\u011f\u0131r v\u0259 x&uuml;susil\u0259 a\u011f\u0131r cinay\u0259t \u0259m\u0259ll\u0259rin\u0259 g&ouml;r\u0259 Ba\u015f Prokurorlu\u011fun A\u011f\u0131r cinay\u0259tl\u0259r\u0259 dair i\u015fl\u0259r &uuml;zr\u0259 istintaq idar\u0259sind\u0259 ba\u015flanm\u0131\u015f cinay\u0259t i\u015finin istintaq\u0131 ba\u015fa &ccedil;atd\u0131r\u0131l\u0131b.<\/p>\n<p>&nbsp;Ba\u015f Prokurorlu\u011fun m\u0259tbuat xidm\u0259tind\u0259n Ucnoqta.az-a veril\u0259n m\u0259lumata g&ouml;r\u0259, Daxili \u0130\u015fl\u0259r Nazirliyi, D&ouml;vl\u0259t T\u0259hl&uuml;k\u0259sizliyi Xidm\u0259ti v\u0259 Ba\u015f Prokurorlu\u011fun \u0259m\u0259kda\u015flar\u0131ndan ibar\u0259t birg\u0259 istintaq-\u0259m\u0259liyyat qrupu t\u0259r\u0259find\u0259n cinay\u0259t i\u015fi &uuml;zr\u0259 &ccedil;oxsayl\u0131 istintaq h\u0259r\u0259k\u0259tl\u0259ri apar\u0131lmaqla Y.S\u0259f\u0259rov da daxil olmaqla m&uuml;t\u0259\u015f\u0259kkil d\u0259st\u0259nin 12 &uuml;zv&uuml; bar\u0259sind\u0259 istintaq yekunla\u015fd\u0131r\u0131laraq dekabr\u0131n 5-d\u0259&nbsp;bax\u0131lmas\u0131 &uuml;&ccedil;&uuml;n G\u0259nc\u0259 A\u011f\u0131r Cinay\u0259tl\u0259r M\u0259hk\u0259m\u0259sin\u0259 g&ouml;nd\u0259rilib.<\/p>\n<p>Cinay\u0259t t\u0259qibi orqan\u0131ndan qa&ccedil;\u0131b &ouml;lk\u0259 h&uuml;dudlar\u0131ndan k\u0259narda gizl\u0259n\u0259n 11 n\u0259f\u0259r bar\u0259sind\u0259 is\u0259 beyn\u0259lxalq axtar\u0131\u015f elan olunmaqla bar\u0259l\u0259rind\u0259 z\u0259ruri istintaq v\u0259 \u0259m\u0259liyyat-axtar\u0131\u015f t\u0259dbirl\u0259ri davam etdirilir.<\/p>\n","protected":false},"excerpt":{"rendered":"<p>2018-ci ilin iyulun 3-d\u0259&nbsp;Yunis S\u0259f\u0259rovun xarici d&ouml;vl\u0259tl\u0259rd\u0259 f\u0259aliyy\u0259t g&ouml;st\u0259r\u0259n radikal dini dair\u0259l\u0259ri t\u0259msil ed\u0259n m&uuml;t\u0259\u015f\u0259kkil d\u0259st\u0259 t\u0259rkibind\u0259 G\u0259nc\u0259 \u015f\u0259h\u0259rind\u0259 \u015f\u0259h\u0259r \u0130cra Hakimiyy\u0259tinin ba\u015f&ccedil;\u0131s\u0131 v\u0259 polis \u0259m\u0259kda\u015f\u0131na qar\u015f\u0131 \u0259vv\u0259lc\u0259d\u0259n planla\u015fd\u0131r\u0131lm\u0131\u015f terror&hellip;<\/p>\n","protected":false},"author":1,"featured_media":251278,"comment_status":"open","ping_status":"open","sticky":false,"template":"","format":"standard","meta":{"_lmt_disableupdate":"","_lmt_disable":"","footnotes":""},"categories":[],"tags":[],"class_list":["post-89496","post","type-post","status-publish","format-standard","has-post-thumbnail","hentry"],"_links":{"self":[{"href":"https:\/\/ucnoqta.az\/index.php?rest_route=\/wp\/v2\/posts\/89496","targetHints":{"allow":["GET"]}}],"collection":[{"href":"https:\/\/ucnoqta.az\/index.php?rest_route=\/wp\/v2\/posts"}],"about":[{"href":"https:\/\/ucnoqta.az\/index.php?rest_route=\/wp\/v2\/types\/post"}],"author":[{"embeddable":true,"href":"https:\/\/ucnoqta.az\/index.php?rest_route=\/wp\/v2\/users\/1"}],"replies":[{"embeddable":true,"href":"https:\/\/ucnoqta.az\/index.php?rest_route=%2Fwp%2Fv2%2Fcomments&post=89496"}],"version-history":[{"count":0,"href":"https:\/\/ucnoqta.az\/index.php?rest_route=\/wp\/v2\/posts\/89496\/revisions"}],"wp:featuredmedia":[{"embeddable":true,"href":"https:\/\/ucnoqta.az\/index.php?rest_route=\/wp\/v2\/media\/251278"}],"wp:attachment":[{"href":"https:\/\/ucnoqta.az\/index.php?rest_route=%2Fwp%2Fv2%2Fmedia&parent=89496"}],"wp:term":[{"taxonomy":"category","embeddable":true,"href":"https:\/\/ucnoqta.az\/index.php?rest_route=%2Fwp%2Fv2%2Fcategories&post=89496"},{"taxonomy":"post_tag","embeddable":true,"href":"https:\/\/ucnoqta.az\/index.php?rest_route=%2Fwp%2Fv2%2Ftags&post=89496"}],"curies":[{"name":"wp","href":"https:\/\/api.w.org\/{rel}","templated":true}]}}