{"id":89486,"date":"2019-12-06T21:49:48","date_gmt":"2019-12-06T17:49:48","guid":{"rendered":""},"modified":"-0001-11-30T00:00:00","modified_gmt":"-0001-11-29T20:00:00","slug":"","status":"publish","type":"post","link":"https:\/\/ucnoqta.az\/?p=89486","title":{"rendered":"Prezident \u0130lham \u018fliyev v\u0259 birinci xan\u0131m Mehriban \u018fliyeva \u015eamax\u0131da a\u011fac \u0259kdil\u0259r- <font color=red><b>(Yenil\u0259nib)<\/b><\/font>"},"content":{"rendered":"<p><strong>Az\u0259rbaycan Respublikas\u0131n\u0131n Prezidenti \u0130lham \u018fliyev v\u0259 birinci xan\u0131m Mehriban \u018fliyeva dekabr\u0131n 6-da Az\u0259rbaycan\u0131n filosof \u015fairi \u0130mad\u0259ddin N\u0259siminin 650 illik yubileyi m&uuml;nasib\u0259til\u0259 m&uuml;t\u0259f\u0259kkirin anadan oldu\u011fu \u015eamax\u0131 rayonunda ke&ccedil;iril\u0259n a\u011fac\u0259km\u0259 aksiyas\u0131nda i\u015ftirak edibl\u0259r.<\/strong><\/p>\n<p>Az\u0259rbaycan\u0131n birinci xan\u0131m\u0131 Mehriban \u018fliyevan\u0131n t\u0259\u015f\u0259bb&uuml;s&uuml; il\u0259 ke&ccedil;iril\u0259n bu aksiya &ccedil;\u0259r&ccedil;iv\u0259sind\u0259 bir g&uuml;nd\u0259 &ouml;lk\u0259mizd\u0259 650 min a\u011fac \u0259kilib.<br \/>\nD&ouml;vl\u0259t&nbsp;ba\u015f&ccedil;\u0131s\u0131na v\u0259 birinci xan\u0131ma aksiya bar\u0259d\u0259 m\u0259lumat ver\u0259n Ekologiya v\u0259 T\u0259bii S\u0259rv\u0259tl\u0259r naziri Muxtar Babayev deyib: Mehriban xan\u0131m\u0131n t\u0259\u015f\u0259bb&uuml;s&uuml;n\u0259 \u0259sas\u0259n b&uuml;t&uuml;n respublika &uuml;zr\u0259 bir g&uuml;nd\u0259 650 min a\u011fac\u0131n \u0259kilm\u0259si il\u0259 ba\u011fl\u0131 b&ouml;y&uuml;k bir aksiyaya ba\u015flam\u0131\u015f\u0131q. A\u011faclar\u0131n ham\u0131s\u0131 yerli tinglikl\u0259rd\u0259 yeti\u015fdirilib v\u0259 respublikan\u0131n b&uuml;t&uuml;n rayonlar\u0131n\u0131n sifari\u015fl\u0259ri &uuml;zr\u0259 paylan\u0131l\u0131bd\u0131r.<\/p>\n<p><strong>Prezident \u0130lham \u018fliyev:<\/strong>&nbsp;\u015eamax\u0131da ne&ccedil;\u0259 min a\u011fac \u0259kilir?<br \/>\n<strong>Muxtar Babayev:&nbsp;<\/strong>\u015eamax\u0131da 50 min. Bak\u0131da, Nax&ccedil;\u0131vanda, Sabirabad v\u0259 Saatl\u0131 rayonlar\u0131n\u0131n h\u0259r birind\u0259 d\u0259 50 min a\u011fac \u0259kil\u0259c\u0259k.<\/p>\n<p><strong>Prezident \u0130lham \u018fliyev:&nbsp;<\/strong>\u015eamax\u0131da ne&ccedil;\u0259 yerd\u0259 a\u011fac \u0259kilir, ancaq burada?<\/p>\n<p><strong>Muxtar Babayev:<\/strong>&nbsp;\u015eamax\u0131da 10-12 yerd\u0259 \u0259kilir. Bizim aksiyam\u0131z\u0131n ke&ccedil;irildiyi \u0259razi 5 hektard\u0131r.<\/p>\n<p><strong>Prezident \u0130lham \u018fliyev:&nbsp;<\/strong>Hans\u0131 a\u011faclar \u0259kilir?<\/p>\n<p><strong>Muxtar Babayev:<\/strong>&nbsp;Burada \u0259sas\u0259n tuya v\u0259 Eldar \u015fam\u0131. Amma b&uuml;t&ouml;vl&uuml;kd\u0259 38 n&ouml;v a\u011fac paylan\u0131l\u0131bd\u0131r. \u018fsas\u0259n meyv\u0259 a\u011faclar\u0131d\u0131r ki, insanlar h\u0259m d\u0259 meyv\u0259 g&ouml;t&uuml;rs&uuml;nl\u0259r.<\/p>\n<p><strong>Prezident \u0130lham \u018fliyev:<\/strong>&nbsp;A\u011faclar b&ouml;lg\u0259l\u0259rin iqlimin\u0259 uy\u011fun olmal\u0131d\u0131r.<\/p>\n<p><strong>Muxtar Babayev:&nbsp;<\/strong>\u018flb\u0259tt\u0259, n\u0259z\u0259r\u0259 alm\u0131\u015f\u0131q.<\/p>\n<p><strong>Prezident \u0130lham \u018fliyev:&nbsp;<\/strong>Ab\u015feronda y\u0259qin ki, zeytun \u0259kilir?<\/p>\n<p><strong>Muxtar Babayev:<\/strong>&nbsp;Ab\u015feronda \u0259sas\u0259n zeytundur, badamd\u0131r. Burada is\u0259 \u0259sas\u0259n Eldar \u015fam\u0131d\u0131r. \u018fkil\u0259n a\u011faclar \u0259sas\u0259n damc\u0131 &uuml;sulu il\u0259 suvar\u0131lacaq. Bu sistem art\u0131q Sabirabadda, \u015eamax\u0131da qurulur. Dig\u0259rl\u0259rind\u0259 a\u011faclar h\u0259l\u0259 ki \u0259n\u0259n\u0259vi &uuml;sulla suvar\u0131lacaq.<\/p>\n<p><strong>Prezident \u0130lham \u018fliyev:<\/strong>&nbsp;Ancaq qulluq etm\u0259k laz\u0131md\u0131r. M\u0259n g\u0259l\u0259nd\u0259 g&ouml;rd&uuml;m ki, yolboyu \u0259kilmi\u015f b\u0259zi a\u011faclar quruyub.<\/p>\n<p><strong>Muxtar Babayev:&nbsp;<\/strong>Quruyan a\u011faclar\u0131n ham\u0131s\u0131 m&uuml;tl\u0259q d\u0259yi\u015fdiril\u0259c\u0259k, onlara qulluq olunacaq. &Uuml;mumiyy\u0259tl\u0259, aksiya s\u0259h\u0259r tezd\u0259n ba\u015flay\u0131b. Bir ne&ccedil;\u0259 g&uuml;nd&uuml;r haz\u0131rl\u0131q i\u015fl\u0259ri g&ouml;r&uuml;l&uuml;bd&uuml;r. B&uuml;t&uuml;n rayonlarda bu i\u015fl\u0259r &ccedil;ox b&ouml;y&uuml;k \u0259hval-ruhiyy\u0259 il\u0259 g&ouml;r&uuml;l&uuml;r v\u0259 g&uuml;n&uuml;n sonuna bizim hesabat\u0131m\u0131z olacaq.<\/p>\n<p><strong>Prezident \u0130lham \u018fliyev:<\/strong>&nbsp;&Ccedil;ox yax\u015f\u0131.<\/p>\n<p>Prezident \u0130lham \u018fliyev v\u0259 birinci xan\u0131m Mehriban \u018fliyeva a\u011fac \u0259kibl\u0259r.<\/p>\n<p>Sonra d&ouml;vl\u0259t ba\u015f&ccedil;\u0131s\u0131 v\u0259 birinci xan\u0131m aksiyada i\u015ftirak ed\u0259n g\u0259ncl\u0259rl\u0259 xatir\u0259 \u015f\u0259kill\u0259ri &ccedil;\u0259kdiribl\u0259r.<\/p>\n<p>Qeyd ed\u0259k ki, dahi Az\u0259rbaycan \u015fairi \u0130mad\u0259ddin N\u0259siminin 650 illik yubileyi m&uuml;nasib\u0259til\u0259 respublikam\u0131z\u0131n b&uuml;t&uuml;n \u0259razisini \u0259hat\u0259 ed\u0259n a\u011fac\u0259km\u0259 aksiyas\u0131 &ccedil;\u0259r&ccedil;iv\u0259sind\u0259 &uuml;mumilikd\u0259 83 \u015f\u0259h\u0259r v\u0259 rayonda 38 n&ouml;vd\u0259 650 min a\u011fac \u0259kilib. Aksiya il\u0259 \u0259laq\u0259dar Ekologiya v\u0259 T\u0259bii S\u0259rv\u0259tl\u0259r Nazirliyi a\u011faclar\u0131n \u0259kil\u0259c\u0259yi \u0259razil\u0259rin elektron x\u0259rit\u0259sini haz\u0131rlay\u0131b. \u015e\u0259h\u0259r v\u0259 rayon icra hakimiyy\u0259tl\u0259ri t\u0259r\u0259find\u0259n \u0259razil\u0259rd\u0259 m&uuml;vafiq haz\u0131rl\u0131q i\u015fl\u0259ri g&ouml;r&uuml;l&uuml;b. \u018fkil\u0259c\u0259k a\u011faclar\u0131n bec\u0259rilm\u0259sind\u0259 damc\u0131l\u0131 suvarma sistemind\u0259n v\u0259 suvarma kanallar\u0131ndan istifad\u0259 olunacaq.<\/p>\n<p>\u015eamax\u0131 rayonundak\u0131 a\u011fac\u0259km\u0259 aksiyas\u0131nda 50 min\u0259d\u0259k a\u011fac \u0259kilib. \u015eamax\u0131 \u015f\u0259h\u0259rinin giri\u015find\u0259ki \u0259razid\u0259 ke&ccedil;iril\u0259n aksiyada is\u0259 5 min a\u011fac \u0259kilib. Bu \u0259razinin relyefin\u0259 uy\u011fun olaraq burada \u0259sas\u0259n tuya v\u0259 Eldar \u015fam\u0131 \u0259kilib. Burada \u0259kil\u0259n a\u011faclar il\u0259 &ldquo;N\u0259simi 650&rdquo; yaz\u0131s\u0131 formala\u015fd\u0131r\u0131lacaq. Aksiyada 300-d\u0259k \u015famax\u0131l\u0131 g\u0259nc v\u0259 k&ouml;n&uuml;ll&uuml; il\u0259 yana\u015f\u0131, IDEA \u0130ctimai Birliyinin v\u0259 Heyd\u0259r \u018fliyev Fondunun Regional \u0130nki\u015faf \u0130ctimai Birliyinin &uuml;zvl\u0259ri v\u0259 k&ouml;n&uuml;ll&uuml;l\u0259ri d\u0259 f\u0259al i\u015ftirak edibl\u0259r.<\/p>\n<p>&nbsp;<\/p>\n<p>***12:49<\/p>\n<p><strong>Az\u0259rbaycan Respublikas\u0131n\u0131n Prezidenti \u0130lham \u018fliyev v\u0259 birinci xan\u0131m Mehriban \u018fliyeva dekabr\u0131n 6-da \u015eamax\u0131 rayonunda ke&ccedil;iril\u0259n a\u011fac\u0259km\u0259 aksiyas\u0131nda i\u015ftirak edibl\u0259r.<\/strong><\/p>\n<p>Bu bar\u0259d\u0259 Prezidentin M\u0259tbuat xidm\u0259tind\u0259n m\u0259lumat verilib.<br \/>\nEkologiya v\u0259 T\u0259bii s\u0259rv\u0259tl\u0259r naziri Muxtar Babayev aksiya bar\u0259d\u0259 d&ouml;vl\u0259timizin ba\u015f&ccedil;\u0131s\u0131na v\u0259 birinci xan\u0131ma m\u0259lumat verdi.<\/p>\n<p>Bildirildi ki, dahi Az\u0259rbaycan \u015fairi \u0130mad\u0259ddin N\u0259siminin 650 illik yubileyi m&uuml;nasib\u0259til\u0259 respublikam\u0131z\u0131n b&uuml;t&uuml;n \u0259razisini \u0259hat\u0259 ed\u0259n a\u011fac\u0259km\u0259 aksiyas\u0131 &ccedil;\u0259r&ccedil;iv\u0259sind\u0259 &uuml;mumilikd\u0259 83 \u015f\u0259h\u0259r v\u0259 rayonda 37 n&ouml;vd\u0259 650 min a\u011fac\u0131n \u0259kilm\u0259si n\u0259z\u0259rd\u0259 tutulur. A\u011faclar\u0131n ham\u0131s\u0131 Ekologiya v\u0259 T\u0259bii S\u0259rv\u0259tl\u0259r Nazirliyinin tinglik t\u0259s\u0259rr&uuml;fatlar\u0131nda yeti\u015fdirilib. Aksiya il\u0259 \u0259laq\u0259dar Ekologiya v\u0259 T\u0259bii S\u0259rv\u0259tl\u0259r Nazirliyi t\u0259r\u0259find\u0259n a\u011faclar\u0131n \u0259kil\u0259c\u0259yi \u0259razil\u0259rin elektron x\u0259rit\u0259si haz\u0131rlan\u0131b. \u015e\u0259h\u0259r v\u0259 rayon icra hakimiyy\u0259tl\u0259ri t\u0259r\u0259find\u0259n \u0259razil\u0259rd\u0259 m&uuml;vafiq haz\u0131rl\u0131q i\u015fl\u0259ri g&ouml;r&uuml;l&uuml;b. \u018fkil\u0259c\u0259k a\u011faclar\u0131n bec\u0259rilm\u0259sind\u0259 damc\u0131l\u0131 suvarma sistemind\u0259n v\u0259 suvarma kanallar\u0131ndan istifad\u0259 olunacaq.<\/p>\n<p>Qeyd edildi ki, \u015eamax\u0131 rayonundak\u0131 a\u011fac\u0259km\u0259 aksiyas\u0131nda 50 min\u0259d\u0259k a\u011fac\u0131n \u0259kilm\u0259si n\u0259z\u0259rd\u0259 tutulub. \u015eamax\u0131 \u015f\u0259h\u0259rinin giri\u015find\u0259ki \u0259razid\u0259 ke&ccedil;iril\u0259n aksiyada is\u0259 5 min a\u011fac \u0259kilib. Bu \u0259razinin relyefin\u0259 uy\u011fun olaraq burada \u0259sas\u0259n tuya v\u0259 Eldar \u015fam\u0131 a\u011faclar\u0131 \u0259kilib. Burada \u0259kil\u0259n a\u011faclar il\u0259 &quot;N\u0259simi 650&quot; yaz\u0131s\u0131 formala\u015fd\u0131r\u0131lacaq. Aksiyada 300-d\u0259k \u015famax\u0131l\u0131 g\u0259nc v\u0259 k&ouml;n&uuml;ll&uuml; il\u0259 yana\u015f\u0131, IDEA \u0130ctimai Birliyinin v\u0259 Heyd\u0259r \u018fliyev Fondunun Regional \u0130nki\u015faf \u0130ctimai Birliyinin &uuml;zvl\u0259ri d\u0259 f\u0259al i\u015ftirak edibl\u0259r.<\/p>\n<p>Prezident \u0130lham \u018fliyev v\u0259 birinci xan\u0131m Mehriban \u018fliyeva a\u011fac \u0259kdil\u0259r.<\/p>\n<p>Sonda Prezident \u0130lham \u018fliyev v\u0259 birinci xan\u0131m Mehriban \u018fliyeva aksiyada i\u015ftirak ed\u0259n g\u0259ncl\u0259rl\u0259 xatir\u0259 \u015f\u0259kill\u0259ri &ccedil;\u0259kdirdil\u0259r.<\/p>\n","protected":false},"excerpt":{"rendered":"<p>Az\u0259rbaycan Respublikas\u0131n\u0131n Prezidenti \u0130lham \u018fliyev v\u0259 birinci xan\u0131m Mehriban \u018fliyeva dekabr\u0131n 6-da Az\u0259rbaycan\u0131n filosof \u015fairi \u0130mad\u0259ddin N\u0259siminin 650 illik yubileyi m&uuml;nasib\u0259til\u0259 m&uuml;t\u0259f\u0259kkirin anadan oldu\u011fu \u015eamax\u0131 rayonunda ke&ccedil;iril\u0259n a\u011fac\u0259km\u0259 aksiyas\u0131nda i\u015ftirak&hellip;<\/p>\n","protected":false},"author":1,"featured_media":251278,"comment_status":"open","ping_status":"open","sticky":false,"template":"","format":"standard","meta":{"_lmt_disableupdate":"","_lmt_disable":"","footnotes":""},"categories":[],"tags":[],"class_list":["post-89486","post","type-post","status-publish","format-standard","has-post-thumbnail","hentry"],"_links":{"self":[{"href":"https:\/\/ucnoqta.az\/index.php?rest_route=\/wp\/v2\/posts\/89486","targetHints":{"allow":["GET"]}}],"collection":[{"href":"https:\/\/ucnoqta.az\/index.php?rest_route=\/wp\/v2\/posts"}],"about":[{"href":"https:\/\/ucnoqta.az\/index.php?rest_route=\/wp\/v2\/types\/post"}],"author":[{"embeddable":true,"href":"https:\/\/ucnoqta.az\/index.php?rest_route=\/wp\/v2\/users\/1"}],"replies":[{"embeddable":true,"href":"https:\/\/ucnoqta.az\/index.php?rest_route=%2Fwp%2Fv2%2Fcomments&post=89486"}],"version-history":[{"count":0,"href":"https:\/\/ucnoqta.az\/index.php?rest_route=\/wp\/v2\/posts\/89486\/revisions"}],"wp:featuredmedia":[{"embeddable":true,"href":"https:\/\/ucnoqta.az\/index.php?rest_route=\/wp\/v2\/media\/251278"}],"wp:attachment":[{"href":"https:\/\/ucnoqta.az\/index.php?rest_route=%2Fwp%2Fv2%2Fmedia&parent=89486"}],"wp:term":[{"taxonomy":"category","embeddable":true,"href":"https:\/\/ucnoqta.az\/index.php?rest_route=%2Fwp%2Fv2%2Fcategories&post=89486"},{"taxonomy":"post_tag","embeddable":true,"href":"https:\/\/ucnoqta.az\/index.php?rest_route=%2Fwp%2Fv2%2Ftags&post=89486"}],"curies":[{"name":"wp","href":"https:\/\/api.w.org\/{rel}","templated":true}]}}