{"id":89483,"date":"2019-12-06T23:06:24","date_gmt":"2019-12-06T19:06:24","guid":{"rendered":""},"modified":"-0001-11-30T00:00:00","modified_gmt":"-0001-11-29T20:00:00","slug":"","status":"publish","type":"post","link":"https:\/\/ucnoqta.az\/?p=89483","title":{"rendered":"Prezident v\u0259 birinci xan\u0131m \u015eahx\u0259ndan t\u00fcrb\u0259sind\u0259- <font color=red><b>Foto (Yenil\u0259nib)<\/b><\/font>"},"content":{"rendered":"<p><strong>Az\u0259rbaycan Respublikas\u0131n\u0131n Prezidenti \u0130lham \u018fliyev v\u0259 birinci xan\u0131m Mehriban \u018fliyeva dekabr\u0131n 6-da \u015eamax\u0131da \u015eahx\u0259ndan t&uuml;rb\u0259sinin \u0259traf\u0131nda apar\u0131lan abadl\u0131q i\u015fl\u0259ri il\u0259 tan\u0131\u015f olublar.<\/strong><\/p>\n<p>\u015eamax\u0131 Rayon \u0130cra Hakimiyy\u0259tinin ba\u015f&ccedil;\u0131s\u0131&nbsp;Tahir M\u0259mm\u0259dov&nbsp;d&ouml;vl\u0259timizin ba\u015f&ccedil;\u0131s\u0131na v\u0259 birinci xan\u0131ma q\u0259biristanl\u0131qda v\u0259 t&uuml;rb\u0259d\u0259 apar\u0131lan abadl\u0131q, b\u0259rpa v\u0259 t\u0259mir i\u015fl\u0259ri bar\u0259d\u0259 m\u0259lumat ver\u0259r\u0259k dedi:<\/p>\n<p>&#8211; C\u0259nab Prezident, &uuml;mumilikd\u0259 bu, N\u0259siminin qarda\u015f\u0131 \u015eahi X\u0259ndan\u0131n xatir\u0259sin\u0259 \u015eahx\u0259ndan q\u0259biristanl\u0131\u011f\u0131 adlan\u0131r. Q\u0259biristanl\u0131qdak\u0131 bu \u0259razi k\u0259narda g&ouml;rd&uuml;y&uuml;n&uuml;z m\u0259h\u0259cc\u0259rl\u0259rl\u0259 h&ouml;r&uuml;l&uuml; idi. Biz \u0259hali il\u0259 f\u0259rdi s&ouml;hb\u0259t apard\u0131q, xahi\u015f etdik, icaz\u0259 ald\u0131q, m\u0259h\u0259cc\u0259rl\u0259ri s&ouml;kd&uuml;k v\u0259 \u0259razini abadla\u015fd\u0131rd\u0131q.<\/p>\n<p><strong>Prezident \u0130lham \u018fliyev:<\/strong>&nbsp;G&ouml;r&uuml;r\u0259m, abadla\u015fd\u0131r\u0131l\u0131b, q\u0259dim m\u0259zarlard\u0131r.<br \/>\n<strong>Tahir M\u0259mm\u0259dov:<\/strong>&nbsp;Bunlar q\u0259dim m\u0259zarlard\u0131r. Bu m\u0259zarlar\u0131n ham\u0131s\u0131n\u0131 torpa\u011f\u0131n alt\u0131ndan &ccedil;\u0131xartd\u0131q.<\/p>\n<p><strong>Prezident \u0130lham \u018fliyev:<\/strong>&nbsp;Ne&ccedil;\u0259nci \u0259sr\u0259 aiddir?<\/p>\n<p><strong>Tahir M\u0259mm\u0259dov:&nbsp;<\/strong>&Uuml;mumilikd\u0259 \u015eahi X\u0259ndan\u0131n q\u0259bri XIV \u0259sr\u0259 aiddir v\u0259 bu q\u0259biristanl\u0131q o d&ouml;vrd\u0259n m&ouml;vcuddur.<\/p>\n<p><strong>Prezident \u0130lham \u018fliyev:<\/strong>&nbsp;\u015e\u0259h\u0259r q\u0259biristanl\u0131\u011f\u0131 kimi istifad\u0259 olunur?<\/p>\n<p><strong>Tahir M\u0259mm\u0259dov:<\/strong>&nbsp;B\u0259li, h\u0259l\u0259 d\u0259 istifad\u0259 olunur. \u018flav\u0259 yerl\u0259r var. \u015eamax\u0131da bu c&uuml;r iki b&ouml;y&uuml;k q\u0259dim q\u0259biristanl\u0131q var. Bu, v\u0259 Yeddi g&uuml;nb\u0259z q\u0259biristanl\u0131\u011f\u0131, hans\u0131nda ki \u015fah\u0131n ail\u0259 &uuml;zvl\u0259ri d\u0259fn olunubdur. Abadl\u0131q i\u015fl\u0259rind\u0259n sonra burada bel\u0259 bir geni\u015flik yaran\u0131b.<\/p>\n<p><strong>Prezident \u0130lham \u018fliyev:<\/strong>&nbsp;G&ouml;r&uuml;r\u0259m, bu \u0259raziy\u0259 \u0259l g\u0259zdirilib.<\/p>\n<p><strong>Tahir M\u0259mm\u0259dov:<\/strong> Biz indi f\u0259rdi \u015f\u0259kild\u0259 s&ouml;hb\u0259t apar\u0131r\u0131q ki, b&uuml;t&uuml;n bu m\u0259h\u0259cc\u0259rl\u0259ri \u0259razid\u0259n g&ouml;t&uuml;r\u0259k v\u0259 \u0259razi bu c&uuml;r a&ccedil;\u0131ls\u0131n. Arxada da &ccedil;ox q\u0259dim q\u0259birl\u0259r var, turistl\u0259r rahat ke&ccedil;ib oraya da baxa bilsinl\u0259r. Buraya xaricd\u0259n &ccedil;ox turist g\u0259lir v\u0259 buran\u0131n energetikas\u0131 &uuml;&ccedil;&uuml;n bu binaya toxunurlar, g\u0259zirl\u0259r.<\/p>\n<p>C\u0259nab Prezident, g\u0259ldiyimiz bu yol \u0259vv\u0259lc\u0259 asfalt idi. Abid\u0259nin t\u0259xmin\u0259n m&uuml;\u0259yy\u0259n hiss\u0259si g&ouml;rd&uuml;y&uuml;m&uuml;z h&uuml;nd&uuml;rl&uuml;kd\u0259 torpaqla &ouml;rt&uuml;l&uuml; idi. Biz avstriyal\u0131 b\u0259rpa&ccedil;\u0131-memar Erik Pumerin t&ouml;vsiy\u0259l\u0259ri v\u0259 onun t\u0259limat\u0131 \u0259sas\u0131nda bu i\u015fl\u0259ri apard\u0131q, Heyd\u0259r \u018fliyev Fondunun d\u0259st\u0259yi il\u0259. Birinci t\u0259limat bundan ibar\u0259t idi ki, biz abid\u0259ni sudan azad etm\u0259liyik v\u0259 bura g&ouml;rd&uuml;y&uuml;m&uuml;z s\u0259viyy\u0259y\u0259 &#8211; abid\u0259nin b&uuml;n&ouml;vr\u0259sind\u0259n d\u0259 a\u015fa\u011f\u0131ya q\u0259d\u0259r qaz\u0131ld\u0131.<\/p>\n<p><strong>Prezident \u0130lham \u018fliyev:<\/strong>&nbsp;Qap\u0131n\u0131n da bir hiss\u0259sini torpaq &ouml;rtm&uuml;\u015fd&uuml;.<\/p>\n<p><strong>Tahir M\u0259mm\u0259dov:<\/strong>&nbsp;B\u0259li, &ouml;rtm&uuml;\u015fd&uuml; v\u0259 &ccedil;&ouml;ld\u0259n sular i&ccedil;\u0259ri s\u0131z\u0131rd\u0131 v\u0259 orada r&uuml;tub\u0259t &ccedil;ox idi. Ona g&ouml;r\u0259 binan\u0131n tam konservasiyas\u0131na q\u0259d\u0259r t\u0259limat &uuml;zr\u0259 &uuml;st&uuml;n&uuml; bel\u0259 &ouml;rt&uuml;l&uuml; saxlayaca\u011f\u0131q. Konservasiya olunana q\u0259d\u0259r da\u015flar\u0131n i&ccedil;i qurumal\u0131d\u0131r. T&uuml;rb\u0259nin i&ccedil;i havaland\u0131rma sistemi il\u0259 qurudulur. Binan\u0131n \u0259traf\u0131nda torpaq u&ccedil;qunlar\u0131n\u0131n qar\u015f\u0131s\u0131n\u0131 almaq &uuml;&ccedil;&uuml;n istinad divarlar\u0131 h&ouml;r&uuml;ld&uuml;. Memarlar\u0131n t\u0259klifi il\u0259 biz binan\u0131n eskizini turistl\u0259r &uuml;&ccedil;&uuml;n \u0259yani olsun dey\u0259 s\u0259kkiz gu\u015f\u0259li ulduz formas\u0131nda yer\u0259 h\u0259kk etdik.<\/p>\n<p><strong>Prezident \u0130lham \u018fliyev:<\/strong>&nbsp;Y\u0259ni, bu, binan\u0131n yuxar\u0131dan g&ouml;r&uuml;n&uuml;\u015f&uuml;d&uuml;r.<\/p>\n<p><strong>Tahir M\u0259mm\u0259dov:<\/strong>&nbsp;B\u0259li, ortas\u0131 da bu c&uuml;r dair\u0259vidir.<\/p>\n<p><strong>Mehriban \u018fliyeva:<\/strong>&nbsp;Y\u0259qin ki, b\u0259rpa davam ed\u0259c\u0259k?<\/p>\n<p><strong>Tahir M\u0259mm\u0259dov:<\/strong> B\u0259li, konservasiya davam ed\u0259c\u0259k. Da\u015flar quru olmad\u0131\u011f\u0131na g&ouml;r\u0259 h\u0259l\u0259 i&ccedil;\u0259risini b\u0259rpa etm\u0259mi\u015fik.<\/p>\n<p><strong>Mehriban \u018fliyeva:<\/strong>&nbsp;Quruyandan sonra i\u015f davam ed\u0259c\u0259k?<\/p>\n<p><strong>Tahir M\u0259mm\u0259dov:&nbsp;<\/strong>B\u0259li, davam ed\u0259c\u0259k.<\/p>\n<p><strong>x x x<\/strong><\/p>\n<p>D&ouml;vl\u0259timizin ba\u015f&ccedil;\u0131s\u0131 v\u0259 birinci xan\u0131m t&uuml;rb\u0259nin i&ccedil;\u0259risin\u0259 daxil oldular.<\/p>\n<p><strong>x x x<\/strong><\/p>\n<p><strong>Mehriban \u018fliyeva:<\/strong>&nbsp;Burada bir ne&ccedil;\u0259 m\u0259zar var?<\/p>\n<p><strong>Tahir M\u0259mm\u0259dov:&nbsp;<\/strong>Burada iki m\u0259zar var. M&uuml;lahiz\u0259l\u0259r\u0259 g&ouml;r\u0259, biri N\u0259siminin qarda\u015f\u0131 \u015eahi X\u0259ndan\u0131n q\u0259bridir. Dig\u0259ri is\u0259 bir qad\u0131n\u0131n q\u0259bridir, anas\u0131n\u0131n, yaxud da onun ni\u015fanl\u0131s\u0131n\u0131n olmas\u0131 ehtimal\u0131 var.<\/p>\n<p><strong>Prezident \u0130lham \u018fliyev:<\/strong>&nbsp;Orada n\u0259 yaz\u0131ld\u0131\u011f\u0131 b\u0259llidir?<\/p>\n<p><strong>Tahir M\u0259mm\u0259dov:&nbsp;<\/strong>Haz\u0131rda bizim aliml\u0259rimiz onu ara\u015fd\u0131r\u0131rlar.<\/p>\n<p><strong>Mehriban \u018fliyeva:<\/strong>&nbsp;Yuxar\u0131 da ya\u015f\u0131ld\u0131r.<\/p>\n<p><strong>Tahir M\u0259mm\u0259dov:<\/strong>&nbsp;B\u0259li, tavan\u0131 tamamil\u0259 mam\u0131r &ouml;rtm&uuml;\u015fd&uuml;. \u0130ndi da\u015flar quruyub, g&ouml;zl\u0259 g&ouml;r&uuml;n&uuml;r. Yaza, yaya q\u0259d\u0259r qurutma prosesi davam etm\u0259lidir.<\/p>\n<p><strong>Prezident \u0130lham \u018fliyev:<\/strong>&nbsp;Bura m&uuml;hafiz\u0259 olunmal\u0131d\u0131r. G&ouml;z\u0259t&ccedil;il\u0259r var?<\/p>\n<p><strong>Tahir M\u0259mm\u0259dov:<\/strong> B\u0259li, g&ouml;z\u0259t&ccedil;il\u0259r var.<\/p>\n<p><strong>Mehriban \u018fliyeva:<\/strong> Y\u0259qin ki, m\u0259zarlar da torpa\u011f\u0131n alt\u0131nda olub, &uuml;st&uuml;n&uuml; su &ouml;rt&uuml;b.<\/p>\n<p><strong>Tahir M\u0259mm\u0259dov:<\/strong>&nbsp;Torpaqdan i&ccedil;\u0259ri daim su s\u0131z\u0131rd\u0131. Ona g&ouml;r\u0259 bu m\u0259zar da\u015flar\u0131 r&uuml;tub\u0259td\u0259n k&ouml;vr\u0259lib q\u0131r\u0131l\u0131b. H\u0259min t\u0259limat &uuml;zr\u0259 arxa t\u0259r\u0259fd\u0259, b&uuml;n&ouml;vr\u0259d\u0259n yuxar\u0131 x&uuml;susi i\u015fl\u0259r g&ouml;r&uuml;l&uuml;b. Orada he&ccedil; bir sementd\u0259n v\u0259 ba\u015fqa materialdan istifad\u0259 olunmay\u0131b.<\/p>\n<p><strong>Prezident \u0130lham \u018fliyev:<\/strong>&nbsp;Bu da s\u0259kkizgu\u015f\u0259li ulduzdur. \u0130ndi g\u0259r\u0259k aliml\u0259r g\u0259lib bu yaz\u0131lar\u0131n t\u0259rc&uuml;m\u0259sini biz\u0259 t\u0259qdim etsinl\u0259r.<\/p>\n<p><strong>Tahir M\u0259mm\u0259dov:&nbsp;<\/strong>Sovetl\u0259r d&ouml;n\u0259mind\u0259 bura bir d\u0259f\u0259 b\u0259rpa olunub. O vaxt sementd\u0259n, dig\u0259r materiallardan istifad\u0259 edibl\u0259r, hans\u0131 ki bu, uy\u011fun deyil. C\u0259nab Prezident, bu, Sizin biz\u0259 ilk tap\u015f\u0131r\u0131qlar\u0131n\u0131zdan biri idi. T\u0259bii ki, &ccedil;al\u0131\u015f\u0131r\u0131q &ccedil;ox m\u0259suliyy\u0259tl\u0259 v\u0259 h\u0259ssas yana\u015faq. Tap\u015f\u0131randa da demi\u015fdiniz ki, m&uuml;asir standartlara uy\u011fun konservasiya etm\u0259k laz\u0131md\u0131r.<\/p>\n<p><strong>Prezident \u0130lham \u018fliyev:<\/strong>&nbsp;Yax\u015f\u0131 ki, siz xarici m&uuml;t\u0259x\u0259ssisl\u0259ri bu i\u015fl\u0259r\u0259 c\u0259lb etmisiniz. Dey\u0259s\u0259n, h\u0259min \u015firk\u0259t Q\u0131z qalas\u0131n\u0131n da konservasiyas\u0131 il\u0259 m\u0259\u015f\u011ful olub?<\/p>\n<p><strong>Mehriban \u018fliyeva:<\/strong>&nbsp;B\u0259li, Avstriyan\u0131n.<\/p>\n<p><strong>x x x<\/strong><\/p>\n<p>D&ouml;vl\u0259timizin ba\u015f&ccedil;\u0131s\u0131 v\u0259 birinci xan\u0131m t&uuml;rb\u0259nin &ouml;n&uuml;nd\u0259 \u015f\u0259kil &ccedil;\u0259kdirdil\u0259r.<\/p>\n<p>x x x<\/p>\n<p>Prezident \u0130lham \u018fliyev:&nbsp;Burada da q\u0259dim m\u0259zarlar var. Turistl\u0259r buraya g\u0259lirl\u0259r?<\/p>\n<p>Tahir M\u0259mm\u0259dov:&nbsp;B\u0259li, turistl\u0259r &ccedil;ox g\u0259lirl\u0259r. N\u0259simi festival\u0131nda xaricd\u0259n N\u0259simi irsini ara\u015fd\u0131ran aliml\u0259r &ccedil;ox g\u0259lmi\u015fdil\u0259r. T&uuml;rb\u0259y\u0259 &ccedil;ox b&ouml;y&uuml;k m\u0259h\u0259bb\u0259tl\u0259, diqq\u0259tl\u0259 yana\u015fd\u0131lar.<\/p>\n<p>Prezident \u0130lham \u018fliyev:&nbsp;Bura &ccedil;ox yax\u015f\u0131 abadla\u015fd\u0131r\u0131l\u0131b.<\/p>\n<p>Tahir M\u0259mm\u0259dov:&nbsp;C\u0259nab Prezident, indi Heyd\u0259r \u018fliyev Fondunun d\u0259st\u0259yi il\u0259 \u015eamax\u0131dak\u0131 tarixi G&uuml;l&uuml;stan qalas\u0131n\u0131n b\u0259rpas\u0131 layih\u0259sinin &uuml;z\u0259rind\u0259 i\u015f gedir. Bu i\u015fi d\u0259 Avstriyadan olan b\u0259rpa&ccedil;\u0131 aliml\u0259r g&ouml;r&uuml;rl\u0259r. Art\u0131q 3D skan prosesini bitirib, indi modelini haz\u0131rlay\u0131rlar. Sonra is\u0259 b\u0259rpa prosesi n\u0259z\u0259rd\u0259 tutulur.<\/p>\n<p>x x x<\/p>\n<p>Prezident \u0130lham \u018fliyev t\u0259mir-b\u0259rpa i\u015fl\u0259rinin y&uuml;ks\u0259k s\u0259viyy\u0259d\u0259 apar\u0131lmas\u0131 il\u0259 ba\u011fl\u0131 tap\u015f\u0131r\u0131qlar\u0131n\u0131 verdi.<\/p>\n<p>12:29<\/p>\n<p><strong>Az\u0259rbaycan Respublikas\u0131n\u0131n Prezidenti \u0130lham \u018fliyev v\u0259 birinci xan\u0131m Mehriban \u018fliyeva dekabr\u0131n 6-da \u015eamax\u0131 rayonunda \u015eahx\u0259ndan t&uuml;rb\u0259sinin \u0259traf\u0131nda apar\u0131lan abadl\u0131q i\u015fl\u0259ri il\u0259 tan\u0131\u015f olublar.<\/strong><\/p>\n<p>Bu bar\u0259d\u0259 Prezidentin M\u0259tbuat xidm\u0259tind\u0259n&nbsp;m\u0259lumat verilib.<br \/>\n\u015eamax\u0131 Rayon \u0130cra Hakimiyy\u0259tinin ba\u015f&ccedil;\u0131s\u0131 Tahir M\u0259mm\u0259dov g&ouml;r&uuml;l\u0259n i\u015fl\u0259r bar\u0259d\u0259 d&ouml;vl\u0259timizin ba\u015f&ccedil;\u0131s\u0131na v\u0259 birinci xan\u0131ma m\u0259lumat verdi.<\/p>\n<p>Son ill\u0259r Az\u0259rbaycanda tarixi, m\u0259d\u0259ni, dini abid\u0259l\u0259rin b\u0259rpas\u0131 istiqam\u0259tind\u0259 \u0259h\u0259miyy\u0259tli layih\u0259l\u0259r icra olunur. Bu layih\u0259l\u0259r davaml\u0131 xarakter almaqla &uuml;mumilikd\u0259, tarixi-m\u0259d\u0259ni irsimizin qorunub-saxlan\u0131lmas\u0131nda, g\u0259l\u0259c\u0259k n\u0259sill\u0259r\u0259 &ouml;t&uuml;r&uuml;lm\u0259sind\u0259 &ccedil;ox m&uuml;h&uuml;m rol oynay\u0131r. Bu bax\u0131mdan \u015eamax\u0131da \u015eahx\u0259ndan t&uuml;rb\u0259sinin \u0259traf\u0131nda geni\u015f abadl\u0131q i\u015fl\u0259rinin apar\u0131lmas\u0131 da x&uuml;susi \u0259h\u0259miyy\u0259ti il\u0259 se&ccedil;ilir. Yax\u0131n vaxtlarda is\u0259 abid\u0259nin konservasiyas\u0131na ba\u015flanacaq.<\/p>\n<p>Milli-m\u0259n\u0259vi d\u0259y\u0259rl\u0259rimizin qorunmas\u0131 v\u0259 t\u0259bli\u011fin\u0259 x&uuml;susi &ouml;n\u0259m ver\u0259n, &ouml;lk\u0259 v\u0259 d&uuml;nya \u0259h\u0259miyy\u0259tli tarixi abid\u0259l\u0259rin b\u0259rpas\u0131, Az\u0259rbaycan m\u0259d\u0259niyy\u0259tinin xaricd\u0259 tan\u0131d\u0131lmas\u0131 sah\u0259sind\u0259 b&ouml;y&uuml;k add\u0131mlar atan Heyd\u0259r \u018fliyev Fondu t\u0259r\u0259find\u0259n &ldquo;N\u0259simi ili&rdquo; &ccedil;\u0259r&ccedil;iv\u0259sind\u0259 dahi \u015fairin qarda\u015f\u0131 \u015eahi X\u0259ndan\u0131n d\u0259fn olundu\u011fu \u015eamax\u0131 rayonundak\u0131 \u015eahx\u0259ndan q\u0259biristanl\u0131\u011f\u0131ndak\u0131 t&uuml;rb\u0259nin \u0259traf\u0131nda apar\u0131lan geni\u015f abadla\u015fd\u0131rma i\u015fl\u0259ri zaman\u0131 b&ouml;y&uuml;k hiss\u0259si torpa\u011f\u0131n alt\u0131nda qalan t&uuml;rb\u0259nin \u0259traf\u0131 qaz\u0131laraq torpaq ba\u015fqa \u0259raziy\u0259 da\u015f\u0131n\u0131b, abid\u0259d\u0259 oldu\u011fu kimi s\u0259kkizgu\u015f\u0259li d&ouml;\u015f\u0259m\u0259 sal\u0131n\u0131b, t&uuml;rb\u0259ni ziyar\u0259t ed\u0259nl\u0259rin rahatl\u0131\u011f\u0131 &uuml;&ccedil;&uuml;n h\u0259rt\u0259r\u0259fli \u015f\u0259rait yarad\u0131l\u0131b. T&uuml;rb\u0259nin \u0259traf\u0131nda t\u0259mizlik v\u0259 abadl\u0131q i\u015fl\u0259ri avstriyal\u0131 b\u0259rpa&ccedil;\u0131-memar Erik Pumerin r\u0259hb\u0259rliyi il\u0259 apar\u0131l\u0131b.<\/p>\n","protected":false},"excerpt":{"rendered":"<p>Az\u0259rbaycan Respublikas\u0131n\u0131n Prezidenti \u0130lham \u018fliyev v\u0259 birinci xan\u0131m Mehriban \u018fliyeva dekabr\u0131n 6-da \u015eamax\u0131da \u015eahx\u0259ndan t&uuml;rb\u0259sinin \u0259traf\u0131nda apar\u0131lan abadl\u0131q i\u015fl\u0259ri il\u0259 tan\u0131\u015f olublar. \u015eamax\u0131 Rayon \u0130cra Hakimiyy\u0259tinin ba\u015f&ccedil;\u0131s\u0131&nbsp;Tahir M\u0259mm\u0259dov&nbsp;d&ouml;vl\u0259timizin ba\u015f&ccedil;\u0131s\u0131na v\u0259&hellip;<\/p>\n","protected":false},"author":1,"featured_media":251278,"comment_status":"open","ping_status":"open","sticky":false,"template":"","format":"standard","meta":{"_lmt_disableupdate":"","_lmt_disable":"","footnotes":""},"categories":[],"tags":[],"class_list":["post-89483","post","type-post","status-publish","format-standard","has-post-thumbnail","hentry"],"_links":{"self":[{"href":"https:\/\/ucnoqta.az\/index.php?rest_route=\/wp\/v2\/posts\/89483","targetHints":{"allow":["GET"]}}],"collection":[{"href":"https:\/\/ucnoqta.az\/index.php?rest_route=\/wp\/v2\/posts"}],"about":[{"href":"https:\/\/ucnoqta.az\/index.php?rest_route=\/wp\/v2\/types\/post"}],"author":[{"embeddable":true,"href":"https:\/\/ucnoqta.az\/index.php?rest_route=\/wp\/v2\/users\/1"}],"replies":[{"embeddable":true,"href":"https:\/\/ucnoqta.az\/index.php?rest_route=%2Fwp%2Fv2%2Fcomments&post=89483"}],"version-history":[{"count":0,"href":"https:\/\/ucnoqta.az\/index.php?rest_route=\/wp\/v2\/posts\/89483\/revisions"}],"wp:featuredmedia":[{"embeddable":true,"href":"https:\/\/ucnoqta.az\/index.php?rest_route=\/wp\/v2\/media\/251278"}],"wp:attachment":[{"href":"https:\/\/ucnoqta.az\/index.php?rest_route=%2Fwp%2Fv2%2Fmedia&parent=89483"}],"wp:term":[{"taxonomy":"category","embeddable":true,"href":"https:\/\/ucnoqta.az\/index.php?rest_route=%2Fwp%2Fv2%2Fcategories&post=89483"},{"taxonomy":"post_tag","embeddable":true,"href":"https:\/\/ucnoqta.az\/index.php?rest_route=%2Fwp%2Fv2%2Ftags&post=89483"}],"curies":[{"name":"wp","href":"https:\/\/api.w.org\/{rel}","templated":true}]}}