{"id":89045,"date":"2019-11-29T17:27:09","date_gmt":"2019-11-29T13:27:09","guid":{"rendered":""},"modified":"-0001-11-30T00:00:00","modified_gmt":"-0001-11-29T20:00:00","slug":"","status":"publish","type":"post","link":"https:\/\/ucnoqta.az\/?p=89045","title":{"rendered":"Az\u0259rbaycan Respublikas\u0131 Prezidentinin Administrasiyas\u0131n\u0131n a\u00e7\u0131qlamas\u0131"},"content":{"rendered":"<p><strong>Az\u0259rbaycan Respublikas\u0131 Prezidentinin S\u0259r\u0259ncam\u0131 il\u0259 Az\u0259rbaycan Respublikas\u0131 Prezidentinin Administrasiyas\u0131n\u0131n yeni strukturu t\u0259sdiq olunub.<\/strong><\/p>\n<p>&nbsp;Az\u0259rbaycan Respublikas\u0131 Prezidentinin Administrasiyas\u0131n\u0131n i\u015finin t\u0259kmill\u0259\u015fdirilm\u0259si v\u0259 qar\u015f\u0131ya qoyulan v\u0259zif\u0259l\u0259rd\u0259n ir\u0259li g\u0259l\u0259r\u0259k strukturun t\u0259rkibi yenid\u0259n formala\u015fd\u0131r\u0131l\u0131b. Az\u0259rbaycan Respublikas\u0131 Prezidentinin m&uuml;vafiq S\u0259r\u0259ncamlar\u0131 il\u0259 Az\u0259rbaycan Respublikas\u0131 Prezidentinin yeni k&ouml;m\u0259k&ccedil;il\u0259ri v\u0259 Az\u0259rbaycan Respublikas\u0131 Prezidentinin Administrasiyas\u0131n\u0131n \u015f&ouml;b\u0259 m&uuml;dirl\u0259ri t\u0259yin olunub.<\/p>\n<p>Qar\u015f\u0131ya qoyulan v\u0259zif\u0259l\u0259r\u0259 uy\u011fun olaraq eyni zamanda, Az\u0259rbaycan Respublikas\u0131 Prezidentinin Administrasiyas\u0131 haqq\u0131nda \u018fsasnam\u0259nin layih\u0259si bir ay m&uuml;dd\u0259tind\u0259 haz\u0131rlanaraq Az\u0259rbaycan Respublikas\u0131 Prezidentin\u0259 t\u0259qdim edil\u0259c\u0259kdir.<\/p>\n<p>Az\u0259rbaycan Respublikas\u0131 Prezidentinin Administrasiyas\u0131n\u0131n yeni strukturu il\u0259 ba\u011fl\u0131 m&uuml;vafiq s\u0259n\u0259dl\u0259r Az\u0259rbaycan Respublikas\u0131 Prezidentinin r\u0259smi sayt\u0131nda (www.president.az) yerl\u0259\u015fdirilib.\/trend<\/p>\n<p>&nbsp;<\/p>\n","protected":false},"excerpt":{"rendered":"<p>Az\u0259rbaycan Respublikas\u0131 Prezidentinin S\u0259r\u0259ncam\u0131 il\u0259 Az\u0259rbaycan Respublikas\u0131 Prezidentinin Administrasiyas\u0131n\u0131n yeni strukturu t\u0259sdiq olunub. &nbsp;Az\u0259rbaycan Respublikas\u0131 Prezidentinin Administrasiyas\u0131n\u0131n i\u015finin t\u0259kmill\u0259\u015fdirilm\u0259si v\u0259 qar\u015f\u0131ya qoyulan v\u0259zif\u0259l\u0259rd\u0259n ir\u0259li g\u0259l\u0259r\u0259k strukturun t\u0259rkibi yenid\u0259n formala\u015fd\u0131r\u0131l\u0131b. Az\u0259rbaycan&hellip;<\/p>\n","protected":false},"author":1,"featured_media":251278,"comment_status":"open","ping_status":"open","sticky":false,"template":"","format":"standard","meta":{"_lmt_disableupdate":"","_lmt_disable":"","footnotes":""},"categories":[],"tags":[],"class_list":["post-89045","post","type-post","status-publish","format-standard","has-post-thumbnail","hentry"],"_links":{"self":[{"href":"https:\/\/ucnoqta.az\/index.php?rest_route=\/wp\/v2\/posts\/89045","targetHints":{"allow":["GET"]}}],"collection":[{"href":"https:\/\/ucnoqta.az\/index.php?rest_route=\/wp\/v2\/posts"}],"about":[{"href":"https:\/\/ucnoqta.az\/index.php?rest_route=\/wp\/v2\/types\/post"}],"author":[{"embeddable":true,"href":"https:\/\/ucnoqta.az\/index.php?rest_route=\/wp\/v2\/users\/1"}],"replies":[{"embeddable":true,"href":"https:\/\/ucnoqta.az\/index.php?rest_route=%2Fwp%2Fv2%2Fcomments&post=89045"}],"version-history":[{"count":0,"href":"https:\/\/ucnoqta.az\/index.php?rest_route=\/wp\/v2\/posts\/89045\/revisions"}],"wp:featuredmedia":[{"embeddable":true,"href":"https:\/\/ucnoqta.az\/index.php?rest_route=\/wp\/v2\/media\/251278"}],"wp:attachment":[{"href":"https:\/\/ucnoqta.az\/index.php?rest_route=%2Fwp%2Fv2%2Fmedia&parent=89045"}],"wp:term":[{"taxonomy":"category","embeddable":true,"href":"https:\/\/ucnoqta.az\/index.php?rest_route=%2Fwp%2Fv2%2Fcategories&post=89045"},{"taxonomy":"post_tag","embeddable":true,"href":"https:\/\/ucnoqta.az\/index.php?rest_route=%2Fwp%2Fv2%2Ftags&post=89045"}],"curies":[{"name":"wp","href":"https:\/\/api.w.org\/{rel}","templated":true}]}}