{"id":89044,"date":"2019-11-29T17:35:02","date_gmt":"2019-11-29T13:35:02","guid":{"rendered":""},"modified":"-0001-11-30T00:00:00","modified_gmt":"-0001-11-29T20:00:00","slug":"","status":"publish","type":"post","link":"https:\/\/ucnoqta.az\/?p=89044","title":{"rendered":"Oktay Kaynarca: <font color=red><b>&#8220;Bak\u0131dan ev alma\u011f\u0131 d\u00fc\u015f\u00fcnd\u00fcm&#8221; &#8211; Foto<\/b><\/font>"},"content":{"rendered":"<p><strong>T&uuml;rkiy\u0259nin m\u0259\u015fhur aktyoru Oktay Kaynarca paytaxt\u0131m\u0131z\u0131n qona\u011f\u0131 olub.&nbsp;<\/strong><\/p>\n<p>Oxu.Az-a a&ccedil;\u0131qlama ver\u0259n aktyor ikinci d\u0259f\u0259 Bak\u0131ya g\u0259ldiyini bildirib:<\/p>\n<p>&ldquo;Bak\u0131da olmaqdan &ccedil;ox \u015fadam. \u018fhval\u0131m da &ccedil;ox yax\u015f\u0131d\u0131r. Bu, &ouml;lk\u0259niz\u0259 ikinci g\u0259li\u015fimdir. \u0130nan\u0131n ki, t\u0259\u0259ss&uuml;ratlar\u0131m \u0259lad\u0131r. Bak\u0131n\u0131 &ccedil;ox b\u0259y\u0259ndim. Xeyli d\u0259yi\u015fiklikl\u0259r ba\u015f verib. H\u0259tta yolda g\u0259l\u0259rk\u0259n Bak\u0131dan ev alma\u011f\u0131 bel\u0259 d&uuml;\u015f&uuml;nd&uuml;m.<\/p>\n<p>Dekabr ay\u0131nda &ccedil;\u0259kildiyim film &ldquo;Aman r\u0259is duymas\u0131n&rdquo;\u0131n qalas\u0131 olacaq. T\u0259\u0259ss&uuml;fl\u0259r olsun ki,&nbsp;m\u0259nim ba\u015fqa i\u015fl\u0259rim oldu\u011fu &uuml;&ccedil;&uuml;n&nbsp;qalaya g\u0259l\u0259 bilm\u0259y\u0259c\u0259m. Onu da qeyd edim ki, tez-tez g\u0259ls\u0259m, insanlar m\u0259nd\u0259n bez\u0259 bil\u0259r&nbsp;(g&uuml;l&uuml;r)&rdquo;.<\/p>\n<p>H\u0259r zaman geyim t\u0259rzi il\u0259 se&ccedil;il\u0259n aktyor se&ccedil;iml\u0259ri &ouml;z&uuml;n&uuml;n etdiyini a&ccedil;\u0131qlay\u0131b:<br \/>\n&ldquo;D&uuml;nyaca tan\u0131nan markan\u0131n n&uuml;may\u0259nd\u0259si, h\u0259m d\u0259 yax\u0131n dostumun k&ouml;m\u0259yil\u0259 geyiml\u0259rimi se&ccedil;ir\u0259m. Onun g&ouml;nd\u0259rdiyi geyiml\u0259ri geyinir\u0259m.&nbsp; Amma &ouml;z&uuml;m&uuml;m d\u0259 fikirl\u0259rim v\u0259 ist\u0259kl\u0259rim olur.<br \/>\nY\u0259ni se&ccedil;iml\u0259rd\u0259 bir xan\u0131m\u0131n \u0259li yoxdur&nbsp;(g&uuml;l&uuml;r).&nbsp;Ancaq evd\u0259 m\u0259n\u0259 k&ouml;m\u0259k ed\u0259n xan\u0131m i\u015f&ccedil;i var&rdquo;.<\/p>\n<p>&ldquo;Az\u0259rbaycanl\u0131 s\u0259n\u0259t&ccedil;il\u0259rd\u0259n kiml\u0259ri tan\u0131y\u0131rs\u0131n\u0131z?&rdquo;&nbsp;sual\u0131na g\u0259linc\u0259, Oktay Kaynarca he&ccedil; kimi tan\u0131mad\u0131\u011f\u0131n\u0131 qeyd edib:<br \/>\n&ldquo;&Ccedil;ox s\u0259n\u0259t&ccedil;ini tan\u0131d\u0131\u011f\u0131m\u0131 v\u0259 adlar\u0131n\u0131 dey\u0259 bilm\u0259r\u0259m. T&uuml;rkiy\u0259d\u0259 aktyorluq ed\u0259n xeyli az\u0259rbaycanl\u0131 dostlar\u0131m\u0131z var. Onlarla birlikd\u0259 hans\u0131sa layih\u0259l\u0259rd\u0259 birlikd\u0259 oluruq. Amma Az\u0259rbaycanda tan\u0131nan v\u0259 m\u0259\u015fhur olan s\u0259n\u0259t&ccedil;il\u0259rinizi el\u0259 d\u0259 tan\u0131m\u0131ram.<\/p>\n<p>Bir m&uuml;dd\u0259t &ouml;nc\u0259 az\u0259rbaycanl\u0131 &ldquo;YouTube&rdquo;&nbsp;fenomeni Nigar Muharremin mahn\u0131s\u0131n\u0131 \u015f\u0259xsi &ldquo;Instagram&rdquo;&nbsp;s\u0259hif\u0259md\u0259 payla\u015fd\u0131m. M\u0259nim payla\u015fma\u011f\u0131mdan sonra onun haqq\u0131nda &ccedil;ox dan\u0131\u015f\u0131ld\u0131. Bel\u0259 ki, daha &ccedil;ox tama\u015fa&ccedil;\u0131 qazand\u0131, izl\u0259yicil\u0259rinin say\u0131 artd\u0131.&nbsp;Bu da m\u0259nim &ccedil;ox xo\u015fuma g\u0259ldi. Nigar tez-tez m\u0259ni ziyar\u0259t edir. Arada oturub s&ouml;hb\u0259t d\u0259 edirik.&nbsp;Bir &ccedil;ox az\u0259ri mahn\u0131lar\u0131 bilir\u0259m. Amma indi adlar\u0131n\u0131 a&ccedil;\u0131qlaya bilm\u0259y\u0259c\u0259m&rdquo;.<\/p>\n<p>Qeyd ed\u0259k ki, Oktay Kaynarca &ldquo;Kurtlar Vadisi&rdquo; teleserial\u0131ndak\u0131 &ldquo;&Ccedil;ak\u0131r&rdquo; obraz\u0131 il\u0259 tan\u0131n\u0131b. Haz\u0131rda da aktyor &ldquo;E\u015fkiya d&uuml;nyaya h&ouml;kmdar ola bilm\u0259z&rdquo; teleseriallar\u0131nda ba\u015f rolda oynay\u0131r.<\/p>\n<p>&nbsp;<\/p>\n","protected":false},"excerpt":{"rendered":"<p>T&uuml;rkiy\u0259nin m\u0259\u015fhur aktyoru Oktay Kaynarca paytaxt\u0131m\u0131z\u0131n qona\u011f\u0131 olub.&nbsp; Oxu.Az-a a&ccedil;\u0131qlama ver\u0259n aktyor ikinci d\u0259f\u0259 Bak\u0131ya g\u0259ldiyini bildirib: &ldquo;Bak\u0131da olmaqdan &ccedil;ox \u015fadam. \u018fhval\u0131m da &ccedil;ox yax\u015f\u0131d\u0131r. Bu, &ouml;lk\u0259niz\u0259 ikinci g\u0259li\u015fimdir. \u0130nan\u0131n&hellip;<\/p>\n","protected":false},"author":1,"featured_media":251278,"comment_status":"open","ping_status":"open","sticky":false,"template":"","format":"standard","meta":{"_lmt_disableupdate":"","_lmt_disable":"","footnotes":""},"categories":[92],"tags":[],"class_list":["post-89044","post","type-post","status-publish","format-standard","has-post-thumbnail","hentry","category-maqazin"],"_links":{"self":[{"href":"https:\/\/ucnoqta.az\/index.php?rest_route=\/wp\/v2\/posts\/89044","targetHints":{"allow":["GET"]}}],"collection":[{"href":"https:\/\/ucnoqta.az\/index.php?rest_route=\/wp\/v2\/posts"}],"about":[{"href":"https:\/\/ucnoqta.az\/index.php?rest_route=\/wp\/v2\/types\/post"}],"author":[{"embeddable":true,"href":"https:\/\/ucnoqta.az\/index.php?rest_route=\/wp\/v2\/users\/1"}],"replies":[{"embeddable":true,"href":"https:\/\/ucnoqta.az\/index.php?rest_route=%2Fwp%2Fv2%2Fcomments&post=89044"}],"version-history":[{"count":0,"href":"https:\/\/ucnoqta.az\/index.php?rest_route=\/wp\/v2\/posts\/89044\/revisions"}],"wp:featuredmedia":[{"embeddable":true,"href":"https:\/\/ucnoqta.az\/index.php?rest_route=\/wp\/v2\/media\/251278"}],"wp:attachment":[{"href":"https:\/\/ucnoqta.az\/index.php?rest_route=%2Fwp%2Fv2%2Fmedia&parent=89044"}],"wp:term":[{"taxonomy":"category","embeddable":true,"href":"https:\/\/ucnoqta.az\/index.php?rest_route=%2Fwp%2Fv2%2Fcategories&post=89044"},{"taxonomy":"post_tag","embeddable":true,"href":"https:\/\/ucnoqta.az\/index.php?rest_route=%2Fwp%2Fv2%2Ftags&post=89044"}],"curies":[{"name":"wp","href":"https:\/\/api.w.org\/{rel}","templated":true}]}}