{"id":89043,"date":"2019-11-29T17:19:50","date_gmt":"2019-11-29T13:19:50","guid":{"rendered":""},"modified":"-0001-11-30T00:00:00","modified_gmt":"-0001-11-29T20:00:00","slug":"","status":"publish","type":"post","link":"https:\/\/ucnoqta.az\/?p=89043","title":{"rendered":"\u018frdo\u011fan Fransa prezidentin\u0259 cavab verib"},"content":{"rendered":"<p><strong>&ldquo;NATO &uuml;&ccedil;&uuml;n Fransan\u0131n n\u0259yi ifad\u0259 etdiyini bilmirik, ancaq T&uuml;rkiy\u0259 NATO-nun \u0259n \u0259h\u0259miyy\u0259tli &ouml;lk\u0259sidir&rdquo;.<\/strong><\/p>\n<p>Bunu T&uuml;rkiy\u0259 prezidenti R\u0259c\u0259b Tayyib \u018frdo\u011fan M\u0259rm\u0259r\u0259 Universitetind\u0259 t\u0259m\u0259lqoyma t\u0259dbirind\u0259 bildirib.<\/p>\n<p>&ldquo;Fransa bizd\u0259n soru\u015fur ki, sizin Suriyada n\u0259 i\u015finiz var? Bizim Suriya il\u0259 ba\u011fl\u0131 m&uuml;qavil\u0259l\u0259rimiz, 911 km uzunlu\u011funda s\u0259rh\u0259dimiz var. B\u0259s, Fransan\u0131n Suriyada n\u0259 i\u015fi var? Koalisiya q&uuml;vv\u0259l\u0259rind\u0259n b\u0259hs edirs\u0259ns\u0259, biz art\u0131q oraday\u0131q. Bunlar\u0131 Fransa prezidenti Emmanuel Makrona d\u0259f\u0259l\u0259rl\u0259 demi\u015f\u0259m. \u0130st\u0259diyiniz q\u0259d\u0259r at\u0131l\u0131b-d&uuml;\u015f&uuml;n. \u0130st\u0259diyiniz q\u0259d\u0259r \u0259v\u0259l\u0259yib-g\u0259v\u0259l\u0259yin. \u018fvv\u0259l-ax\u0131r T&uuml;rkiy\u0259nin suverenlik haqlar\u0131na, t\u0259h&uuml;k\u0259sizlik siyas\u0259tin\u0259 h&ouml;rm\u0259t ed\u0259c\u0259ksiniz. Bunlar T&uuml;rkiy\u0259 olmazsa d&uuml;nyan\u0131n d&ouml;rd bir yan\u0131ndan terror&ccedil;ular\u0131n Avropaya y\u0131\u011f\u0131\u015faca\u011f\u0131ndan x\u0259b\u0259rsizdirl\u0259rmi?&nbsp;Burada t\u0259krarlamaq ist\u0259yir\u0259m. T&uuml;rkiy\u0259 Suriyadan torpaqlar\u0131m\u0131za y&ouml;n\u0259l\u0259n t\u0259hdidl\u0259r tamamil\u0259 bit\u0259n\u0259, son terror&ccedil;u m\u0259hv edil\u0259n\u0259 q\u0259d\u0259r \u0259m\u0259liyyat\u0131n\u0131 davam etdir\u0259c\u0259k&rdquo;, &#8211; dey\u0259 R\u0259c\u0259b Tayyib \u018frdo\u011fan vur\u011fulay\u0131b.\/report&nbsp;<\/p>\n<p>&nbsp;<\/p>\n","protected":false},"excerpt":{"rendered":"<p>&ldquo;NATO &uuml;&ccedil;&uuml;n Fransan\u0131n n\u0259yi ifad\u0259 etdiyini bilmirik, ancaq T&uuml;rkiy\u0259 NATO-nun \u0259n \u0259h\u0259miyy\u0259tli &ouml;lk\u0259sidir&rdquo;. Bunu T&uuml;rkiy\u0259 prezidenti R\u0259c\u0259b Tayyib \u018frdo\u011fan M\u0259rm\u0259r\u0259 Universitetind\u0259 t\u0259m\u0259lqoyma t\u0259dbirind\u0259 bildirib. &ldquo;Fransa bizd\u0259n soru\u015fur ki, sizin Suriyada&hellip;<\/p>\n","protected":false},"author":1,"featured_media":251278,"comment_status":"open","ping_status":"open","sticky":false,"template":"","format":"standard","meta":{"_lmt_disableupdate":"","_lmt_disable":"","footnotes":""},"categories":[89],"tags":[],"class_list":["post-89043","post","type-post","status-publish","format-standard","has-post-thumbnail","hentry","category-dunya-butun-xeberler"],"_links":{"self":[{"href":"https:\/\/ucnoqta.az\/index.php?rest_route=\/wp\/v2\/posts\/89043","targetHints":{"allow":["GET"]}}],"collection":[{"href":"https:\/\/ucnoqta.az\/index.php?rest_route=\/wp\/v2\/posts"}],"about":[{"href":"https:\/\/ucnoqta.az\/index.php?rest_route=\/wp\/v2\/types\/post"}],"author":[{"embeddable":true,"href":"https:\/\/ucnoqta.az\/index.php?rest_route=\/wp\/v2\/users\/1"}],"replies":[{"embeddable":true,"href":"https:\/\/ucnoqta.az\/index.php?rest_route=%2Fwp%2Fv2%2Fcomments&post=89043"}],"version-history":[{"count":0,"href":"https:\/\/ucnoqta.az\/index.php?rest_route=\/wp\/v2\/posts\/89043\/revisions"}],"wp:featuredmedia":[{"embeddable":true,"href":"https:\/\/ucnoqta.az\/index.php?rest_route=\/wp\/v2\/media\/251278"}],"wp:attachment":[{"href":"https:\/\/ucnoqta.az\/index.php?rest_route=%2Fwp%2Fv2%2Fmedia&parent=89043"}],"wp:term":[{"taxonomy":"category","embeddable":true,"href":"https:\/\/ucnoqta.az\/index.php?rest_route=%2Fwp%2Fv2%2Fcategories&post=89043"},{"taxonomy":"post_tag","embeddable":true,"href":"https:\/\/ucnoqta.az\/index.php?rest_route=%2Fwp%2Fv2%2Ftags&post=89043"}],"curies":[{"name":"wp","href":"https:\/\/api.w.org\/{rel}","templated":true}]}}