{"id":89038,"date":"2019-11-29T16:46:31","date_gmt":"2019-11-29T12:46:31","guid":{"rendered":""},"modified":"-0001-11-30T00:00:00","modified_gmt":"-0001-11-29T20:00:00","slug":"","status":"publish","type":"post","link":"https:\/\/ucnoqta.az\/?p=89038","title":{"rendered":"Bu Rusiya v\u0259t\u0259nda\u015flar\u0131 Az\u0259rbaycana daxili pasportla g\u0259l\u0259 bil\u0259rl\u0259r &#8211;<font color=red><b> DETALLAR<\/b><\/font>"},"content":{"rendered":"<p><strong>D&ouml;vl\u0259t Turizm Agentliyinin s\u0259dri Fuad Na\u011f\u0131yev Rusiyan\u0131n b\u0259zi v\u0259t\u0259nda\u015flar\u0131n\u0131n Az\u0259rbaycana &ouml;zl\u0259rinin daxili pasportlar\u0131 il\u0259 g\u0259l\u0259 bilm\u0259sini t\u0259klif edib.<\/strong><\/p>\n<p>M\u0259lumata g&ouml;r\u0259, F.Na\u011f\u0131yev bildirib ki, o, bu t\u0259klifl\u0259 bu yax\u0131nlarda Rusiyada ke&ccedil;iril\u0259n 10-cu Az\u0259rbaycan-Rusiya Regionlararas\u0131 Forumunda &ccedil;\u0131x\u0131\u015f edib:<\/p>\n<p>&quot;Rusiyan\u0131n b\u0259zi regionlar\u0131nda ya\u015fayan Rusiya v\u0259t\u0259nda\u015flar\u0131n\u0131n Az\u0259rbaycana &ouml;zl\u0259rinin daxili pasportlar\u0131 il\u0259 g\u0259l\u0259 bilm\u0259sini t\u0259klif etmi\u015f\u0259m. Bizim turizm m&uuml;nasib\u0259tl\u0259rimiz yaln\u0131z Rusiyan\u0131n m\u0259rk\u0259zi il\u0259 deyil, regionlar\u0131 il\u0259 \u0259laq\u0259l\u0259rin inki\u015faf\u0131na y&ouml;n\u0259lib. Yax\u0131n vaxtlarda Rusiyan\u0131n b\u0259zi regionlar\u0131n\u0131n sakinl\u0259rinin &ouml;zl\u0259rinin daxili Rusiya pasportlar\u0131 il\u0259 Az\u0259rbaycana s\u0259f\u0259r ed\u0259 bilm\u0259si ideyas\u0131 var. Haz\u0131rda bununla ba\u011fl\u0131 dan\u0131\u015f\u0131qlar apar\u0131l\u0131r&quot;.<\/p>\n<p>F.Na\u011f\u0131yev bildirib ki, bu il \u0259rzind\u0259 Rusiyaya ged\u0259n Az\u0259rbaycan v\u0259t\u0259nda\u015flar\u0131n\u0131n say\u0131 &ouml;t\u0259n ill\u0259 m&uuml;qayis\u0259d\u0259 7,7 faiz, Rusiyadan Az\u0259rbaycana g\u0259l\u0259n v\u0259t\u0259nda\u015flar\u0131n say\u0131 6,1 faiz art\u0131b. Dinamika m&uuml;sb\u0259t olsa da, biz bu g&ouml;st\u0259ricil\u0259ri ki&ccedil;ik hesab edirik. Buna g&ouml;r\u0259 d\u0259 biz i\u015fl\u0259rimizi davam etdirm\u0259liyik&quot;.<\/p>\n<p>F.Na\u011f\u0131yev qeyd edib ki, D&ouml;vl\u0259t Turizm Agentliyi vizalar\u0131n sad\u0259l\u0259\u015fdirilm\u0259si v\u0259 b\u0259zi &ouml;lk\u0259l\u0259rl\u0259 is\u0259 vizalar\u0131n olmamas\u0131 mara\u011f\u0131ndad\u0131r: &quot;Bizim mara\u011f\u0131m\u0131zdad\u0131r ki, vizalar\u0131n verilm\u0259si prpseduru sad\u0259l\u0259\u015fdirilsin. B\u0259zi &ouml;lk\u0131l\u0259r &uuml;&ccedil;&uuml;n is\u0259 vizasiz rejim t\u0259tbiq olunsun. T\u0259bii ki, turizmin inki\u015faf\u0131 il\u0259 ba\u011fl\u0131 agentlik t\u0259r\u0259find\u0259n t\u0259klif edil\u0259n m\u0259s\u0259l\u0259l\u0259r &ccedil;oxdur&quot;.<\/p>\n<p>F.Na\u011f\u0131yev \u0259lav\u0259 edib ki, haz\u0131rda Az\u0259rbaycanda elektron vizalar\u0131n verilm\u0259si u\u011fur\u0131a t\u0259tbiq edilir. Onun s&ouml;zl\u0259rin\u0259 g&ouml;r\u0259, elektron vizalar\u0131n olmas\u0131 &ouml;lk\u0259y\u0259 daha &ccedil;ox turistl\u0259rin g\u0259lm\u0259sin\u0259 imkan yarad\u0131r.\/trend<\/p>\n<p>&nbsp;<\/p>\n","protected":false},"excerpt":{"rendered":"<p>D&ouml;vl\u0259t Turizm Agentliyinin s\u0259dri Fuad Na\u011f\u0131yev Rusiyan\u0131n b\u0259zi v\u0259t\u0259nda\u015flar\u0131n\u0131n Az\u0259rbaycana &ouml;zl\u0259rinin daxili pasportlar\u0131 il\u0259 g\u0259l\u0259 bilm\u0259sini t\u0259klif edib. M\u0259lumata g&ouml;r\u0259, F.Na\u011f\u0131yev bildirib ki, o, bu t\u0259klifl\u0259 bu yax\u0131nlarda Rusiyada ke&ccedil;iril\u0259n&hellip;<\/p>\n","protected":false},"author":1,"featured_media":251278,"comment_status":"open","ping_status":"open","sticky":false,"template":"","format":"standard","meta":{"_lmt_disableupdate":"","_lmt_disable":"","footnotes":""},"categories":[101],"tags":[],"class_list":["post-89038","post","type-post","status-publish","format-standard","has-post-thumbnail","hentry","category-cemiyyet"],"_links":{"self":[{"href":"https:\/\/ucnoqta.az\/index.php?rest_route=\/wp\/v2\/posts\/89038","targetHints":{"allow":["GET"]}}],"collection":[{"href":"https:\/\/ucnoqta.az\/index.php?rest_route=\/wp\/v2\/posts"}],"about":[{"href":"https:\/\/ucnoqta.az\/index.php?rest_route=\/wp\/v2\/types\/post"}],"author":[{"embeddable":true,"href":"https:\/\/ucnoqta.az\/index.php?rest_route=\/wp\/v2\/users\/1"}],"replies":[{"embeddable":true,"href":"https:\/\/ucnoqta.az\/index.php?rest_route=%2Fwp%2Fv2%2Fcomments&post=89038"}],"version-history":[{"count":0,"href":"https:\/\/ucnoqta.az\/index.php?rest_route=\/wp\/v2\/posts\/89038\/revisions"}],"wp:featuredmedia":[{"embeddable":true,"href":"https:\/\/ucnoqta.az\/index.php?rest_route=\/wp\/v2\/media\/251278"}],"wp:attachment":[{"href":"https:\/\/ucnoqta.az\/index.php?rest_route=%2Fwp%2Fv2%2Fmedia&parent=89038"}],"wp:term":[{"taxonomy":"category","embeddable":true,"href":"https:\/\/ucnoqta.az\/index.php?rest_route=%2Fwp%2Fv2%2Fcategories&post=89038"},{"taxonomy":"post_tag","embeddable":true,"href":"https:\/\/ucnoqta.az\/index.php?rest_route=%2Fwp%2Fv2%2Ftags&post=89038"}],"curies":[{"name":"wp","href":"https:\/\/api.w.org\/{rel}","templated":true}]}}