{"id":89037,"date":"2019-11-29T16:39:43","date_gmt":"2019-11-29T12:39:43","guid":{"rendered":""},"modified":"-0001-11-30T00:00:00","modified_gmt":"-0001-11-29T20:00:00","slug":"","status":"publish","type":"post","link":"https:\/\/ucnoqta.az\/?p=89037","title":{"rendered":"Fransa ekoloqlar\u0131 &#8220;Qara c\u00fcm\u0259&#8221; s\u0259b\u0259bi il\u0259 &#8220;Amazon&#8221;a qar\u015f\u0131 \u00e7\u0131x\u0131b"},"content":{"rendered":"<p><strong>Fransada onlarla ekoaktivist bu g&uuml;n &quot;Amazon&quot; elektron ticar\u0259t \u015firk\u0259tinin &ouml;lk\u0259d\u0259ki m\u0259nzil-q\u0259rargah\u0131na ged\u0259n yolu bir ne&ccedil;\u0259 saat \u0259rzind\u0259 ba\u011flay\u0131b.<\/strong><\/p>\n<p>Etirazlar mallar\u0131n endirimli qiym\u0259tl\u0259rl\u0259 b&ouml;y&uuml;k sat\u0131\u015f g&uuml;n&uuml; &#8211; &quot;Qara c&uuml;m\u0259&quot; (Black Friday) il\u0259 \u0259laq\u0259dard\u0131r.<\/p>\n<p>Paris \u0259traf\u0131ndak\u0131 Kli\u015fi \u015f\u0259h\u0259rind\u0259 (O de Sen departamenti) ke&ccedil;iril\u0259n mitinq\u0259 o c&uuml;ml\u0259d\u0259n &quot;Greenpeace&quot;, &quot;Attac&quot; v\u0259 &quot;Extinction Rebillion&quot;un f\u0259allar\u0131 qat\u0131l\u0131b. Ekof\u0259allar artan s\u0259naye f\u0259aliyy\u0259ti v\u0259 da\u015f\u0131malar s\u0259b\u0259bi il\u0259 \u0259traf m&uuml;hit\u0259 v\u0259 planetin iqlimin\u0259 m\u0259nfi t\u0259sir g&ouml;st\u0259r\u0259n mallar\u0131n k&uuml;tl\u0259vi istehlak\u0131ndan imtina etm\u0259y\u0259 &ccedil;a\u011f\u0131ran plakatlar qald\u0131r\u0131blar.<\/p>\n<p>&quot;Bu g&uuml;n &quot;Amazon&quot;un istixana qaz\u0131 tullant\u0131lar\u0131 b&uuml;t&ouml;v bir &ouml;lk\u0259ninki q\u0259d\u0259rdir&quot;, &#8211; &quot;Greenpeace&quot;in Fransadak\u0131 r\u0259hb\u0259ri Jan-Fransua Jyuyar topla\u015fanlar qar\u015f\u0131s\u0131nda bildirib. O qeyd edib ki, \u015firk\u0259t n\u0259qliyyat siyas\u0259tini d\u0259yi\u015fm\u0259kl\u0259 t\u0259hl&uuml;k\u0259li qazlar\u0131n at\u0131lmas\u0131n\u0131 \u0259h\u0259miyy\u0259tli d\u0259r\u0259c\u0259d\u0259 azalda bil\u0259r.<\/p>\n<p>&quot;Amazon&quot;un q\u0259rargah\u0131na &ccedil;a\u011f\u0131r\u0131lan polis iki saatdan art\u0131q davam ed\u0259n etiraz aksiyas\u0131n\u0131 da\u011f\u0131d\u0131b. Amma ekoloqlar\u0131n etirazlar\u0131 &ouml;lk\u0259nin dig\u0259r b&ouml;lg\u0259l\u0259rind\u0259 davam edir. M\u0259s\u0259l\u0259n, &quot;Amazon&quot;un \u015f\u0259h\u0259r hava liman\u0131 yax\u0131nl\u0131\u011f\u0131nda n&ouml;vb\u0259ti n\u0259h\u0259ng anbar tikm\u0259yi planla\u015fd\u0131rd\u0131\u011f\u0131 Lion \u015f\u0259h\u0259rind\u0259. Orada mitinqd\u0259 &ccedil;\u0131x\u0131\u015f ed\u0259nl\u0259r xat\u0131rlad\u0131blar ki, &quot;Amazon&quot; Fransan\u0131n \u0259m\u0259k qanunvericiliyinin m&uuml;dd\u0259alar\u0131na \u0259m\u0259l etmir, \u0259m\u0259k kollektivi il\u0259 m&uuml;qavil\u0259 ba\u011flam\u0131r, h\u0259m&ccedil;inin k&uuml;tl\u0259vi vergid\u0259n yay\u0131nma v\u0259 g\u0259lirl\u0259ri gizl\u0259tm\u0259kd\u0259 g&uuml;nahkard\u0131r.\/report<\/p>\n<p>&nbsp;<\/p>\n","protected":false},"excerpt":{"rendered":"<p>Fransada onlarla ekoaktivist bu g&uuml;n &quot;Amazon&quot; elektron ticar\u0259t \u015firk\u0259tinin &ouml;lk\u0259d\u0259ki m\u0259nzil-q\u0259rargah\u0131na ged\u0259n yolu bir ne&ccedil;\u0259 saat \u0259rzind\u0259 ba\u011flay\u0131b. Etirazlar mallar\u0131n endirimli qiym\u0259tl\u0259rl\u0259 b&ouml;y&uuml;k sat\u0131\u015f g&uuml;n&uuml; &#8211; &quot;Qara c&uuml;m\u0259&quot; (Black Friday)&hellip;<\/p>\n","protected":false},"author":1,"featured_media":251278,"comment_status":"open","ping_status":"open","sticky":false,"template":"","format":"standard","meta":{"_lmt_disableupdate":"","_lmt_disable":"","footnotes":""},"categories":[89],"tags":[],"class_list":["post-89037","post","type-post","status-publish","format-standard","has-post-thumbnail","hentry","category-dunya-butun-xeberler"],"_links":{"self":[{"href":"https:\/\/ucnoqta.az\/index.php?rest_route=\/wp\/v2\/posts\/89037","targetHints":{"allow":["GET"]}}],"collection":[{"href":"https:\/\/ucnoqta.az\/index.php?rest_route=\/wp\/v2\/posts"}],"about":[{"href":"https:\/\/ucnoqta.az\/index.php?rest_route=\/wp\/v2\/types\/post"}],"author":[{"embeddable":true,"href":"https:\/\/ucnoqta.az\/index.php?rest_route=\/wp\/v2\/users\/1"}],"replies":[{"embeddable":true,"href":"https:\/\/ucnoqta.az\/index.php?rest_route=%2Fwp%2Fv2%2Fcomments&post=89037"}],"version-history":[{"count":0,"href":"https:\/\/ucnoqta.az\/index.php?rest_route=\/wp\/v2\/posts\/89037\/revisions"}],"wp:featuredmedia":[{"embeddable":true,"href":"https:\/\/ucnoqta.az\/index.php?rest_route=\/wp\/v2\/media\/251278"}],"wp:attachment":[{"href":"https:\/\/ucnoqta.az\/index.php?rest_route=%2Fwp%2Fv2%2Fmedia&parent=89037"}],"wp:term":[{"taxonomy":"category","embeddable":true,"href":"https:\/\/ucnoqta.az\/index.php?rest_route=%2Fwp%2Fv2%2Fcategories&post=89037"},{"taxonomy":"post_tag","embeddable":true,"href":"https:\/\/ucnoqta.az\/index.php?rest_route=%2Fwp%2Fv2%2Ftags&post=89037"}],"curies":[{"name":"wp","href":"https:\/\/api.w.org\/{rel}","templated":true}]}}