{"id":89032,"date":"2019-11-29T14:42:04","date_gmt":"2019-11-29T10:42:04","guid":{"rendered":""},"modified":"-0001-11-30T00:00:00","modified_gmt":"-0001-11-29T20:00:00","slug":"","status":"publish","type":"post","link":"https:\/\/ucnoqta.az\/?p=89032","title":{"rendered":"Siyavu\u015f Novruzov: <font color=red><b>\u201cOnlar\u0131n b\u0259yanat\u0131n\u0131n biz\u0259 he\u00e7 bir aidiyy\u0259ti yoxdur\u201d<\/b><\/font>"},"content":{"rendered":"<p><strong>&ldquo;Yeni Az\u0259rbaycan Partiyas\u0131 Siyasi \u015euras\u0131n\u0131n parlamentin burax\u0131lmas\u0131 il\u0259 ba\u011fl\u0131 q\u0259rar\u0131 Konstitusiyaya tam uy\u011fundur. \u0130kinci t\u0259r\u0259fd\u0259n, m&uuml;xalif\u0259td\u0259 bir az yadda\u015f problem var. Onlar yadda\u015f problemin\u0259 g&ouml;r\u0259 n\u0259 dedikl\u0259rini bilmirl\u0259r&rdquo;.<\/strong><\/p>\n<p>Bunu Yeni Az\u0259rbaycan Partiyas\u0131n\u0131n icra katibinin m&uuml;avini, parlamentin \u0130ctimai birlikl\u0259r v\u0259 dini qurumlar komit\u0259sinin s\u0259dri Siyavu\u015f Novruzov deyib. O xat\u0131rlad\u0131b ki, M&uuml;savat Partiyas\u0131n\u0131n q\u0259rargah\u0131ndak\u0131 sonuncu toplant\u0131larda m&uuml;zakir\u0259l\u0259rin yekunu olaraq q\u0259bul etdikl\u0259ri s\u0259n\u0259din son b\u0259ndi n&ouml;vb\u0259d\u0259nk\u0259nar parlament se&ccedil;kil\u0259ri il\u0259 ba\u011fl\u0131 olub: &ldquo;Y\u0259ni onlar d&uuml;\u015f&uuml;n&uuml;rd&uuml;l\u0259r ki, b\u0259yanat vers\u0259l\u0259r, hakimiyy\u0259t&nbsp; h\u0259min m\u0259s\u0259l\u0259d\u0259n uzaqla\u015facaq. M\u0259hz onlar\u0131n b\u0259yanat\u0131na g&ouml;r\u0259 n&ouml;vb\u0259d\u0259nk\u0259nar parlament se&ccedil;kil\u0259ri ke&ccedil;irilm\u0259y\u0259c\u0259k. Onlar\u0131n b\u0259yanat\u0131n\u0131n biz\u0259 he&ccedil; bir aidiyy\u0259ti yoxdur. YAP h\u0259mi\u015f\u0259 &ouml;z f\u0259aliyy\u0259tini Az\u0259rbaycan xalq\u0131n\u0131n t\u0259l\u0259bin\u0259 uy\u011fun qurur&rdquo;.<\/p>\n<p>S. Novruzovun s&ouml;zl\u0259rin\u0259 g&ouml;r\u0259, d&uuml;nyada praktika bel\u0259dir ki, m&uuml;xalif\u0259t n&ouml;vb\u0259d\u0259nk\u0259nar se&ccedil;kil\u0259ri &ouml;n\u0259mli say\u0131r: &ldquo;Siyasi partiyan\u0131n i\u015fi se&ccedil;kiy\u0259 haz\u0131rla\u015fmaq v\u0259 i\u015ftirak etm\u0259kdir. \u018fg\u0259r onlar se&ccedil;kiy\u0259 haz\u0131r deyill\u0259rs\u0259 v\u0259 haz\u0131rla\u015fmay\u0131blarsa, onda f\u0259aliyy\u0259tl\u0259ri n\u0259d\u0259n ibar\u0259tdir? D\u0259f\u0259l\u0259rl\u0259 \u015fahidi olmu\u015fuq ki, Prezident se&ccedil;kil\u0259ri zaman\u0131 namiz\u0259d tapa bilmirdil\u0259r. Onlar ya Rusiya v\u0259t\u0259nda\u015f\u0131 olan R&uuml;st\u0259m \u0130brahimb\u0259yovu, ya da C\u0259mil H\u0259s\u0259nlini haradansa tap\u0131b g\u0259tirirdil\u0259r. Hans\u0131 ki, namiz\u0259dliyin ir\u0259li s&uuml;r&uuml;lm\u0259si prosesi yekunla\u015fmaq &uuml;zr\u0259 idi. Ona g&ouml;r\u0259 d\u0259 se&ccedil;kil\u0259rd\u0259 \u0259n vacib m\u0259s\u0259l\u0259 zamand\u0131r&rdquo;.<\/p>\n<p>YAP funksioneri qeyd edib ki, YAP deputatlar\u0131n 5 illik f\u0259aliyy\u0259ti il\u0259 ba\u011fl\u0131 statistik t\u0259hlilini apar\u0131r: &ldquo;Onlar\u0131n parlamentd\u0259ki &ccedil;\u0131x\u0131\u015flar\u0131, se&ccedil;icil\u0259ri il\u0259 g&ouml;r&uuml;\u015fl\u0259ri, m\u0259tbuatla i\u015fl\u0259m\u0259si, beyn\u0259lxalq t\u0259\u015fkilatlarda i\u015fi, sosial \u015f\u0259b\u0259k\u0259l\u0259rd\u0259 f\u0259aliyy\u0259ti v\u0259 s. t\u0259hlil edilir. Buna uy\u011fun olaraq da h\u0259r ay hesabat haz\u0131rlanaraq partiyada m&uuml;zakir\u0259 olunur. N&ouml;vb\u0259ti se&ccedil;kil\u0259rd\u0259 onlar\u0131n t\u0259hlil m&uuml;dd\u0259tind\u0259ki f\u0259aliyy\u0259ti n\u0259z\u0259r\u0259 al\u0131nacaq. Art\u0131q biz\u0259 hans\u0131 dair\u0259d\u0259n kimin namiz\u0259dliyinin ir\u0259li s&uuml;r&uuml;lm\u0259si b\u0259llidir&rdquo;.<\/p>\n<p>\nS. Novruzov eyni zamanda m\u0259tbuatda v\u0259 sosial \u015f\u0259b\u0259k\u0259l\u0259rd\u0259 n&ouml;vb\u0259ti se&ccedil;kil\u0259rd\u0259 kiml\u0259rin olmas\u0131 il\u0259 ba\u011fl\u0131 d\u0259rc olunan siyah\u0131ya da m&uuml;nasib\u0259t bildirib. O qeyd edib ki, siyah\u0131 havadan g&ouml;t&uuml;r&uuml;l&uuml;b: &ldquo;H\u0259r se&ccedil;ki &ouml;nc\u0259si bel\u0259 siyah\u0131lar d\u0259rc olunur. Parlamentin 7-8 &uuml;zv&uuml; m&uuml;xt\u0259lif s\u0259b\u0259bl\u0259rd\u0259n burada t\u0259msil olunmur. T\u0259rkibin d\u0259yi\u015fm\u0259si d\u0259 m\u0259hz se&ccedil;icil\u0259rd\u0259n as\u0131l\u0131d\u0131r. Se&ccedil;kid\u0259 i\u015ftirak &uuml;&ccedil;&uuml;n ya\u015f m\u0259hdudiyy\u0259ti yoxdur. Bunlar m&uuml;t\u0259madi \u015f\u0259kild\u0259 partiyada t\u0259hlil olunur. Se&ccedil;kinin ilk i\u015fi t\u0259hlildir. T\u0259hlil olmadan se&ccedil;kid\u0259 u\u011fur qazanmaq olmaz. M&uuml;xalif\u0259tin is\u0259 bel\u0259 taktikas\u0131 yoxdur. T\u0259rkibd\u0259 ciddi d\u0259yi\u015fiklik olacaq, amma bu yen\u0259 d\u0259 se&ccedil;icid\u0259n as\u0131l\u0131d\u0131r&rdquo;.\/Apa<\/p>\n","protected":false},"excerpt":{"rendered":"<p>&ldquo;Yeni Az\u0259rbaycan Partiyas\u0131 Siyasi \u015euras\u0131n\u0131n parlamentin burax\u0131lmas\u0131 il\u0259 ba\u011fl\u0131 q\u0259rar\u0131 Konstitusiyaya tam uy\u011fundur. \u0130kinci t\u0259r\u0259fd\u0259n, m&uuml;xalif\u0259td\u0259 bir az yadda\u015f problem var. Onlar yadda\u015f problemin\u0259 g&ouml;r\u0259 n\u0259 dedikl\u0259rini bilmirl\u0259r&rdquo;. Bunu Yeni&hellip;<\/p>\n","protected":false},"author":1,"featured_media":251278,"comment_status":"open","ping_status":"open","sticky":false,"template":"","format":"standard","meta":{"_lmt_disableupdate":"","_lmt_disable":"","footnotes":""},"categories":[86],"tags":[],"class_list":["post-89032","post","type-post","status-publish","format-standard","has-post-thumbnail","hentry","category-siyaset"],"_links":{"self":[{"href":"https:\/\/ucnoqta.az\/index.php?rest_route=\/wp\/v2\/posts\/89032","targetHints":{"allow":["GET"]}}],"collection":[{"href":"https:\/\/ucnoqta.az\/index.php?rest_route=\/wp\/v2\/posts"}],"about":[{"href":"https:\/\/ucnoqta.az\/index.php?rest_route=\/wp\/v2\/types\/post"}],"author":[{"embeddable":true,"href":"https:\/\/ucnoqta.az\/index.php?rest_route=\/wp\/v2\/users\/1"}],"replies":[{"embeddable":true,"href":"https:\/\/ucnoqta.az\/index.php?rest_route=%2Fwp%2Fv2%2Fcomments&post=89032"}],"version-history":[{"count":0,"href":"https:\/\/ucnoqta.az\/index.php?rest_route=\/wp\/v2\/posts\/89032\/revisions"}],"wp:featuredmedia":[{"embeddable":true,"href":"https:\/\/ucnoqta.az\/index.php?rest_route=\/wp\/v2\/media\/251278"}],"wp:attachment":[{"href":"https:\/\/ucnoqta.az\/index.php?rest_route=%2Fwp%2Fv2%2Fmedia&parent=89032"}],"wp:term":[{"taxonomy":"category","embeddable":true,"href":"https:\/\/ucnoqta.az\/index.php?rest_route=%2Fwp%2Fv2%2Fcategories&post=89032"},{"taxonomy":"post_tag","embeddable":true,"href":"https:\/\/ucnoqta.az\/index.php?rest_route=%2Fwp%2Fv2%2Ftags&post=89032"}],"curies":[{"name":"wp","href":"https:\/\/api.w.org\/{rel}","templated":true}]}}