{"id":89027,"date":"2019-11-29T14:29:44","date_gmt":"2019-11-29T10:29:44","guid":{"rendered":""},"modified":"-0001-11-30T00:00:00","modified_gmt":"-0001-11-29T20:00:00","slug":"","status":"publish","type":"post","link":"https:\/\/ucnoqta.az\/?p=89027","title":{"rendered":"Bit\u0259r\u0259f deputatlar da Milli M\u0259clisin burax\u0131lmas\u0131n\u0131 t\u0259klif etdil\u0259r"},"content":{"rendered":"<p><strong>Milli M\u0259clisd\u0259 t\u0259msil olunan bit\u0259r\u0259f deputatlar\u0131n iclas\u0131 ke&ccedil;irilib.<\/strong><\/p>\n<p>\u0130clasda bit\u0259r\u0259f deputatlar da parlamentin burax\u0131lmas\u0131 t\u0259\u015f\u0259bb&uuml;s&uuml; il\u0259 &ccedil;\u0131x\u0131\u015f edibl\u0259r. Bununla ba\u011fl\u0131 Milli M\u0259clis\u0259 m&uuml;raci\u0259t &uuml;nvanlanacaq.<\/p>\n<p>X\u0259b\u0259r verdiyimiz kimi, Milli M\u0259clisin burax\u0131lmas\u0131 m\u0259s\u0259l\u0259si dekabr\u0131n 2-d\u0259 m&uuml;zakir\u0259y\u0259 &ccedil;\u0131xar\u0131lacaq. Milli M\u0259clisin spikeri Oqtay \u018fs\u0259dov bildirib ki, Yeni Az\u0259rbaycan Partiyas\u0131 (YAP) parlamentin burax\u0131lmas\u0131 il\u0259 ba\u011fl\u0131 Milli M\u0259clis\u0259 m&uuml;raci\u0259t edib. M\u0259s\u0259l\u0259y\u0259 bax\u0131ld\u0131qdan sonra &ouml;lk\u0259 Prezidentin\u0259 m&uuml;raci\u0259t &uuml;nvanlanacaq.<\/p>\n<p>Qeyd ed\u0259k ki, &ouml;t\u0259n g&uuml;n YAP Siyasi \u015euras\u0131n\u0131n iclas\u0131, eyni zamanda partiyan\u0131 parlamentd\u0259 t\u0259msil ed\u0259n deputatlarla g&ouml;r&uuml;\u015f ke&ccedil;irilib. \u0130clasda partiyan\u0131 t\u0259msil ed\u0259n deputatlara Milli M\u0259clisin burax\u0131lmas\u0131 il\u0259 ba\u011fl\u0131 t\u0259\u015f\u0259bb&uuml;sl\u0259 &ccedil;\u0131x\u0131\u015f etm\u0259l\u0259ri t&ouml;vsiy\u0259 olunub. H\u0259m&ccedil;inin bununla ba\u011fl\u0131 Milli M\u0259clis\u0259 m&uuml;raci\u0259t &uuml;nvanlanmas\u0131 q\u0259rara al\u0131n\u0131b.\/trend<\/p>\n","protected":false},"excerpt":{"rendered":"<p>Milli M\u0259clisd\u0259 t\u0259msil olunan bit\u0259r\u0259f deputatlar\u0131n iclas\u0131 ke&ccedil;irilib. \u0130clasda bit\u0259r\u0259f deputatlar da parlamentin burax\u0131lmas\u0131 t\u0259\u015f\u0259bb&uuml;s&uuml; il\u0259 &ccedil;\u0131x\u0131\u015f edibl\u0259r. Bununla ba\u011fl\u0131 Milli M\u0259clis\u0259 m&uuml;raci\u0259t &uuml;nvanlanacaq. X\u0259b\u0259r verdiyimiz kimi, Milli M\u0259clisin burax\u0131lmas\u0131&hellip;<\/p>\n","protected":false},"author":1,"featured_media":251278,"comment_status":"open","ping_status":"open","sticky":false,"template":"","format":"standard","meta":{"_lmt_disableupdate":"","_lmt_disable":"","footnotes":""},"categories":[],"tags":[],"class_list":["post-89027","post","type-post","status-publish","format-standard","has-post-thumbnail","hentry"],"_links":{"self":[{"href":"https:\/\/ucnoqta.az\/index.php?rest_route=\/wp\/v2\/posts\/89027","targetHints":{"allow":["GET"]}}],"collection":[{"href":"https:\/\/ucnoqta.az\/index.php?rest_route=\/wp\/v2\/posts"}],"about":[{"href":"https:\/\/ucnoqta.az\/index.php?rest_route=\/wp\/v2\/types\/post"}],"author":[{"embeddable":true,"href":"https:\/\/ucnoqta.az\/index.php?rest_route=\/wp\/v2\/users\/1"}],"replies":[{"embeddable":true,"href":"https:\/\/ucnoqta.az\/index.php?rest_route=%2Fwp%2Fv2%2Fcomments&post=89027"}],"version-history":[{"count":0,"href":"https:\/\/ucnoqta.az\/index.php?rest_route=\/wp\/v2\/posts\/89027\/revisions"}],"wp:featuredmedia":[{"embeddable":true,"href":"https:\/\/ucnoqta.az\/index.php?rest_route=\/wp\/v2\/media\/251278"}],"wp:attachment":[{"href":"https:\/\/ucnoqta.az\/index.php?rest_route=%2Fwp%2Fv2%2Fmedia&parent=89027"}],"wp:term":[{"taxonomy":"category","embeddable":true,"href":"https:\/\/ucnoqta.az\/index.php?rest_route=%2Fwp%2Fv2%2Fcategories&post=89027"},{"taxonomy":"post_tag","embeddable":true,"href":"https:\/\/ucnoqta.az\/index.php?rest_route=%2Fwp%2Fv2%2Ftags&post=89027"}],"curies":[{"name":"wp","href":"https:\/\/api.w.org\/{rel}","templated":true}]}}