{"id":89026,"date":"2019-11-29T14:28:32","date_gmt":"2019-11-29T10:28:32","guid":{"rendered":""},"modified":"-0001-11-30T00:00:00","modified_gmt":"-0001-11-29T20:00:00","slug":"","status":"publish","type":"post","link":"https:\/\/ucnoqta.az\/?p=89026","title":{"rendered":"&#8220;Arsenal&#8221; Unay Emerini istefaya g\u00f6nd\u0259rib"},"content":{"rendered":"<p><strong>\u0130ngilt\u0259r\u0259nin &quot;Arsenal&quot; klubu ba\u015f m\u0259\u015fq&ccedil;isi Unay Emerini istefaya g&ouml;nd\u0259rib.<\/strong><\/p>\n<p>&quot;Report&quot; klubun r\u0259smi sayt\u0131na istinad\u0259n x\u0259b\u0259r verir ki, 48 ya\u015fl\u0131 m&uuml;t\u0259x\u0259ssisl\u0259 yollar komandan\u0131n u\u011fursuz &ccedil;\u0131x\u0131\u015flara g&ouml;r\u0259 ayr\u0131l\u0131b. London t\u0259msil&ccedil;isi ispaniyal\u0131 m\u0259\u015fq&ccedil;inin r\u0259hb\u0259rliyi alt\u0131nda ard\u0131c\u0131l 7 oyun q\u0259l\u0259b\u0259 qazana bilm\u0259yib. Bu, 27 il \u0259rzind\u0259 komandan\u0131n&nbsp;\u0259n u\u011fursuz g&ouml;st\u0259ricisi olub.<\/p>\n<p>Qeyd ed\u0259k ki, Unay Emeri 2018-ci ilin yay\u0131ndan &quot;Arsenal&quot;a r\u0259hb\u0259rlik edib. London t\u0259msil&ccedil;isi bu il Bak\u0131da ke&ccedil;iril\u0259n Avropa Liqas\u0131n\u0131n final\u0131nda &quot;&Ccedil;elsi&quot;y\u0259 uduzub &#8211; 1:4. &quot;Top&ccedil;ular&quot; \u0130ngilt\u0259r\u0259 Premyer Liqas\u0131nda 13 turdan sonra 18 xalla 8-ci pill\u0259d\u0259dir.<\/p>\n","protected":false},"excerpt":{"rendered":"<p>\u0130ngilt\u0259r\u0259nin &quot;Arsenal&quot; klubu ba\u015f m\u0259\u015fq&ccedil;isi Unay Emerini istefaya g&ouml;nd\u0259rib. &quot;Report&quot; klubun r\u0259smi sayt\u0131na istinad\u0259n x\u0259b\u0259r verir ki, 48 ya\u015fl\u0131 m&uuml;t\u0259x\u0259ssisl\u0259 yollar komandan\u0131n u\u011fursuz &ccedil;\u0131x\u0131\u015flara g&ouml;r\u0259 ayr\u0131l\u0131b. London t\u0259msil&ccedil;isi ispaniyal\u0131 m\u0259\u015fq&ccedil;inin&hellip;<\/p>\n","protected":false},"author":1,"featured_media":251278,"comment_status":"open","ping_status":"open","sticky":false,"template":"","format":"standard","meta":{"_lmt_disableupdate":"","_lmt_disable":"","footnotes":""},"categories":[90],"tags":[],"class_list":["post-89026","post","type-post","status-publish","format-standard","has-post-thumbnail","hentry","category-idman-butun-xeberler"],"_links":{"self":[{"href":"https:\/\/ucnoqta.az\/index.php?rest_route=\/wp\/v2\/posts\/89026","targetHints":{"allow":["GET"]}}],"collection":[{"href":"https:\/\/ucnoqta.az\/index.php?rest_route=\/wp\/v2\/posts"}],"about":[{"href":"https:\/\/ucnoqta.az\/index.php?rest_route=\/wp\/v2\/types\/post"}],"author":[{"embeddable":true,"href":"https:\/\/ucnoqta.az\/index.php?rest_route=\/wp\/v2\/users\/1"}],"replies":[{"embeddable":true,"href":"https:\/\/ucnoqta.az\/index.php?rest_route=%2Fwp%2Fv2%2Fcomments&post=89026"}],"version-history":[{"count":0,"href":"https:\/\/ucnoqta.az\/index.php?rest_route=\/wp\/v2\/posts\/89026\/revisions"}],"wp:featuredmedia":[{"embeddable":true,"href":"https:\/\/ucnoqta.az\/index.php?rest_route=\/wp\/v2\/media\/251278"}],"wp:attachment":[{"href":"https:\/\/ucnoqta.az\/index.php?rest_route=%2Fwp%2Fv2%2Fmedia&parent=89026"}],"wp:term":[{"taxonomy":"category","embeddable":true,"href":"https:\/\/ucnoqta.az\/index.php?rest_route=%2Fwp%2Fv2%2Fcategories&post=89026"},{"taxonomy":"post_tag","embeddable":true,"href":"https:\/\/ucnoqta.az\/index.php?rest_route=%2Fwp%2Fv2%2Ftags&post=89026"}],"curies":[{"name":"wp","href":"https:\/\/api.w.org\/{rel}","templated":true}]}}