{"id":89025,"date":"2019-11-29T14:15:23","date_gmt":"2019-11-29T10:15:23","guid":{"rendered":""},"modified":"-0001-11-30T00:00:00","modified_gmt":"-0001-11-29T20:00:00","slug":"","status":"publish","type":"post","link":"https:\/\/ucnoqta.az\/?p=89025","title":{"rendered":"Az\u0259rbaycan\u0131n yeni Ombudsman\u0131 kimdir? &#8211; <font color=red><b>DOSYE<\/b><\/font>"},"content":{"rendered":"<p><strong>Bu g&uuml;n Milli M\u0259clisin iclas\u0131nda \u0130nsan h&uuml;quqlar\u0131 &uuml;zr\u0259 m&uuml;v\u0259kkilin&nbsp;(Ombudsman\u0131n) se&ccedil;ilm\u0259si haqq\u0131nda m\u0259s\u0259l\u0259y\u0259 bax\u0131l\u0131b.&nbsp;<\/strong><\/p>\n<p>Ombudsmanl\u0131\u011fa &uuml;&ccedil; n\u0259f\u0259rin namiz\u0259dliyi m&uuml;zakir\u0259y\u0259 &ccedil;\u0131xar\u0131l\u0131b. M&uuml;zakir\u0259l\u0259rd\u0259n sonra m\u0259s\u0259l\u0259 deputatlar\u0131n s\u0259sverm\u0259sin\u0259 &ccedil;\u0131xar\u0131l\u0131b v\u0259 Konstitusiya M\u0259hk\u0259m\u0259si Aparat r\u0259hb\u0259rinin m&uuml;avini, Milli M\u0259clisin deputat\u0131 Siyavu\u015f Novruzovun h\u0259yat yolda\u015f\u0131 S\u0259bin\u0259 \u018fliyeva \u0130nsan H&uuml;quqlar\u0131 &uuml;zr\u0259 M&uuml;v\u0259kkili se&ccedil;ilib.<\/p>\n<p>Bel\u0259 ki, iclasda i\u015ftirak ed\u0259n deputatlardan 104 n\u0259f\u0259r onun Ombudsman olmas\u0131n\u0131n lehin\u0259 s\u0259s verib.<br \/>\nOxu.Az&nbsp;Ombudsman\u0131n q\u0131sa t\u0259rc&uuml;meyi-hal\u0131n\u0131 t\u0259qdim edir:<br \/>\nS\u0259bin\u0259 Ya\u015far q\u0131z\u0131 \u018fliyeva 7 may 1980-ci ild\u0259 do\u011fulub. O, Bak\u0131 D&ouml;vl\u0259t Universitetini bitirib. Daha sonra is\u0259 Az\u0259rbaycan Respublikas\u0131 Prezidenti yan\u0131nda D&ouml;vl\u0259t \u0130dar\u0259&ccedil;ilik Akademiyas\u0131nda t\u0259hsilini davam etdirib (Beyn\u0259lxalq m&uuml;nasib\u0259tl\u0259r). \u0130xtisasca h&uuml;quq\u015f&uuml;nasd\u0131r.<\/p>\n<p>S.\u018fliyeva 2000-ci ild\u0259n Konstitusiya M\u0259hk\u0259m\u0259sind\u0259 &ccedil;al\u0131\u015f\u0131r. Daha \u0259vv\u0259l m&uuml;f\u0259tti\u015f-karg&uuml;zar, b&ouml;y&uuml;k m&uuml;t\u0259x\u0259ssis, Konstitusiya M\u0259hk\u0259m\u0259si Aparat\u0131n\u0131n r\u0259hb\u0259rinin k&ouml;m\u0259k&ccedil;isi v\u0259zif\u0259l\u0259rind\u0259 &ccedil;al\u0131\u015f\u0131b.<\/p>\n<p>S.\u018fliyeva&nbsp;h&uuml;quq &uuml;zr\u0259 f\u0259ls\u0259f\u0259 doktorudur. O, &ldquo;D&ouml;vl\u0259t qullu\u011funda f\u0259rql\u0259nm\u0259y\u0259 g&ouml;r\u0259&rdquo; medal\u0131 il\u0259 t\u0259ltif olunub.<\/p>\n<p>3-c&uuml; d\u0259r\u0259c\u0259li D&ouml;vl\u0259t m&uuml;\u015faviridir. Haz\u0131rda Konstitusiya M\u0259hk\u0259m\u0259si Aparat\u0131n\u0131n r\u0259hb\u0259rinin m&uuml;avini v\u0259zif\u0259sini tutur. \u0130ki &ouml;vlad\u0131 var.<\/p>\n<p>Qeyd ed\u0259k ki, bu v\u0259zif\u0259y\u0259 Bak\u0131 Apellyasiya M\u0259hk\u0259m\u0259sinin hakimi K\u0259mal\u0259 Abiyeva, Ali M\u0259hk\u0259m\u0259nin \u0130nsan H&uuml;quqlar\u0131 v\u0259 \u0130ctimaiyy\u0259tl\u0259 \u0259laq\u0259l\u0259r \u015f&ouml;b\u0259sinin m&uuml;diri K\u0259mal\u0259 \u018fliyeva v\u0259 Konstitusiya M\u0259hk\u0259m\u0259si Aparat r\u0259hb\u0259rinin m&uuml;avini S\u0259bin\u0259 \u018fliyevan\u0131n namiz\u0259dliyi ir\u0259li s&uuml;r&uuml;lm&uuml;\u015fd&uuml;.&nbsp;<\/p>\n<p>Xat\u0131rladaq ki, haz\u0131rda Az\u0259rbaycan\u0131n \u0130nsan H&uuml;quqlar\u0131 &uuml;zr\u0259 M&uuml;v\u0259kkili Elmira S&uuml;leymanovad\u0131r. O, 2002-ci ild\u0259n Ombudsmand\u0131r. Onun s\u0259lahiyy\u0259t m&uuml;dd\u0259ti 2017-ci il mart\u0131n 5-d\u0259 bitib.<\/p>\n","protected":false},"excerpt":{"rendered":"<p>Bu g&uuml;n Milli M\u0259clisin iclas\u0131nda \u0130nsan h&uuml;quqlar\u0131 &uuml;zr\u0259 m&uuml;v\u0259kkilin&nbsp;(Ombudsman\u0131n) se&ccedil;ilm\u0259si haqq\u0131nda m\u0259s\u0259l\u0259y\u0259 bax\u0131l\u0131b.&nbsp; Ombudsmanl\u0131\u011fa &uuml;&ccedil; n\u0259f\u0259rin namiz\u0259dliyi m&uuml;zakir\u0259y\u0259 &ccedil;\u0131xar\u0131l\u0131b. M&uuml;zakir\u0259l\u0259rd\u0259n sonra m\u0259s\u0259l\u0259 deputatlar\u0131n s\u0259sverm\u0259sin\u0259 &ccedil;\u0131xar\u0131l\u0131b v\u0259 Konstitusiya M\u0259hk\u0259m\u0259si Aparat r\u0259hb\u0259rinin&hellip;<\/p>\n","protected":false},"author":1,"featured_media":251278,"comment_status":"open","ping_status":"open","sticky":false,"template":"","format":"standard","meta":{"_lmt_disableupdate":"","_lmt_disable":"","footnotes":""},"categories":[],"tags":[],"class_list":["post-89025","post","type-post","status-publish","format-standard","has-post-thumbnail","hentry"],"_links":{"self":[{"href":"https:\/\/ucnoqta.az\/index.php?rest_route=\/wp\/v2\/posts\/89025","targetHints":{"allow":["GET"]}}],"collection":[{"href":"https:\/\/ucnoqta.az\/index.php?rest_route=\/wp\/v2\/posts"}],"about":[{"href":"https:\/\/ucnoqta.az\/index.php?rest_route=\/wp\/v2\/types\/post"}],"author":[{"embeddable":true,"href":"https:\/\/ucnoqta.az\/index.php?rest_route=\/wp\/v2\/users\/1"}],"replies":[{"embeddable":true,"href":"https:\/\/ucnoqta.az\/index.php?rest_route=%2Fwp%2Fv2%2Fcomments&post=89025"}],"version-history":[{"count":0,"href":"https:\/\/ucnoqta.az\/index.php?rest_route=\/wp\/v2\/posts\/89025\/revisions"}],"wp:featuredmedia":[{"embeddable":true,"href":"https:\/\/ucnoqta.az\/index.php?rest_route=\/wp\/v2\/media\/251278"}],"wp:attachment":[{"href":"https:\/\/ucnoqta.az\/index.php?rest_route=%2Fwp%2Fv2%2Fmedia&parent=89025"}],"wp:term":[{"taxonomy":"category","embeddable":true,"href":"https:\/\/ucnoqta.az\/index.php?rest_route=%2Fwp%2Fv2%2Fcategories&post=89025"},{"taxonomy":"post_tag","embeddable":true,"href":"https:\/\/ucnoqta.az\/index.php?rest_route=%2Fwp%2Fv2%2Ftags&post=89025"}],"curies":[{"name":"wp","href":"https:\/\/api.w.org\/{rel}","templated":true}]}}