{"id":89024,"date":"2019-11-29T13:56:41","date_gmt":"2019-11-29T09:56:41","guid":{"rendered":""},"modified":"-0001-11-30T00:00:00","modified_gmt":"-0001-11-29T20:00:00","slug":"","status":"publish","type":"post","link":"https:\/\/ucnoqta.az\/?p=89024","title":{"rendered":"K\u0130VDF f\u0259rdi jurnalist yaz\u0131lar\u0131 m\u00fcsabiq\u0259si elan edir"},"content":{"rendered":"<p><strong>Az\u0259rbaycan Respublikas\u0131n\u0131n Prezidenti yan\u0131nda K&uuml;tl\u0259vi \u0130nformasiya Vasit\u0259l\u0259rinin \u0130nki\u015faf\u0131na D&ouml;vl\u0259t D\u0259st\u0259yi Fondu 31 dekabr &#8211; D&uuml;nya Az\u0259rbaycanl\u0131lar\u0131n\u0131n H\u0259mr\u0259yliyi G&uuml;n&uuml; v\u0259 Yeni il m&uuml;nasib\u0259til\u0259 f\u0259rdi jurnalist yaz\u0131lar\u0131 m&uuml;sabiq\u0259si elan edir.<\/strong><\/p>\n<p>&nbsp;Az\u0259rbaycan Respublikas\u0131n\u0131n Prezidenti yan\u0131nda K&uuml;tl\u0259vi \u0130nformasiya Vasit\u0259l\u0259rinin \u0130nki\u015faf\u0131na D&ouml;vl\u0259t D\u0259st\u0259yi Fondu &quot;Az\u0259rbaycan Respublikas\u0131nda k&uuml;tl\u0259vi informasiya vasit\u0259l\u0259rinin inki\u015faf\u0131na d&ouml;vl\u0259t d\u0259st\u0259yi Konsepsiyas\u0131&quot; il\u0259 m&uuml;\u0259yy\u0259n edilmi\u015f d&ouml;vl\u0259t d\u0259st\u0259yinin prioritet sah\u0259l\u0259rin\u0259 uy\u011fun olaraq a\u015fa\u011f\u0131dak\u0131 istiqam\u0259tl\u0259r &uuml;zr\u0259 f\u0259rdi jurnalist yaz\u0131lar\u0131 m&uuml;sabiq\u0259sini elan edir:<\/p>\n<div class=\"pcrstb-wrap\"><table style=\"box-sizing: border-box; border-spacing: 0px; border-collapse: collapse; border-width: 1px; border-color: rgb(187, 187, 187); border-style: solid; margin-bottom: 25px; color: rgb(0, 0, 0); font-family: Roboto, Helvetica, Arial, sans-serif; font-size: 15px;\">\n<tbody style=\"box-sizing: border-box;\">\n<tr style=\"box-sizing: border-box; border-width: 1px; border-color: rgb(187, 187, 187); border-style: solid;\">\n<td style=\"box-sizing: border-box; padding: 4px 8px; border-width: 1px; border-color: rgb(187, 187, 187); border-style: solid;\">\n<p style=\"box-sizing: border-box; margin-top: 0px !important; margin-right: 0px !important; margin-bottom: 1em; margin-left: 0px !important;\"><strong style=\"box-sizing: border-box;\">\u2116<\/strong><\/p>\n<\/td>\n<td style=\"box-sizing: border-box; padding: 4px 8px; border-width: 1px; border-color: rgb(187, 187, 187); border-style: solid;\">\n<p style=\"box-sizing: border-box; margin-top: 0px !important; margin-right: 0px !important; margin-bottom: 1em; margin-left: 0px !important;\"><strong style=\"box-sizing: border-box;\">\u0130stiqam\u0259tin ad\u0131<\/strong><\/p>\n<\/td>\n<\/tr>\n<tr style=\"box-sizing: border-box; border-width: 1px; border-color: rgb(187, 187, 187); border-style: solid;\">\n<td style=\"box-sizing: border-box; padding: 4px 8px; border-width: 1px; border-color: rgb(187, 187, 187); border-style: solid;\">\n<p style=\"box-sizing: border-box; margin-top: 0px !important; margin-right: 0px !important; margin-bottom: 1em; margin-left: 0px !important;\">1.<\/p>\n<\/td>\n<td style=\"box-sizing: border-box; padding: 4px 8px; border-width: 1px; border-color: rgb(187, 187, 187); border-style: solid;\">\n<p style=\"box-sizing: border-box; margin-top: 0px !important; margin-right: 0px !important; margin-bottom: 1em; margin-left: 0px !important;\">V\u0259t\u0259nda\u015f c\u0259miyy\u0259ti, h&uuml;quqi d&ouml;vl\u0259t quruculu\u011fu<\/p>\n<\/td>\n<\/tr>\n<tr style=\"box-sizing: border-box; border-width: 1px; border-color: rgb(187, 187, 187); border-style: solid;\">\n<td style=\"box-sizing: border-box; padding: 4px 8px; border-width: 1px; border-color: rgb(187, 187, 187); border-style: solid;\">\n<p style=\"box-sizing: border-box; margin-top: 0px !important; margin-right: 0px !important; margin-bottom: 1em; margin-left: 0px !important;\">2.<\/p>\n<\/td>\n<td style=\"box-sizing: border-box; padding: 4px 8px; border-width: 1px; border-color: rgb(187, 187, 187); border-style: solid;\">\n<p style=\"box-sizing: border-box; margin-top: 0px !important; margin-right: 0px !important; margin-bottom: 1em; margin-left: 0px !important;\">Fikir, s&ouml;z v\u0259 m\u0259lumat azadl\u0131\u011f\u0131n\u0131n, pl&uuml;ralizmin inki\u015faf etdirilm\u0259si<\/p>\n<\/td>\n<\/tr>\n<tr style=\"box-sizing: border-box; border-width: 1px; border-color: rgb(187, 187, 187); border-style: solid;\">\n<td style=\"box-sizing: border-box; padding: 4px 8px; border-width: 1px; border-color: rgb(187, 187, 187); border-style: solid;\">\n<p style=\"box-sizing: border-box; margin-top: 0px !important; margin-right: 0px !important; margin-bottom: 1em; margin-left: 0px !important;\">3.<\/p>\n<\/td>\n<td style=\"box-sizing: border-box; padding: 4px 8px; border-width: 1px; border-color: rgb(187, 187, 187); border-style: solid;\">\n<p style=\"box-sizing: border-box; margin-top: 0px !important; margin-right: 0px !important; margin-bottom: 1em; margin-left: 0px !important;\">\u0130nsan h&uuml;quq v\u0259 azadl\u0131qlar\u0131n\u0131n m&uuml;dafi\u0259si, v\u0259t\u0259nda\u015flar\u0131n h&uuml;quqi, siyasi<\/p>\n<p style=\"box-sizing: border-box; margin-top: 0px !important; margin-right: 0px !important; margin-bottom: 1em; margin-left: 0px !important;\">m\u0259d\u0259niyy\u0259t s\u0259viyy\u0259sinin y&uuml;ks\u0259ldilm\u0259si, sosial v\u0259 siyasi f\u0259all\u0131\u011f\u0131n\u0131n art\u0131r\u0131lmas\u0131<\/p>\n<\/td>\n<\/tr>\n<tr style=\"box-sizing: border-box; border-width: 1px; border-color: rgb(187, 187, 187); border-style: solid;\">\n<td style=\"box-sizing: border-box; padding: 4px 8px; border-width: 1px; border-color: rgb(187, 187, 187); border-style: solid;\">\n<p style=\"box-sizing: border-box; margin-top: 0px !important; margin-right: 0px !important; margin-bottom: 1em; margin-left: 0px !important;\">4.<\/p>\n<\/td>\n<td style=\"box-sizing: border-box; padding: 4px 8px; border-width: 1px; border-color: rgb(187, 187, 187); border-style: solid;\">\n<p style=\"box-sizing: border-box; margin-top: 0px !important; margin-right: 0px !important; margin-bottom: 1em; margin-left: 0px !important;\">\u0130ctimai v\u0259 d&ouml;vl\u0259t maraqlar\u0131n\u0131n m&uuml;dafi\u0259si<\/p>\n<\/td>\n<\/tr>\n<tr style=\"box-sizing: border-box; border-width: 1px; border-color: rgb(187, 187, 187); border-style: solid;\">\n<td style=\"box-sizing: border-box; padding: 4px 8px; border-width: 1px; border-color: rgb(187, 187, 187); border-style: solid;\">\n<p style=\"box-sizing: border-box; margin-top: 0px !important; margin-right: 0px !important; margin-bottom: 1em; margin-left: 0px !important;\">5.<\/p>\n<\/td>\n<td style=\"box-sizing: border-box; padding: 4px 8px; border-width: 1px; border-color: rgb(187, 187, 187); border-style: solid;\">\n<p style=\"box-sizing: border-box; margin-top: 0px !important; margin-right: 0px !important; margin-bottom: 1em; margin-left: 0px !important;\">Erm\u0259nistan-Az\u0259rbaycan, Da\u011fl\u0131q Qaraba\u011f m&uuml;naqi\u015f\u0259si haqq\u0131nda h\u0259qiq\u0259tl\u0259rin d&uuml;nya ictimaiyy\u0259tin\u0259 &ccedil;atd\u0131r\u0131lmas\u0131, Az\u0259rbaycan\u0131n \u0259dal\u0259tli m&ouml;vqeyinin m&uuml;dafi\u0259 edilm\u0259si<\/p>\n<\/td>\n<\/tr>\n<tr style=\"box-sizing: border-box; border-width: 1px; border-color: rgb(187, 187, 187); border-style: solid;\">\n<td style=\"box-sizing: border-box; padding: 4px 8px; border-width: 1px; border-color: rgb(187, 187, 187); border-style: solid;\">\n<p style=\"box-sizing: border-box; margin-top: 0px !important; margin-right: 0px !important; margin-bottom: 1em; margin-left: 0px !important;\">6.<\/p>\n<\/td>\n<td style=\"box-sizing: border-box; padding: 4px 8px; border-width: 1px; border-color: rgb(187, 187, 187); border-style: solid;\">\n<p style=\"box-sizing: border-box; margin-top: 0px !important; margin-right: 0px !important; margin-bottom: 1em; margin-left: 0px !important;\">Az\u0259rbaycan Respublikas\u0131n\u0131n d&uuml;nya birliyin\u0259 inteqrasiyas\u0131, region &ouml;lk\u0259l\u0259ri v\u0259<\/p>\n<p style=\"box-sizing: border-box; margin-top: 0px !important; margin-right: 0px !important; margin-bottom: 1em; margin-left: 0px !important;\">dig\u0259r d&ouml;vl\u0259tl\u0259rl\u0259, beyn\u0259lxalq t\u0259\u015fkilatlarla \u0259m\u0259kda\u015fl\u0131\u011f\u0131n\u0131n inki\u015faf etdirilm\u0259si<\/p>\n<\/td>\n<\/tr>\n<tr style=\"box-sizing: border-box; border-width: 1px; border-color: rgb(187, 187, 187); border-style: solid;\">\n<td style=\"box-sizing: border-box; padding: 4px 8px; border-width: 1px; border-color: rgb(187, 187, 187); border-style: solid;\">\n<p style=\"box-sizing: border-box; margin-top: 0px !important; margin-right: 0px !important; margin-bottom: 1em; margin-left: 0px !important;\">7.<\/p>\n<\/td>\n<td style=\"box-sizing: border-box; padding: 4px 8px; border-width: 1px; border-color: rgb(187, 187, 187); border-style: solid;\">\n<p style=\"box-sizing: border-box; margin-top: 0px !important; margin-right: 0px !important; margin-bottom: 1em; margin-left: 0px !important;\">Qa&ccedil;q\u0131n v\u0259 m\u0259cburi k&ouml;&ccedil;k&uuml;nl\u0259rin, \u0259halinin sosial c\u0259h\u0259td\u0259n qay\u011f\u0131ya ehtiyac\u0131<\/p>\n<p style=\"box-sizing: border-box; margin-top: 0px !important; margin-right: 0px !important; margin-bottom: 1em; margin-left: 0px !important;\">olan t\u0259b\u0259q\u0259l\u0259rinin probleml\u0259rinin h\u0259lli il\u0259 ba\u011fl\u0131 h\u0259yata ke&ccedil;iril\u0259n t\u0259dbirl\u0259rin i\u015f\u0131qland\u0131r\u0131lmas\u0131<\/p>\n<\/td>\n<\/tr>\n<tr style=\"box-sizing: border-box; border-width: 1px; border-color: rgb(187, 187, 187); border-style: solid;\">\n<td style=\"box-sizing: border-box; padding: 4px 8px; border-width: 1px; border-color: rgb(187, 187, 187); border-style: solid;\">\n<p style=\"box-sizing: border-box; margin-top: 0px !important; margin-right: 0px !important; margin-bottom: 1em; margin-left: 0px !important;\">8.<\/p>\n<\/td>\n<td style=\"box-sizing: border-box; padding: 4px 8px; border-width: 1px; border-color: rgb(187, 187, 187); border-style: solid;\">\n<p style=\"box-sizing: border-box; margin-top: 0px !important; margin-right: 0px !important; margin-bottom: 1em; margin-left: 0px !important;\">Az\u0259rbaycan\u0131n d&ouml;vl\u0259t&ccedil;ilik tarixinin, milli ad\u0259t-\u0259n\u0259n\u0259l\u0259rinin, elm v\u0259 m\u0259d\u0259niyy\u0259tinin t\u0259bli\u011fi<\/p>\n<\/td>\n<\/tr>\n<tr style=\"box-sizing: border-box; border-width: 1px; border-color: rgb(187, 187, 187); border-style: solid;\">\n<td style=\"box-sizing: border-box; padding: 4px 8px; border-width: 1px; border-color: rgb(187, 187, 187); border-style: solid;\">\n<p style=\"box-sizing: border-box; margin-top: 0px !important; margin-right: 0px !important; margin-bottom: 1em; margin-left: 0px !important;\">9.<\/p>\n<\/td>\n<td style=\"box-sizing: border-box; padding: 4px 8px; border-width: 1px; border-color: rgb(187, 187, 187); border-style: solid;\">\n<p style=\"box-sizing: border-box; margin-top: 0px !important; margin-right: 0px !important; margin-bottom: 1em; margin-left: 0px !important;\">Az\u0259rbaycan&ccedil;\u0131l\u0131q ideyas\u0131n\u0131n t\u0259bli\u011fi<\/p>\n<\/td>\n<\/tr>\n<tr style=\"box-sizing: border-box; border-width: 1px; border-color: rgb(187, 187, 187); border-style: solid;\">\n<td style=\"box-sizing: border-box; padding: 4px 8px; border-width: 1px; border-color: rgb(187, 187, 187); border-style: solid;\">\n<p style=\"box-sizing: border-box; margin-top: 0px !important; margin-right: 0px !important; margin-bottom: 1em; margin-left: 0px !important;\">10.<\/p>\n<\/td>\n<td style=\"box-sizing: border-box; padding: 4px 8px; border-width: 1px; border-color: rgb(187, 187, 187); border-style: solid;\">\n<p style=\"box-sizing: border-box; margin-top: 0px !important; margin-right: 0px !important; margin-bottom: 1em; margin-left: 0px !important;\">Regionlar\u0131n sosial-iqtisadi inki\u015faf\u0131n\u0131n t\u0259\u015fviq edilm\u0259si<\/p>\n<\/td>\n<\/tr>\n<tr style=\"box-sizing: border-box; border-width: 1px; border-color: rgb(187, 187, 187); border-style: solid;\">\n<td style=\"box-sizing: border-box; padding: 4px 8px; border-width: 1px; border-color: rgb(187, 187, 187); border-style: solid;\">\n<p style=\"box-sizing: border-box; margin-top: 0px !important; margin-right: 0px !important; margin-bottom: 1em; margin-left: 0px !important;\">11.<\/p>\n<\/td>\n<td style=\"box-sizing: border-box; padding: 4px 8px; border-width: 1px; border-color: rgb(187, 187, 187); border-style: solid;\">\n<p style=\"box-sizing: border-box; margin-top: 0px !important; margin-right: 0px !important; margin-bottom: 1em; margin-left: 0px !important;\">\u0130nformasiya v\u0259 kommunikasiya texnologiyalar\u0131n\u0131n inki\u015faf etdirilm\u0259si<\/p>\n<\/td>\n<\/tr>\n<tr style=\"box-sizing: border-box; border-width: 1px; border-color: rgb(187, 187, 187); border-style: solid;\">\n<td style=\"box-sizing: border-box; padding: 4px 8px; border-width: 1px; border-color: rgb(187, 187, 187); border-style: solid;\">\n<p style=\"box-sizing: border-box; margin-top: 0px !important; margin-right: 0px !important; margin-bottom: 1em; margin-left: 0px !important;\">12.<\/p>\n<\/td>\n<td style=\"box-sizing: border-box; padding: 4px 8px; border-width: 1px; border-color: rgb(187, 187, 187); border-style: solid;\">\n<p style=\"box-sizing: border-box; margin-top: 0px !important; margin-right: 0px !important; margin-bottom: 1em; margin-left: 0px !important;\">Diaspor quruculu\u011fu, lobbi&ccedil;ilik v\u0259 d&uuml;nya az\u0259rbaycanl\u0131lar\u0131n\u0131n h\u0259mr\u0259yliyi<\/p>\n<\/td>\n<\/tr>\n<tr style=\"box-sizing: border-box; border-width: 1px; border-color: rgb(187, 187, 187); border-style: solid;\">\n<td style=\"box-sizing: border-box; padding: 4px 8px; border-width: 1px; border-color: rgb(187, 187, 187); border-style: solid;\">\n<p style=\"box-sizing: border-box; margin-top: 0px !important; margin-right: 0px !important; margin-bottom: 1em; margin-left: 0px !important;\">13.<\/p>\n<\/td>\n<td style=\"box-sizing: border-box; padding: 4px 8px; border-width: 1px; border-color: rgb(187, 187, 187); border-style: solid;\">\n<p style=\"box-sizing: border-box; margin-top: 0px !important; margin-right: 0px !important; margin-bottom: 1em; margin-left: 0px !important;\">Dini v\u0259 milli tolerantl\u0131q, mill\u0259tl\u0259raras\u0131 m&uuml;nasib\u0259tl\u0259rin inki\u015faf etdirilm\u0259si<\/p>\n<\/td>\n<\/tr>\n<tr style=\"box-sizing: border-box; border-width: 1px; border-color: rgb(187, 187, 187); border-style: solid;\">\n<td style=\"box-sizing: border-box; padding: 4px 8px; border-width: 1px; border-color: rgb(187, 187, 187); border-style: solid;\">\n<p style=\"box-sizing: border-box; margin-top: 0px !important; margin-right: 0px !important; margin-bottom: 1em; margin-left: 0px !important;\">14.<\/p>\n<\/td>\n<td style=\"box-sizing: border-box; padding: 4px 8px; border-width: 1px; border-color: rgb(187, 187, 187); border-style: solid;\">\n<p style=\"box-sizing: border-box; margin-top: 0px !important; margin-right: 0px !important; margin-bottom: 1em; margin-left: 0px !important;\">Gender, ail\u0259 v\u0259 demoqrafiya m\u0259s\u0259l\u0259l\u0259rinin i\u015f\u0131qland\u0131r\u0131lmas\u0131<\/p>\n<\/td>\n<\/tr>\n<tr style=\"box-sizing: border-box; border-width: 1px; border-color: rgb(187, 187, 187); border-style: solid;\">\n<td style=\"box-sizing: border-box; padding: 4px 8px; border-width: 1px; border-color: rgb(187, 187, 187); border-style: solid;\">\n<p style=\"box-sizing: border-box; margin-top: 0px !important; margin-right: 0px !important; margin-bottom: 1em; margin-left: 0px !important;\">15.<\/p>\n<\/td>\n<td style=\"box-sizing: border-box; padding: 4px 8px; border-width: 1px; border-color: rgb(187, 187, 187); border-style: solid;\">\n<p style=\"box-sizing: border-box; margin-top: 0px !important; margin-right: 0px !important; margin-bottom: 1em; margin-left: 0px !important;\">U\u015faq v\u0259 g\u0259ncl\u0259rin fiziki v\u0259 m\u0259n\u0259vi inki\u015faf\u0131<\/p>\n<\/td>\n<\/tr>\n<tr style=\"box-sizing: border-box; border-width: 1px; border-color: rgb(187, 187, 187); border-style: solid;\">\n<td style=\"box-sizing: border-box; padding: 4px 8px; border-width: 1px; border-color: rgb(187, 187, 187); border-style: solid;\">\n<p style=\"box-sizing: border-box; margin-top: 0px !important; margin-right: 0px !important; margin-bottom: 1em; margin-left: 0px !important;\">16.<\/p>\n<\/td>\n<td style=\"box-sizing: border-box; padding: 4px 8px; border-width: 1px; border-color: rgb(187, 187, 187); border-style: solid;\">\n<p style=\"box-sizing: border-box; margin-top: 0px !important; margin-right: 0px !important; margin-bottom: 1em; margin-left: 0px !important;\">Ekologiya v\u0259 \u0259traf m&uuml;hitin m&uuml;hafiz\u0259si<\/p>\n<\/td>\n<\/tr>\n<tr style=\"box-sizing: border-box; border-width: 1px; border-color: rgb(187, 187, 187); border-style: solid;\">\n<td style=\"box-sizing: border-box; padding: 4px 8px; border-width: 1px; border-color: rgb(187, 187, 187); border-style: solid;\">\n<p style=\"box-sizing: border-box; margin-top: 0px !important; margin-right: 0px !important; margin-bottom: 1em; margin-left: 0px !important;\">17.<\/p>\n<\/td>\n<td style=\"box-sizing: border-box; padding: 4px 8px; border-width: 1px; border-color: rgb(187, 187, 187); border-style: solid;\">\n<p style=\"box-sizing: border-box; margin-top: 0px !important; margin-right: 0px !important; margin-bottom: 1em; margin-left: 0px !important;\">Azad sahibkarl\u0131\u011f\u0131n v\u0259 liberal iqtisadiyyat\u0131n t\u0259\u015fviqi<\/p>\n<\/td>\n<\/tr>\n<tr style=\"box-sizing: border-box; border-width: 1px; border-color: rgb(187, 187, 187); border-style: solid;\">\n<td style=\"box-sizing: border-box; padding: 4px 8px; border-width: 1px; border-color: rgb(187, 187, 187); border-style: solid;\">\n<p style=\"box-sizing: border-box; margin-top: 0px !important; margin-right: 0px !important; margin-bottom: 1em; margin-left: 0px !important;\">18.<\/p>\n<\/td>\n<td style=\"box-sizing: border-box; padding: 4px 8px; border-width: 1px; border-color: rgb(187, 187, 187); border-style: solid;\">\n<p style=\"box-sizing: border-box; margin-top: 0px !important; margin-right: 0px !important; margin-bottom: 1em; margin-left: 0px !important;\">Elm v\u0259 t\u0259hsilin inki\u015faf etdirilm\u0259si<\/p>\n<\/td>\n<\/tr>\n<tr style=\"box-sizing: border-box; border-width: 1px; border-color: rgb(187, 187, 187); border-style: solid;\">\n<td style=\"box-sizing: border-box; padding: 4px 8px; border-width: 1px; border-color: rgb(187, 187, 187); border-style: solid;\">\n<p style=\"box-sizing: border-box; margin-top: 0px !important; margin-right: 0px !important; margin-bottom: 1em; margin-left: 0px !important;\">19.<\/p>\n<\/td>\n<td style=\"box-sizing: border-box; padding: 4px 8px; border-width: 1px; border-color: rgb(187, 187, 187); border-style: solid;\">\n<p style=\"box-sizing: border-box; margin-top: 0px !important; margin-right: 0px !important; margin-bottom: 1em; margin-left: 0px !important;\">G\u0259nc n\u0259slin milli m\u0259nlik \u015f&uuml;urunun inki\u015faf etdirilm\u0259si v\u0259 v\u0259t\u0259np\u0259rv\u0259rlik hissl\u0259rinin t\u0259rbiy\u0259si<\/p>\n<div>&nbsp;<\/div>\n<p>&nbsp;<\/p>\n<\/td>\n<\/tr>\n<\/tbody>\n<\/table><\/div>\n<p>G\u0259nc n\u0259slin milli m\u0259nlik \u015f&uuml;urunun inki\u015faf etdirilm\u0259si v\u0259 v\u0259t\u0259np\u0259rv\u0259rlik hissl\u0259rinin t\u0259rbiy\u0259si<\/p>\n<p><strong>M&uuml;sabiq\u0259d\u0259 i\u015ftirak<\/strong><\/p>\n<p>M&uuml;sabiq\u0259 elan olunan g&uuml;n\u0259d\u0259k \u0259n az\u0131 1 (bir) il m&uuml;dd\u0259tind\u0259 k&uuml;tl\u0259vi informasiya vasit\u0259l\u0259rind\u0259 (q\u0259zet, jurnal, informasiya agentliyi v\u0259 r\u0259smi qeydiyyatdan ke&ccedil;mi\u015f internet media resurslar\u0131nda) fasil\u0259siz &ccedil;al\u0131\u015fan \u015f\u0259xsl\u0259r m&uuml;sabiq\u0259d\u0259 i\u015ftirak ed\u0259 bil\u0259rl\u0259r.<\/p>\n<p>M&uuml;sabiq\u0259y\u0259 t\u0259qdim olunan yaz\u0131lara aid t\u0259l\u0259bl\u0259r<\/p>\n<p>1. M&uuml;sabiq\u0259y\u0259 h\u0259r jurnalist yaln\u0131z bir yaz\u0131 t\u0259qdim ed\u0259 bil\u0259r.<br \/>\n2. Yaz\u0131 Fond t\u0259r\u0259find\u0259n elan edilmi\u015f istiqam\u0259tl\u0259r\u0259 uy\u011fun olmal\u0131d\u0131r. M&uuml;\u0259llifl\u0259r elan edilmi\u015f istiqam\u0259tl\u0259r\u0259 uy\u011fun olaraq yaz\u0131lar\u0131n m&ouml;vzu v\u0259 s\u0259rl&ouml;vh\u0259l\u0259rini s\u0259rb\u0259st \u015f\u0259kild\u0259 m&uuml;\u0259yy\u0259nl\u0259\u015fdir\u0259 bil\u0259rl\u0259r.<br \/>\n3. Yaz\u0131 son bir ild\u0259, h\u0259ft\u0259d\u0259 bir d\u0259f\u0259d\u0259n az olmayaraq n\u0259\u015fr edil\u0259n, Az\u0259rbaycan M\u0259tbuat \u015euras\u0131n\u0131n t\u0259rtib etdiyi&nbsp;&ldquo;qara siyah\u0131&rdquo;ya d&uuml;\u015fm\u0259y\u0259n m\u0259tbuat orqanlar\u0131nda d\u0259rc edilm\u0259lidir.<br \/>\n4. Q\u0259zetd\u0259 d\u0259rc olunmu\u015f yaz\u0131da &quot;Az\u0259rbaycan Respublikas\u0131n\u0131n Prezidenti yan\u0131nda K&uuml;tl\u0259vi \u0130nformasiya Vasit\u0259l\u0259rinin \u0130nki\u015faf\u0131na D&ouml;vl\u0259t D\u0259st\u0259yi Fondunun ke&ccedil;irdiyi m&uuml;sabiq\u0259y\u0259 t\u0259qdim etm\u0259k &uuml;&ccedil;&uuml;n&quot;&nbsp;qeydi g&ouml;st\u0259rilm\u0259lidir.<\/p>\n<p>QEYD:&nbsp;\u0130nformasiya agentlikl\u0259ri v\u0259 r\u0259smi qeydiyyatdan ke&ccedil;mi\u015f internet media resurslar\u0131nda &ccedil;al\u0131\u015fan jurnalistl\u0259r m&uuml;sabiq\u0259y\u0259 t\u0259qdim ed\u0259c\u0259kl\u0259ri yaz\u0131lar\u0131 h\u0259min internet media resurslar\u0131nda yerl\u0259\u015fdirm\u0259lidirl\u0259r.<br \/>\n5. A\u015fa\u011f\u0131dak\u0131 redaksiyalar\u0131n yaz\u0131lar\u0131 m&uuml;sabiq\u0259y\u0259 q\u0259bul edilmir:<br \/>\n5.1.&nbsp;Az\u0259rbaycan jurnalistl\u0259rinin I qurultay\u0131nda q\u0259bul olunmu\u015f Az\u0259rbaycan jurnalistl\u0259rinin pe\u015f\u0259 (etik) davran\u0131\u015f qaydalar\u0131n\u0131 pozmas\u0131 il\u0259 \u0259laq\u0259dar haqq\u0131nda Az\u0259rbaycan M\u0259tbuat \u015euras\u0131 t\u0259r\u0259find\u0259n m&uuml;vafiq q\u0259rar &ccedil;\u0131xar\u0131lan;<\/p>\n<p>a)&nbsp;Az\u0259rbaycan M\u0259tbuat \u015euras\u0131n\u0131n t\u0259rtib etdiyi&nbsp;&quot;qara siyah\u0131&quot;ya d&uuml;\u015f\u0259n;<br \/>\nb)&nbsp;Az\u0259rbaycan M\u0259tbuat \u015euras\u0131n\u0131n t\u0259rtib etdiyi&nbsp;&quot;qara siyah\u0131&quot;dan &ccedil;\u0131xar\u0131lan&nbsp;(1 il m&uuml;dd\u0259tind\u0259);<br \/>\nc)&nbsp;Az\u0259rbaycan M\u0259tbuat \u015euras\u0131 t\u0259r\u0259find\u0259n x\u0259b\u0259rdarl\u0131q alm\u0131\u015f K\u0130V-l\u0259r&nbsp;(6 ay m&uuml;dd\u0259tind\u0259).<\/p>\n<p>T\u0259l\u0259b olunan s\u0259n\u0259dl\u0259r tam olmad\u0131\u011f\u0131 v\u0259 ya h\u0259qiq\u0259ti \u0259ks etdirm\u0259diyi hallarda yaz\u0131lar m&uuml;sabiq\u0259y\u0259 burax\u0131lm\u0131r.<\/p>\n<p>Yaz\u0131lar\u0131n q\u0259bul qaydalar\u0131<\/p>\n<p>1. Yaz\u0131n\u0131n d\u0259rc olundu\u011fu m\u0259tbuat (q\u0259zetd\u0259 &ccedil;al\u0131\u015fanlar &uuml;&ccedil;&uuml;n) orqan\u0131&nbsp;(q\u0259zet, jurnal)&nbsp;&#8211; 1 n&uuml;sx\u0259<\/p>\n<p>2. Yaz\u0131n\u0131n elektron variant\u0131&nbsp;(Arial (12) \u015friftind\u0259 -CD diskd\u0259) &#8211;&nbsp;1 n&uuml;sx\u0259<\/p>\n<p>3. Yaz\u0131n\u0131n A4 formatda &ccedil;ap olunmu\u015f variant\u0131&nbsp;(m&uuml;\u0259llifin imzas\u0131 g&ouml;st\u0259rilm\u0259m\u0259lidir)&nbsp;&#8211; 3 n&uuml;sx\u0259<\/p>\n<p>4. Yaz\u0131lar\u0131n h\u0259cmi: 1 s\u0259hif\u0259 (A3) olmal\u0131d\u0131r&nbsp;(9-11 min i\u015far\u0259).<\/p>\n<p>T\u0259l\u0259b olunan s\u0259n\u0259dl\u0259r<\/p>\n<p>1. \u018fm\u0259k v\u0259 \u018fhalinin Sosial M&uuml;dafi\u0259si Nazirliyinin Elektron \u0130nformasiya sistemind\u0259n &ccedil;\u0131xar\u0131lm\u0131\u015f \u0259m\u0259k m&uuml;qavil\u0259si bildiri\u015fi;<\/p>\n<p>2.&nbsp;\u0130\u015ftirak&ccedil;\u0131 haqq\u0131nda m\u0259lumat c\u0259dv\u0259li (m&ouml;h&uuml;r, m&uuml;\u0259llif v\u0259 ba\u015f redaktorun imzas\u0131 il\u0259);<\/p>\n<p>3. \u015e\u0259xsiyy\u0259t v\u0259siq\u0259sinin sur\u0259ti;<\/p>\n<p>4. \u015e\u0259xsi V&Ouml;EN v\u0259 sur\u0259ti;<\/p>\n<p>5. \u015e\u0259xsi bank rekvizitl\u0259ri (\u015f\u0259xsi V&Ouml;EN \u0259sas\u0131nda a&ccedil;\u0131lm\u0131\u015f bank hesab\u0131 v\u0259 hesab\u0131n aktiv olmas\u0131 bar\u0259d\u0259 bank t\u0259r\u0259find\u0259n t\u0259sdiq edilmi\u015f s\u0259n\u0259d).<\/p>\n<p>Fonda t\u0259qdim edilmi\u015f yaz\u0131lar v\u0259 s\u0259n\u0259dl\u0259r geri qaytar\u0131lm\u0131r<\/p>\n<p>Yaz\u0131lar\u0131n q\u0259bulu&nbsp;08 noyabr 2019-cu il tarixd\u0259&nbsp;ba\u015flay\u0131r,&nbsp;13 dekabr 2019-cu il tarixd\u0259&nbsp;ba\u015fa &ccedil;at\u0131r.<\/p>\n<p>Yaz\u0131lar r\u0259smi i\u015f g&uuml;nl\u0259ri saat&nbsp;10:00-dan 16:00-d\u0259k, Az\u0259rbaycan Respublikas\u0131n\u0131n Prezidenti yan\u0131nda K&uuml;tl\u0259vi \u0130nformasiya Vasit\u0259l\u0259rinin \u0130nki\u015faf\u0131na D&ouml;vl\u0259t D\u0259st\u0259yi Fonduna \u015f\u0259xs\u0259n t\u0259qdim olunmal\u0131d\u0131r.<\/p>\n<p>QEYD:&nbsp;Regionlarda f\u0259aliyy\u0259t g&ouml;st\u0259r\u0259n jurnalistl\u0259r m&uuml;sabiq\u0259y\u0259 yaz\u0131lar\u0131 &ouml;zl\u0259ri v\u0259 ya s\u0259lahiyy\u0259tli n&uuml;may\u0259nd\u0259l\u0259ri vasit\u0259sil\u0259 t\u0259qdim ed\u0259 bil\u0259rl\u0259r.<\/p>\n<p>Qiym\u0259tl\u0259ndirm\u0259 meyarlar\u0131:<\/p>\n<p>&#8211; m&ouml;vzunun \u0259hat\u0259 olunmas\u0131, jurnalist ara\u015fd\u0131rmas\u0131, \u0259sasland\u0131rma;<\/p>\n<p>&#8211; material\u0131n oxucu &uuml;&ccedil;&uuml;n informasiyal\u0131l\u0131q s\u0259viyy\u0259si;<\/p>\n<p>&#8211; yaz\u0131n\u0131n dil v\u0259 &uuml;slub x&uuml;susiyy\u0259tl\u0259ri, b\u0259dii-estetik ifad\u0259si;<\/p>\n<p>&#8211; jurnalist obyektivliyi, q\u0259r\u0259zsizliyi, t\u0259r\u0259fsizliyi v\u0259 m\u0259suliyy\u0259ti;<\/p>\n<p>&#8211; ictimai maraqlar\u0131n m&uuml;dafi\u0259si.<\/p>\n<p>M&uuml;sabiq\u0259y\u0259 t\u0259qdim olunmu\u015f yaz\u0131lar\u0131n m&uuml;kafatland\u0131r\u0131lmas\u0131<\/p>\n<p>H\u0259r istiqam\u0259t &uuml;zr\u0259 6 qalib m&uuml;\u0259yy\u0259n edilir<\/p>\n<p>I yer &uuml;&ccedil;&uuml;n bir n\u0259f\u0259r (500 AZN)<\/p>\n<p>II yer &uuml;&ccedil;&uuml;n iki n\u0259f\u0259r (400 AZN)<\/p>\n<p>III yer &uuml;&ccedil;&uuml;n &uuml;&ccedil; n\u0259f\u0259r (300 AZN)<\/p>\n<p>Yaz\u0131lar 10 ball\u0131q sistem &uuml;zr\u0259 qiym\u0259tl\u0259ndirilir, maksimum 50 bal m&uuml;\u0259yy\u0259n olunur. 30-dan a\u015fa\u011f\u0131 bal toplam\u0131\u015f yaz\u0131 m&uuml;\u0259llifl\u0259ri m&uuml;kafat&ccedil;\u0131lar siyah\u0131s\u0131na d&uuml;\u015fm&uuml;r.<\/p>\n<p>\u0130\u015ftirak&ccedil;\u0131 haqq\u0131nda m\u0259lumat c\u0259dv\u0259li (m&uuml;\u0259llif t\u0259r\u0259find\u0259n doldurulur):<\/p>\n<p>Yaz\u0131n\u0131n istiqam\u0259ti<\/p>\n<p>Yaz\u0131n\u0131n ad\u0131<\/p>\n<p>M&uuml;\u0259llifin ad\u0131, soyad\u0131, atas\u0131n\u0131n ad\u0131<\/p>\n<p>\u0130\u015fl\u0259diyi K\u0130V<\/p>\n<p>V\u0259zif\u0259si<\/p>\n<p>Yaz\u0131n\u0131n d\u0259rc olundu\u011fu m\u0259tbuat orqan\u0131<\/p>\n<p>&Uuml;nvan<\/p>\n<p>&#8211; i\u015f telefonu<\/p>\n<p>&#8211; ev telefonu<\/p>\n<p>&#8211; mobil telefonu<\/p>\n<p>&#8211; elektron po&ccedil;t &uuml;nvan\u0131<\/p>\n<p>\u015e\u0259xsin imzas\u0131 _______________ Ba\u015f redaktorun imzas\u0131 _______________<\/p>\n<p>M.Y.<\/p>\n<p>S\u0259n\u0259dl\u0259rin t\u0259qdim olunma tarixi: &quot;____&quot;__________ 2019-cu il<\/p>\n<p>&Uuml;nvan: Bak\u0131 \u015f\u0259h\u0259ri, M\u0259tbuat prospekti, 529-cu m\u0259h\u0259ll\u0259.<\/p>\n<p>\u018flaq\u0259 telefonlar\u0131: (012) 537 19 45, (012) 537 19 41;<\/p>\n<p>Elektron &uuml;nvan:&nbsp;kivdf.info@gmail.com<\/p>\n<p>www.kivdf.gov.az<\/p>\n","protected":false},"excerpt":{"rendered":"<p>Az\u0259rbaycan Respublikas\u0131n\u0131n Prezidenti yan\u0131nda K&uuml;tl\u0259vi \u0130nformasiya Vasit\u0259l\u0259rinin \u0130nki\u015faf\u0131na D&ouml;vl\u0259t D\u0259st\u0259yi Fondu 31 dekabr &#8211; D&uuml;nya Az\u0259rbaycanl\u0131lar\u0131n\u0131n H\u0259mr\u0259yliyi G&uuml;n&uuml; v\u0259 Yeni il m&uuml;nasib\u0259til\u0259 f\u0259rdi jurnalist yaz\u0131lar\u0131 m&uuml;sabiq\u0259si elan edir. &nbsp;Az\u0259rbaycan Respublikas\u0131n\u0131n&hellip;<\/p>\n","protected":false},"author":1,"featured_media":251278,"comment_status":"open","ping_status":"open","sticky":false,"template":"","format":"standard","meta":{"_lmt_disableupdate":"","_lmt_disable":"","footnotes":""},"categories":[],"tags":[],"class_list":["post-89024","post","type-post","status-publish","format-standard","has-post-thumbnail","hentry"],"_links":{"self":[{"href":"https:\/\/ucnoqta.az\/index.php?rest_route=\/wp\/v2\/posts\/89024","targetHints":{"allow":["GET"]}}],"collection":[{"href":"https:\/\/ucnoqta.az\/index.php?rest_route=\/wp\/v2\/posts"}],"about":[{"href":"https:\/\/ucnoqta.az\/index.php?rest_route=\/wp\/v2\/types\/post"}],"author":[{"embeddable":true,"href":"https:\/\/ucnoqta.az\/index.php?rest_route=\/wp\/v2\/users\/1"}],"replies":[{"embeddable":true,"href":"https:\/\/ucnoqta.az\/index.php?rest_route=%2Fwp%2Fv2%2Fcomments&post=89024"}],"version-history":[{"count":0,"href":"https:\/\/ucnoqta.az\/index.php?rest_route=\/wp\/v2\/posts\/89024\/revisions"}],"wp:featuredmedia":[{"embeddable":true,"href":"https:\/\/ucnoqta.az\/index.php?rest_route=\/wp\/v2\/media\/251278"}],"wp:attachment":[{"href":"https:\/\/ucnoqta.az\/index.php?rest_route=%2Fwp%2Fv2%2Fmedia&parent=89024"}],"wp:term":[{"taxonomy":"category","embeddable":true,"href":"https:\/\/ucnoqta.az\/index.php?rest_route=%2Fwp%2Fv2%2Fcategories&post=89024"},{"taxonomy":"post_tag","embeddable":true,"href":"https:\/\/ucnoqta.az\/index.php?rest_route=%2Fwp%2Fv2%2Ftags&post=89024"}],"curies":[{"name":"wp","href":"https:\/\/api.w.org\/{rel}","templated":true}]}}