{"id":89023,"date":"2019-11-29T13:20:18","date_gmt":"2019-11-29T09:20:18","guid":{"rendered":""},"modified":"-0001-11-30T00:00:00","modified_gmt":"-0001-11-29T20:00:00","slug":"","status":"publish","type":"post","link":"https:\/\/ucnoqta.az\/?p=89023","title":{"rendered":"Yeni Ombudsman and i\u00e7di"},"content":{"rendered":"<p><strong>Az\u0259rbaycanda yeni se&ccedil;il\u0259n Ombudsman S\u0259bin\u0259 \u018fliyeva bu g&uuml;n Milli M\u0259clisd\u0259 and i&ccedil;ib.&nbsp;<\/strong><\/p>\n<p>S.\u018fliyeva bildirib ki, &ouml;z v\u0259zif\u0259sini \u015f\u0259r\u0259f v\u0259 l\u0259yqa\u0259tl\u0259 yerin\u0259 yetir\u0259c\u0259k:<br \/>\n&ldquo;\u018fsas\u0131 ulu &Ouml;nd\u0259r Heyd\u0259r \u018fliyev t\u0259r\u0259find\u0259n qoyulan v\u0259 Prezident \u0130lham \u018fliyevin daha da t\u0259kmill\u0259\u015fdirdiyi insan h&uuml;quqlar\u0131n\u0131n t\u0259min edilm\u0259si sisteminin f\u0259aliyy\u0259tin\u0259 t&ouml;hf\u0259 verilm\u0259si, bununla da c\u0259miyy\u0259timizd\u0259 ged\u0259n h\u0259rt\u0259r\u0259fli inki\u015faf prosesinin d\u0259st\u0259kl\u0259nm\u0259si &uuml;&ccedil;&uuml;n s\u0259yl\u0259rimi \u0259sirg\u0259m\u0259y\u0259c\u0259m&rdquo;, &#8211; dey\u0259 o \u0259lav\u0259 edib.<\/p>\n<p>Yeni Ombudsman bildirib ki, v\u0259t\u0259nda\u015flar\u0131n, \u0259halinin m&uuml;xt\u0259lif qruplar\u0131n\u0131n, o c&uuml;ml\u0259d\u0259n, yetkinlik ya\u015f\u0131na &ccedil;atmayan, \u0259lill\u0259rin v\u0259 dig\u0259r z\u0259if qruplar\u0131n h&uuml;quq v\u0259 azadl\u0131qlar\u0131n\u0131n s\u0259m\u0259r\u0259li qaydada t\u0259min edilm\u0259si Ombudsman i\u015finin prioritet istiqam\u0259ti olaraq qalmaqdad\u0131r:<\/p>\n<p>&ldquo;Erm\u0259nistan\u0131n Az\u0259rbaycana qar\u015f\u0131 t\u0259cav&uuml;z&uuml; n\u0259tic\u0259sind\u0259 soyda\u015flar\u0131m\u0131z\u0131n k&uuml;tl\u0259vi \u015f\u0259kild\u0259 pozulmu\u015f h&uuml;quqlar\u0131n\u0131n m&uuml;dafi\u0259si, i\u015f\u011fal n\u0259tic\u0259sind\u0259 &ouml;lk\u0259mizin tarixi v\u0259 m\u0259d\u0259ni s\u0259rv\u0259tl\u0259rinin da\u011f\u0131d\u0131lmas\u0131 faktlar\u0131n\u0131n d&uuml;nya ictimaiyy\u0259tin\u0259 &ccedil;atd\u0131r\u0131lmas\u0131, pozulmu\u015f insan h&uuml;ququ v\u0259 azadl\u0131lar\u0131n\u0131n b\u0259rpas\u0131 bu i\u015fin m&uuml;h&uuml;m t\u0259rkib hiss\u0259l\u0259rind\u0259ndir&rdquo;.<\/p>\n","protected":false},"excerpt":{"rendered":"<p>Az\u0259rbaycanda yeni se&ccedil;il\u0259n Ombudsman S\u0259bin\u0259 \u018fliyeva bu g&uuml;n Milli M\u0259clisd\u0259 and i&ccedil;ib.&nbsp; S.\u018fliyeva bildirib ki, &ouml;z v\u0259zif\u0259sini \u015f\u0259r\u0259f v\u0259 l\u0259yqa\u0259tl\u0259 yerin\u0259 yetir\u0259c\u0259k: &ldquo;\u018fsas\u0131 ulu &Ouml;nd\u0259r Heyd\u0259r \u018fliyev t\u0259r\u0259find\u0259n qoyulan v\u0259&hellip;<\/p>\n","protected":false},"author":1,"featured_media":251278,"comment_status":"open","ping_status":"open","sticky":false,"template":"","format":"standard","meta":{"_lmt_disableupdate":"","_lmt_disable":"","footnotes":""},"categories":[],"tags":[],"class_list":["post-89023","post","type-post","status-publish","format-standard","has-post-thumbnail","hentry"],"_links":{"self":[{"href":"https:\/\/ucnoqta.az\/index.php?rest_route=\/wp\/v2\/posts\/89023","targetHints":{"allow":["GET"]}}],"collection":[{"href":"https:\/\/ucnoqta.az\/index.php?rest_route=\/wp\/v2\/posts"}],"about":[{"href":"https:\/\/ucnoqta.az\/index.php?rest_route=\/wp\/v2\/types\/post"}],"author":[{"embeddable":true,"href":"https:\/\/ucnoqta.az\/index.php?rest_route=\/wp\/v2\/users\/1"}],"replies":[{"embeddable":true,"href":"https:\/\/ucnoqta.az\/index.php?rest_route=%2Fwp%2Fv2%2Fcomments&post=89023"}],"version-history":[{"count":0,"href":"https:\/\/ucnoqta.az\/index.php?rest_route=\/wp\/v2\/posts\/89023\/revisions"}],"wp:featuredmedia":[{"embeddable":true,"href":"https:\/\/ucnoqta.az\/index.php?rest_route=\/wp\/v2\/media\/251278"}],"wp:attachment":[{"href":"https:\/\/ucnoqta.az\/index.php?rest_route=%2Fwp%2Fv2%2Fmedia&parent=89023"}],"wp:term":[{"taxonomy":"category","embeddable":true,"href":"https:\/\/ucnoqta.az\/index.php?rest_route=%2Fwp%2Fv2%2Fcategories&post=89023"},{"taxonomy":"post_tag","embeddable":true,"href":"https:\/\/ucnoqta.az\/index.php?rest_route=%2Fwp%2Fv2%2Ftags&post=89023"}],"curies":[{"name":"wp","href":"https:\/\/api.w.org\/{rel}","templated":true}]}}