{"id":89020,"date":"2019-11-29T13:07:41","date_gmt":"2019-11-29T09:07:41","guid":{"rendered":""},"modified":"-0001-11-30T00:00:00","modified_gmt":"-0001-11-29T20:00:00","slug":"","status":"publish","type":"post","link":"https:\/\/ucnoqta.az\/?p=89020","title":{"rendered":"Sabah\u0131n havas\u0131 a\u00e7\u0131qlan\u0131b"},"content":{"rendered":"<p><strong>Sabah &ouml;lk\u0259 \u0259razisind\u0259 g&ouml;zl\u0259nil\u0259n hava \u015f\u0259raiti il\u0259 ba\u011fl\u0131 m\u0259lumat a&ccedil;\u0131qlan\u0131b.<\/strong><\/p>\n<p>Ekologiya v\u0259 T\u0259bii S\u0259rv\u0259tl\u0259r Nazirliyinin Milli Hidrometeorologiya Departamentind\u0259n veril\u0259n m\u0259lumata g&ouml;r\u0259, Bak\u0131da v\u0259 Ab\u015feron yar\u0131madas\u0131nda havan\u0131n d\u0259yi\u015fk\u0259n buludlu olaca\u011f\u0131, \u0259sas\u0259n ya\u011fmursuz ke&ccedil;\u0259c\u0259yi g&ouml;zl\u0259nilir. Gec\u0259 v\u0259 s\u0259h\u0259r b\u0259zi yerl\u0259rd\u0259 z\u0259if duman olacaq. M&uuml;layim c\u0259nub-q\u0259rb k&uuml;l\u0259yinin g&uuml;nd&uuml;z arabir g&uuml;cl\u0259n\u0259c\u0259yi g&ouml;zl\u0259nilir.<\/p>\n<p>Havan\u0131n temperaturu Ab\u015feron yar\u0131madas\u0131nda gec\u0259 6-9, g&uuml;nd&uuml;z 12-16, Bak\u0131da gec\u0259 6-8, g&uuml;nd&uuml;z 14-16 d\u0259r\u0259c\u0259 isti olacaq.<br \/>\nAtmosfer t\u0259zyiqi 758 mm civ\u0259 s&uuml;tunu, nisbi r&uuml;tub\u0259t gec\u0259 70-80, g&uuml;nd&uuml;z 50-55 faiz t\u0259\u015fkil ed\u0259c\u0259k.<\/p>\n<p>Az\u0259rbaycan\u0131n rayonlar\u0131nda hava \u0259sas\u0259n ya\u011fmursuz ke&ccedil;\u0259c\u0259k, lakin ax\u015fam b\u0259zi q\u0259rb rayonlar\u0131nda ya\u011f\u0131nt\u0131l\u0131 olaca\u011f\u0131 g&ouml;zl\u0259nilir. Ayr\u0131-ayr\u0131 yerl\u0259rd\u0259 duman olacaq. Q\u0259rb k&uuml;l\u0259yi \u0259s\u0259c\u0259k, b\u0259zi yerl\u0259rd\u0259 arabir g&uuml;cl\u0259n\u0259c\u0259k.<\/p>\n<p>Havan\u0131n temperaturu gec\u0259 2-6, g&uuml;nd&uuml;z 13-18, da\u011flarda gec\u0259 1-6, g&uuml;nd&uuml;z 5-10 d\u0259r\u0259c\u0259 isti olacaq.<br \/>\nTibbi-meteoroloji proqnoza g&ouml;r\u0259, noyabr\u0131n 30-da Ab\u015feron yar\u0131madas\u0131nda m&uuml;layim gilavar k&uuml;l\u0259yinin &uuml;st&uuml;nl&uuml;y&uuml; g&ouml;zl\u0259nilir ki, bu da meteoh\u0259ssas insanlarda narahatl\u0131q yarada bil\u0259r.<\/p>\n","protected":false},"excerpt":{"rendered":"<p>Sabah &ouml;lk\u0259 \u0259razisind\u0259 g&ouml;zl\u0259nil\u0259n hava \u015f\u0259raiti il\u0259 ba\u011fl\u0131 m\u0259lumat a&ccedil;\u0131qlan\u0131b. Ekologiya v\u0259 T\u0259bii S\u0259rv\u0259tl\u0259r Nazirliyinin Milli Hidrometeorologiya Departamentind\u0259n veril\u0259n m\u0259lumata g&ouml;r\u0259, Bak\u0131da v\u0259 Ab\u015feron yar\u0131madas\u0131nda havan\u0131n d\u0259yi\u015fk\u0259n buludlu olaca\u011f\u0131, \u0259sas\u0259n&hellip;<\/p>\n","protected":false},"author":1,"featured_media":251278,"comment_status":"open","ping_status":"open","sticky":false,"template":"","format":"standard","meta":{"_lmt_disableupdate":"","_lmt_disable":"","footnotes":""},"categories":[],"tags":[],"class_list":["post-89020","post","type-post","status-publish","format-standard","has-post-thumbnail","hentry"],"_links":{"self":[{"href":"https:\/\/ucnoqta.az\/index.php?rest_route=\/wp\/v2\/posts\/89020","targetHints":{"allow":["GET"]}}],"collection":[{"href":"https:\/\/ucnoqta.az\/index.php?rest_route=\/wp\/v2\/posts"}],"about":[{"href":"https:\/\/ucnoqta.az\/index.php?rest_route=\/wp\/v2\/types\/post"}],"author":[{"embeddable":true,"href":"https:\/\/ucnoqta.az\/index.php?rest_route=\/wp\/v2\/users\/1"}],"replies":[{"embeddable":true,"href":"https:\/\/ucnoqta.az\/index.php?rest_route=%2Fwp%2Fv2%2Fcomments&post=89020"}],"version-history":[{"count":0,"href":"https:\/\/ucnoqta.az\/index.php?rest_route=\/wp\/v2\/posts\/89020\/revisions"}],"wp:featuredmedia":[{"embeddable":true,"href":"https:\/\/ucnoqta.az\/index.php?rest_route=\/wp\/v2\/media\/251278"}],"wp:attachment":[{"href":"https:\/\/ucnoqta.az\/index.php?rest_route=%2Fwp%2Fv2%2Fmedia&parent=89020"}],"wp:term":[{"taxonomy":"category","embeddable":true,"href":"https:\/\/ucnoqta.az\/index.php?rest_route=%2Fwp%2Fv2%2Fcategories&post=89020"},{"taxonomy":"post_tag","embeddable":true,"href":"https:\/\/ucnoqta.az\/index.php?rest_route=%2Fwp%2Fv2%2Ftags&post=89020"}],"curies":[{"name":"wp","href":"https:\/\/api.w.org\/{rel}","templated":true}]}}