{"id":89017,"date":"2019-11-29T12:28:04","date_gmt":"2019-11-29T08:28:04","guid":{"rendered":""},"modified":"-0001-11-30T00:00:00","modified_gmt":"-0001-11-29T20:00:00","slug":"","status":"publish","type":"post","link":"https:\/\/ucnoqta.az\/?p=89017","title":{"rendered":"Benzinl\u0259 ba\u011fl\u0131 <font color=red><b>VAC\u0130B X\u018fB\u018fR- Sabahdan &#8230;<\/b><\/font>"},"content":{"rendered":"<p><strong>Sabahdan Az\u0259rbaycana xaricd\u0259n g\u0259tiril\u0259n avtomobil benzinin\u0259 15 faiz g&ouml;mr&uuml;k r&uuml;sumu t\u0259tbiq olunacaq.<\/strong><\/p>\n<p>Nazirl\u0259r Kabinetinin 26 avqust 2019-cu il tarixli q\u0259rar\u0131 il\u0259 &ldquo;Az\u0259rbaycan Respublikas\u0131n\u0131n xarici iqtisadi f\u0259aliyy\u0259tin mal nomenklaturas\u0131, idxal g&ouml;mr&uuml;k r&uuml;sumlar\u0131n\u0131n d\u0259r\u0259c\u0259l\u0259ri v\u0259 ixrac g&ouml;mr&uuml;k r&uuml;sumlar\u0131n\u0131n d\u0259r\u0259c\u0259l\u0259ri&rdquo;nd\u0259 etdiyi d\u0259yi\u015fikliy\u0259 g&ouml;r\u0259, sentyabr\u0131n 1-d\u0259n 90 g&uuml;n m&uuml;dd\u0259tind\u0259 t\u0259rkibind\u0259 qur\u011fu\u015funun miqdar\u0131 0,013 q\/l-d\u0259n &ccedil;ox olmayan, 95-d\u0259n az oktan \u0259d\u0259di il\u0259 v\u0259 t\u0259rkibind\u0259 qur\u011fu\u015funun miqdar\u0131 0,013 q\/l-d\u0259n &ccedil;ox, 95-d\u0259n az oktan \u0259d\u0259di il\u0259 avtomobil benzini 15 faiz g&ouml;mr&uuml;k r&uuml;sumundan&nbsp;azad edilib.<\/p>\n<p>R&uuml;sumun m&uuml;v\u0259qq\u0259ti l\u0259\u011fvi il\u0259 ba\u011fl\u0131 m&uuml;\u0259yy\u0259nl\u0259\u015fdirilmi\u015f 90 g&uuml;n m&uuml;dd\u0259ti sabah ba\u015fa &ccedil;atacaq v\u0259 q\u0259rar q&uuml;vv\u0259d\u0259n d&uuml;\u015f\u0259c\u0259k.<br \/>\nQeyd ed\u0259k ki, Nazirl\u0259r Kabineti 26 avqust 2019-cu il tarixli q\u0259rar\u0131 il\u0259 &ldquo;Az\u0259rbaycan Respublikas\u0131n\u0131n \u0259razisin\u0259 g\u0259tiril\u0259n aksizli mallar\u0131n aksiz d\u0259r\u0259c\u0259l\u0259ri&rdquo;nd\u0259 d\u0259 d\u0259yi\u015fiklik edib.<\/p>\n<p>Sabahdan is\u0259 benzinin h\u0259r tonu &uuml;&ccedil;&uuml;n 200 manat aksiz d\u0259r\u0259c\u0259si t\u0259tbiq olunacaq.\/oxu.az<\/p>\n","protected":false},"excerpt":{"rendered":"<p>Sabahdan Az\u0259rbaycana xaricd\u0259n g\u0259tiril\u0259n avtomobil benzinin\u0259 15 faiz g&ouml;mr&uuml;k r&uuml;sumu t\u0259tbiq olunacaq. Nazirl\u0259r Kabinetinin 26 avqust 2019-cu il tarixli q\u0259rar\u0131 il\u0259 &ldquo;Az\u0259rbaycan Respublikas\u0131n\u0131n xarici iqtisadi f\u0259aliyy\u0259tin mal nomenklaturas\u0131, idxal g&ouml;mr&uuml;k&hellip;<\/p>\n","protected":false},"author":1,"featured_media":251278,"comment_status":"open","ping_status":"open","sticky":false,"template":"","format":"standard","meta":{"_lmt_disableupdate":"","_lmt_disable":"","footnotes":""},"categories":[],"tags":[],"class_list":["post-89017","post","type-post","status-publish","format-standard","has-post-thumbnail","hentry"],"_links":{"self":[{"href":"https:\/\/ucnoqta.az\/index.php?rest_route=\/wp\/v2\/posts\/89017","targetHints":{"allow":["GET"]}}],"collection":[{"href":"https:\/\/ucnoqta.az\/index.php?rest_route=\/wp\/v2\/posts"}],"about":[{"href":"https:\/\/ucnoqta.az\/index.php?rest_route=\/wp\/v2\/types\/post"}],"author":[{"embeddable":true,"href":"https:\/\/ucnoqta.az\/index.php?rest_route=\/wp\/v2\/users\/1"}],"replies":[{"embeddable":true,"href":"https:\/\/ucnoqta.az\/index.php?rest_route=%2Fwp%2Fv2%2Fcomments&post=89017"}],"version-history":[{"count":0,"href":"https:\/\/ucnoqta.az\/index.php?rest_route=\/wp\/v2\/posts\/89017\/revisions"}],"wp:featuredmedia":[{"embeddable":true,"href":"https:\/\/ucnoqta.az\/index.php?rest_route=\/wp\/v2\/media\/251278"}],"wp:attachment":[{"href":"https:\/\/ucnoqta.az\/index.php?rest_route=%2Fwp%2Fv2%2Fmedia&parent=89017"}],"wp:term":[{"taxonomy":"category","embeddable":true,"href":"https:\/\/ucnoqta.az\/index.php?rest_route=%2Fwp%2Fv2%2Fcategories&post=89017"},{"taxonomy":"post_tag","embeddable":true,"href":"https:\/\/ucnoqta.az\/index.php?rest_route=%2Fwp%2Fv2%2Ftags&post=89017"}],"curies":[{"name":"wp","href":"https:\/\/api.w.org\/{rel}","templated":true}]}}