{"id":89004,"date":"2019-11-29T10:27:02","date_gmt":"2019-11-29T06:27:02","guid":{"rendered":""},"modified":"-0001-11-30T00:00:00","modified_gmt":"-0001-11-29T20:00:00","slug":"","status":"publish","type":"post","link":"https:\/\/ucnoqta.az\/?p=89004","title":{"rendered":"Almaniya deportasiya etdiyi mafiya ba\u015f\u00e7\u0131s\u0131ndan 130 min avro t\u0259l\u0259b edir"},"content":{"rendered":"<p><strong>Almaniya bu il iki d\u0259f\u0259 deportasiya etdiyi livanl\u0131 mafiya ba\u015f&ccedil;\u0131s\u0131 \u0130brahim Miriy\u0259 g&ouml;r\u0259 Beyrut \u015f\u0259h\u0259r m\u0259hk\u0259m\u0259sin\u0259 m&uuml;raci\u0259t edib.<\/strong><\/p>\n<p>M\u0259lumata g&ouml;r\u0259, iddia&ccedil;\u0131 qismind\u0259 Almaniya Federal&nbsp;Daxili \u0130\u015fl\u0259r Nazirliyi&nbsp;\u0259riz\u0259d\u0259 g&ouml;st\u0259rib ki, Livan v\u0259t\u0259nda\u015f\u0131 olan 46 ya\u015fl\u0131 \u0130brahim Mirinin 2019-cu ilin iyul v\u0259 noyabr ay\u0131nda Almaniyadan deportasiyas\u0131 nazirliy\u0259 130 min avroya ba\u015fa g\u0259lib.<\/p>\n<p>\u0130ddia \u0259riz\u0259sind\u0259 qeyd edilib ki, h\u0259r iki deportasiya prosesind\u0259 federal nazirlik kiray\u0259 g&ouml;t&uuml;rd&uuml;y&uuml; x&uuml;susi &ldquo;Jet&rdquo; t\u0259yyar\u0259d\u0259n istifad\u0259 edib. Eyni zamanda, \u0130.Mirinin qanunsuz &ouml;lk\u0259y\u0259 daxil olmas\u0131ndan saxlan\u0131lmas\u0131na q\u0259d\u0259r ke&ccedil;iril\u0259n polis \u0259m\u0259liyyatlar\u0131na xeyli maddi v\u0259sait s\u0259rf olunub.<\/p>\n<p>Alman m\u0259tbuat\u0131na dan\u0131\u015fan \u0130.Mirinin qarda\u015f\u0131 bildirib ki, 46 ya\u015fl\u0131 mafiya ba\u015f&ccedil;\u0131s\u0131n\u0131n ad\u0131na d&uuml;nyan\u0131n bir &ccedil;ox &ouml;lk\u0259sind\u0259 da\u015f\u0131nmaz \u0259mlaklar var. Onlardan \u0259n b&ouml;y&uuml;y&uuml; Livan\u0131n paytaxt\u0131 Beyrutda yerl\u0259\u015fir. Malikan\u0259 Almaniyan\u0131n Bremen \u015f\u0259h\u0259rind\u0259ki &ldquo;Veser&rdquo; futbol stadionu boydad\u0131r.<\/p>\n<p>M\u0259lumat &uuml;&ccedil;&uuml;n bildir\u0259k ki, ad\u0131 qad\u0131n, silah v\u0259 narkotik alveri kimi cinay\u0259tl\u0259rd\u0259 hallanan \u0130.Miri 1986-c\u0131 ild\u0259, 13 ya\u015f\u0131 olark\u0259n Almaniyaya g\u0259lib. Ancaq Almaniya Miqrasiya v\u0259 Qa&ccedil;q\u0131nlarla i\u015f &uuml;zr\u0259 Federal \u0130dar\u0259si onun s\u0131\u011f\u0131nacaq &uuml;&ccedil;&uuml;n m&uuml;raci\u0259tini q\u0259bul etm\u0259yib. S\u0259b\u0259b kimi is\u0259, onun kimlik bilgil\u0259rinin d&uuml;zg&uuml;n olmad\u0131\u011f\u0131 g&ouml;st\u0259rilib.<\/p>\n<p>Qeyd ed\u0259k ki,&nbsp;1998-ci ild\u0259 vaxt\u0131 ke&ccedil;mi\u015f \u015f\u0259xsiyy\u0259t v\u0259siq\u0259si il\u0259 saxlan\u0131lan \u0130.Mirinin deportasiya q\u0259rar\u0131 icra edil\u0259 bilm\u0259yib.&nbsp;2014-c&uuml; ild\u0259 narkotik alverin\u0259 g&ouml;r\u0259 h\u0259bs edil\u0259n mafiya ba\u015f&ccedil;\u0131s\u0131 m\u0259hk\u0259m\u0259nin q\u0259rar\u0131 il\u0259 6 il b\u0259hs c\u0259zas\u0131na m\u0259hkum edilib.&nbsp;2019-cu ilin iyul ay\u0131na kimi Almaniyada h\u0259bsd\u0259 saxlan\u0131lan \u0130.Miri sonra Livan h&ouml;kum\u0259tinin ist\u0259yi il\u0259 ekstradisiya edilib.&nbsp;Bu ilin noyabr ay\u0131nda T&uuml;rkiy\u0259d\u0259 g&ouml;r&uuml;n\u0259n \u0130.Mirinin yenid\u0259n Almaniyaya g\u0259lm\u0259sin\u0259 s\u0259b\u0259b is\u0259, Bremen \u015f\u0259h\u0259r \u0130dar\u0259 M\u0259hk\u0259m\u0259sinin q\u0259rar\u0131 olub. &Ouml;lk\u0259y\u0259 giri\u015f qada\u011fas\u0131 qald\u0131r\u0131lan \u0130.Miriy\u0259 g&ouml;r\u0259 Almaniyaya Federal Daxili \u0130\u015fl\u0259r Nazirliyi s\u0259rh\u0259dl\u0259rd\u0259 yoxlamalar\u0131 g&uuml;cl\u0259ndirib.&nbsp;&Ouml;t\u0259n h\u0259ft\u0259 Bremend\u0259 saxlan\u0131lan \u0130.Miri \u015f\u0259nb\u0259 g&uuml;n&uuml;, saat 3 rad\u0259l\u0259rind\u0259 x&uuml;susi &ldquo;Jet&rdquo; t\u0259yyar\u0259 il\u0259 yenid\u0259n Livana deportasiya edilm\u0259si &uuml;&ccedil;&uuml;n polis \u0259m\u0259kda\u015flar\u0131n\u0131n m&uuml;\u015fai\u0259ti il\u0259 hava liman\u0131na apar\u0131l\u0131b.\/report<\/p>\n","protected":false},"excerpt":{"rendered":"<p>Almaniya bu il iki d\u0259f\u0259 deportasiya etdiyi livanl\u0131 mafiya ba\u015f&ccedil;\u0131s\u0131 \u0130brahim Miriy\u0259 g&ouml;r\u0259 Beyrut \u015f\u0259h\u0259r m\u0259hk\u0259m\u0259sin\u0259 m&uuml;raci\u0259t edib. M\u0259lumata g&ouml;r\u0259, iddia&ccedil;\u0131 qismind\u0259 Almaniya Federal&nbsp;Daxili \u0130\u015fl\u0259r Nazirliyi&nbsp;\u0259riz\u0259d\u0259 g&ouml;st\u0259rib ki, Livan v\u0259t\u0259nda\u015f\u0131&hellip;<\/p>\n","protected":false},"author":1,"featured_media":251278,"comment_status":"open","ping_status":"open","sticky":false,"template":"","format":"standard","meta":{"_lmt_disableupdate":"","_lmt_disable":"","footnotes":""},"categories":[89],"tags":[],"class_list":["post-89004","post","type-post","status-publish","format-standard","has-post-thumbnail","hentry","category-dunya-butun-xeberler"],"_links":{"self":[{"href":"https:\/\/ucnoqta.az\/index.php?rest_route=\/wp\/v2\/posts\/89004","targetHints":{"allow":["GET"]}}],"collection":[{"href":"https:\/\/ucnoqta.az\/index.php?rest_route=\/wp\/v2\/posts"}],"about":[{"href":"https:\/\/ucnoqta.az\/index.php?rest_route=\/wp\/v2\/types\/post"}],"author":[{"embeddable":true,"href":"https:\/\/ucnoqta.az\/index.php?rest_route=\/wp\/v2\/users\/1"}],"replies":[{"embeddable":true,"href":"https:\/\/ucnoqta.az\/index.php?rest_route=%2Fwp%2Fv2%2Fcomments&post=89004"}],"version-history":[{"count":0,"href":"https:\/\/ucnoqta.az\/index.php?rest_route=\/wp\/v2\/posts\/89004\/revisions"}],"wp:featuredmedia":[{"embeddable":true,"href":"https:\/\/ucnoqta.az\/index.php?rest_route=\/wp\/v2\/media\/251278"}],"wp:attachment":[{"href":"https:\/\/ucnoqta.az\/index.php?rest_route=%2Fwp%2Fv2%2Fmedia&parent=89004"}],"wp:term":[{"taxonomy":"category","embeddable":true,"href":"https:\/\/ucnoqta.az\/index.php?rest_route=%2Fwp%2Fv2%2Fcategories&post=89004"},{"taxonomy":"post_tag","embeddable":true,"href":"https:\/\/ucnoqta.az\/index.php?rest_route=%2Fwp%2Fv2%2Ftags&post=89004"}],"curies":[{"name":"wp","href":"https:\/\/api.w.org\/{rel}","templated":true}]}}