{"id":88988,"date":"2019-11-28T16:54:14","date_gmt":"2019-11-28T12:54:14","guid":{"rendered":""},"modified":"-0001-11-30T00:00:00","modified_gmt":"-0001-11-29T20:00:00","slug":"","status":"publish","type":"post","link":"https:\/\/ucnoqta.az\/?p=88988","title":{"rendered":"Eldar Mahmudovun \u0259misi o\u011flu azadl\u0131\u011fa burax\u0131l\u0131b"},"content":{"rendered":"<p><strong>Bak\u0131 H\u0259rbi M\u0259hk\u0259m\u0259sind\u0259 Az\u0259rbaycan\u0131n sabiq milli t\u0259hl&uuml;k\u0259sizlik naziri Eldar Mahmudovun \u0259misi o\u011flu V&uuml;qar Mahmudovun cinay\u0259t i\u015fi &uuml;zr\u0259 m\u0259hk\u0259m\u0259 iclas\u0131 ba\u015fa &ccedil;at\u0131b.<\/strong><\/p>\n<p>&quot;Report&quot; x\u0259b\u0259r verir ki, m\u0259hk\u0259m\u0259nin h&ouml;km&uuml; il\u0259 V.Mahmudova 2 il m&uuml;dd\u0259tin\u0259 azadl\u0131qdan m\u0259hrumetm\u0259 c\u0259zas\u0131 verilib.<\/p>\n<p>O,&nbsp;ibtidai istintaq v\u0259 m\u0259hk\u0259m\u0259 istintaq\u0131 d&ouml;vr&uuml;nd\u0259 h\u0259bsd\u0259 oldu\u011fu &uuml;&ccedil;&uuml;n c\u0259zas\u0131 ba\u015fa &ccedil;atm\u0131\u015f hesab edilib v\u0259&nbsp;m\u0259hk\u0259m\u0259 zal\u0131ndan azadl\u0131\u011fa burax\u0131l\u0131b.<br \/>\nH&ouml;kml\u0259 h\u0259m&ccedil;inin&nbsp;V.Mahmudova m\u0259xsus \u0259mlaklar m&uuml;sadir\u0259 olunacaq.<\/p>\n<p>*** 13:33<\/p>\n<p>Bak\u0131 H\u0259rbi M\u0259hk\u0259m\u0259sind\u0259 Az\u0259rbaycan\u0131n sabiq milli t\u0259hl&uuml;k\u0259sizlik naziri&nbsp;Eldar Mahmudovun \u0259misi o\u011flu&nbsp;V&uuml;qar Mahmudovun cinay\u0259t i\u015fi &uuml;zr\u0259 m\u0259hk\u0259m\u0259 iclas\u0131 ke&ccedil;irilib.<\/p>\n<p>&ldquo;Report&rdquo;un x\u0259b\u0259rin\u0259 g&ouml;r\u0259, hakim&nbsp;Elb\u0259y Allahverdiyevin s\u0259drliyi il\u0259 ke&ccedil;iril\u0259n prosesd\u0259 D&ouml;vl\u0259t T\u0259h&uuml;lk\u0259sizliyi Xidm\u0259tnin (DTX) t\u0259qsirl\u0259ndiril\u0259n \u015f\u0259xs\u0259 qald\u0131rm\u0131\u015f m&uuml;lki iddian\u0131 geri &ccedil;\u0259kdiyi v\u0259 h\u0259r hans\u0131 t\u0259l\u0259binin olmad\u0131\u011f\u0131 elan edilib.<\/p>\n<p>Prosesd\u0259 m\u0259hk\u0259m\u0259 istintaq\u0131 ba\u015fa &ccedil;at\u0131b v\u0259 d&ouml;vl\u0259t ittiham&ccedil;\u0131s\u0131 &ccedil;\u0131x\u0131\u015f edib.<\/p>\n<p>Prokuror&nbsp;V&uuml;qar Mahmudovun&nbsp;4 il&nbsp;azadl\u0131qdan m\u0259hrum edilm\u0259sini t\u0259klif edib.<\/p>\n<p>T\u0259qsirl\u0259ndiril\u0259n \u015f\u0259xsin&nbsp;v\u0259kili &ccedil;\u0131x\u0131\u015f\u0131nda m&uuml;dafi\u0259 etdiyi \u015f\u0259xsin bar\u0259sind\u0259 b\u0259ra\u0259t h&ouml;km&uuml;n&uuml;n &ccedil;\u0131xar\u0131lmas\u0131n\u0131 ist\u0259yib.<\/p>\n<p>V&uuml;qar Mahmudov son s&ouml;z dem\u0259kd\u0259n imtina edib.<\/p>\n<p>M\u0259hk\u0259m\u0259 h&ouml;km &ccedil;\u0131xarmaq &uuml;&ccedil;&uuml;n m&uuml;\u015favir\u0259y\u0259 &ccedil;\u0131x\u0131b. H&ouml;km saat 16:00-da elan edil\u0259c\u0259k.<\/p>\n<p>L\u0259\u011fv edilmi\u015f&nbsp;Milli T\u0259hl&uuml;k\u0259sizlik Nazirliyinin (MTN) Antiterror M\u0259rk\u0259zinin \u015f&ouml;b\u0259 r\u0259isinin m&uuml;avini v\u0259zif\u0259sind\u0259 i\u015fl\u0259mi\u015f v\u0259 faktiki olaraq sabiq nazir E.Mahmudovun k&ouml;m\u0259k&ccedil;isi funksiyas\u0131n\u0131 h\u0259yata ke&ccedil;irmi\u015f polkovnik-leytenant V.Mahmudov h\u0259d\u0259-qorxu il\u0259 pul t\u0259l\u0259b etm\u0259kd\u0259 ittiham olunur.<\/p>\n<p>Cinay\u0259t i\u015fi &uuml;zr\u0259 7 n\u0259f\u0259r z\u0259r\u0259r&ccedil;\u0259kmi\u015f var. H\u0259min \u015f\u0259xsl\u0259rd\u0259n biri &quot;Bak\u0131 Metropoliteni&quot; QSC-nin sabiq r\u0259isi Ta\u011f\u0131 \u018fhm\u0259dovdur. Dig\u0259r z\u0259r\u0259r&ccedil;\u0259kmi\u015fl\u0259r is\u0259 general Akif &Ccedil;ovdarov v\u0259&nbsp;El&ccedil;in Quliyevin cinay\u0259t i\u015find\u0259 z\u0259r\u0259r&ccedil;\u0259kmi\u015f qismind\u0259 tan\u0131nan \u015f\u0259xsl\u0259rdir.<\/p>\n","protected":false},"excerpt":{"rendered":"<p>Bak\u0131 H\u0259rbi M\u0259hk\u0259m\u0259sind\u0259 Az\u0259rbaycan\u0131n sabiq milli t\u0259hl&uuml;k\u0259sizlik naziri Eldar Mahmudovun \u0259misi o\u011flu V&uuml;qar Mahmudovun cinay\u0259t i\u015fi &uuml;zr\u0259 m\u0259hk\u0259m\u0259 iclas\u0131 ba\u015fa &ccedil;at\u0131b. &quot;Report&quot; x\u0259b\u0259r verir ki, m\u0259hk\u0259m\u0259nin h&ouml;km&uuml; il\u0259 V.Mahmudova 2&hellip;<\/p>\n","protected":false},"author":1,"featured_media":251278,"comment_status":"open","ping_status":"open","sticky":false,"template":"","format":"standard","meta":{"_lmt_disableupdate":"","_lmt_disable":"","footnotes":""},"categories":[],"tags":[],"class_list":["post-88988","post","type-post","status-publish","format-standard","has-post-thumbnail","hentry"],"_links":{"self":[{"href":"https:\/\/ucnoqta.az\/index.php?rest_route=\/wp\/v2\/posts\/88988","targetHints":{"allow":["GET"]}}],"collection":[{"href":"https:\/\/ucnoqta.az\/index.php?rest_route=\/wp\/v2\/posts"}],"about":[{"href":"https:\/\/ucnoqta.az\/index.php?rest_route=\/wp\/v2\/types\/post"}],"author":[{"embeddable":true,"href":"https:\/\/ucnoqta.az\/index.php?rest_route=\/wp\/v2\/users\/1"}],"replies":[{"embeddable":true,"href":"https:\/\/ucnoqta.az\/index.php?rest_route=%2Fwp%2Fv2%2Fcomments&post=88988"}],"version-history":[{"count":0,"href":"https:\/\/ucnoqta.az\/index.php?rest_route=\/wp\/v2\/posts\/88988\/revisions"}],"wp:featuredmedia":[{"embeddable":true,"href":"https:\/\/ucnoqta.az\/index.php?rest_route=\/wp\/v2\/media\/251278"}],"wp:attachment":[{"href":"https:\/\/ucnoqta.az\/index.php?rest_route=%2Fwp%2Fv2%2Fmedia&parent=88988"}],"wp:term":[{"taxonomy":"category","embeddable":true,"href":"https:\/\/ucnoqta.az\/index.php?rest_route=%2Fwp%2Fv2%2Fcategories&post=88988"},{"taxonomy":"post_tag","embeddable":true,"href":"https:\/\/ucnoqta.az\/index.php?rest_route=%2Fwp%2Fv2%2Ftags&post=88988"}],"curies":[{"name":"wp","href":"https:\/\/api.w.org\/{rel}","templated":true}]}}