{"id":88985,"date":"2019-11-28T19:37:03","date_gmt":"2019-11-28T15:37:03","guid":{"rendered":""},"modified":"-0001-11-30T00:00:00","modified_gmt":"-0001-11-29T20:00:00","slug":"","status":"publish","type":"post","link":"https:\/\/ucnoqta.az\/?p=88985","title":{"rendered":"\u00c7in Az\u0259rbaycan v\u0259t\u0259nda\u015flar\u0131 \u00fc\u00e7\u00fcn t\u0259qa\u00fcd proqram\u0131 elan edib"},"content":{"rendered":"<p><strong>&Ccedil;in 2020-2021-ci t\u0259dris ili &uuml;&ccedil;&uuml;n t\u0259qa&uuml;d proqram\u0131 elan edib.<\/strong><\/p>\n<p>T\u0259hsil Nazirliyind\u0259n veril\u0259n m\u0259lumata g&ouml;r\u0259, t\u0259qa&uuml;d proqram\u0131 &ldquo;Az\u0259rbaycan Respublikas\u0131n\u0131n T\u0259hsil Nazirliyi il\u0259 &Ccedil;in Xalq Respublikas\u0131n\u0131n T\u0259hsil Nazirliyi aras\u0131nda 2016-2019-cu ill\u0259r &uuml;&ccedil;&uuml;n t\u0259hsil sah\u0259sind\u0259 \u0259m\u0259kda\u015fl\u0131q haqq\u0131nda Sazi\u015f&rdquo;\u0259 \u0259sas\u0259n h\u0259yata ke&ccedil;irilir. Proqram h\u0259r iki &ouml;lk\u0259nin v\u0259t\u0259nda\u015flar\u0131na t\u0259l\u0259b\u0259 m&uuml;badil\u0259si \u0259sas\u0131nda qar\u015f\u0131 &ouml;lk\u0259nin ali m\u0259kt\u0259bl\u0259rind\u0259 m&uuml;\u0259yy\u0259n edilmi\u015f ixtisaslar &uuml;zr\u0259 t\u0259hsil almaq imkan\u0131 yarad\u0131r.<\/p>\n<p>T\u0259qa&uuml;d proqram\u0131na s\u0259n\u0259d q\u0259bulu dekabr\u0131n 23-n\u0259&nbsp;kimi apar\u0131lacaq.&nbsp;T\u0259l\u0259b\u0259l\u0259rin t\u0259qa&uuml;d proqram\u0131na q\u0259bulu il\u0259 ba\u011fl\u0131 yekun q\u0259rar\u0131n 2020-ci ilin iyul ay\u0131 \u0259rzind\u0259 t\u0259qdim olunmas\u0131 g&ouml;zl\u0259nilir.<\/p>\n<p>T\u0259qa&uuml;d proqram\u0131 &ccedil;\u0259r&ccedil;iv\u0259sind\u0259 t\u0259hsil\u0259 dair \u0259lav\u0259 m\u0259lumatIarla&nbsp;<a href=\"https:\/\/edu.gov.az\/upload\/file\/ELAN\/2019\/11\/Elan-Cin-2020-21.pdf\">elan<\/a>&nbsp;vasit\u0259sil\u0259 tan\u0131\u015f ola bil\u0259rsiniz.<\/p>\n","protected":false},"excerpt":{"rendered":"<p>&Ccedil;in 2020-2021-ci t\u0259dris ili &uuml;&ccedil;&uuml;n t\u0259qa&uuml;d proqram\u0131 elan edib. T\u0259hsil Nazirliyind\u0259n veril\u0259n m\u0259lumata g&ouml;r\u0259, t\u0259qa&uuml;d proqram\u0131 &ldquo;Az\u0259rbaycan Respublikas\u0131n\u0131n T\u0259hsil Nazirliyi il\u0259 &Ccedil;in Xalq Respublikas\u0131n\u0131n T\u0259hsil Nazirliyi aras\u0131nda 2016-2019-cu ill\u0259r &uuml;&ccedil;&uuml;n&hellip;<\/p>\n","protected":false},"author":1,"featured_media":251278,"comment_status":"open","ping_status":"open","sticky":false,"template":"","format":"standard","meta":{"_lmt_disableupdate":"","_lmt_disable":"","footnotes":""},"categories":[],"tags":[],"class_list":["post-88985","post","type-post","status-publish","format-standard","has-post-thumbnail","hentry"],"_links":{"self":[{"href":"https:\/\/ucnoqta.az\/index.php?rest_route=\/wp\/v2\/posts\/88985","targetHints":{"allow":["GET"]}}],"collection":[{"href":"https:\/\/ucnoqta.az\/index.php?rest_route=\/wp\/v2\/posts"}],"about":[{"href":"https:\/\/ucnoqta.az\/index.php?rest_route=\/wp\/v2\/types\/post"}],"author":[{"embeddable":true,"href":"https:\/\/ucnoqta.az\/index.php?rest_route=\/wp\/v2\/users\/1"}],"replies":[{"embeddable":true,"href":"https:\/\/ucnoqta.az\/index.php?rest_route=%2Fwp%2Fv2%2Fcomments&post=88985"}],"version-history":[{"count":0,"href":"https:\/\/ucnoqta.az\/index.php?rest_route=\/wp\/v2\/posts\/88985\/revisions"}],"wp:featuredmedia":[{"embeddable":true,"href":"https:\/\/ucnoqta.az\/index.php?rest_route=\/wp\/v2\/media\/251278"}],"wp:attachment":[{"href":"https:\/\/ucnoqta.az\/index.php?rest_route=%2Fwp%2Fv2%2Fmedia&parent=88985"}],"wp:term":[{"taxonomy":"category","embeddable":true,"href":"https:\/\/ucnoqta.az\/index.php?rest_route=%2Fwp%2Fv2%2Fcategories&post=88985"},{"taxonomy":"post_tag","embeddable":true,"href":"https:\/\/ucnoqta.az\/index.php?rest_route=%2Fwp%2Fv2%2Ftags&post=88985"}],"curies":[{"name":"wp","href":"https:\/\/api.w.org\/{rel}","templated":true}]}}