{"id":86709,"date":"2019-10-21T09:57:40","date_gmt":"2019-10-21T05:57:40","guid":{"rendered":""},"modified":"-0001-11-30T00:00:00","modified_gmt":"-0001-11-29T20:00:00","slug":"","status":"publish","type":"post","link":"https:\/\/ucnoqta.az\/?p=86709","title":{"rendered":"Q\u0259hr\u0259man Haqverdiyev:<font color=red><b> X\u0259st\u0259likl\u0259rin 25 faizinin s\u0259b\u0259bi qeyri-sa\u011flam \u0259traf m\u00fchitdir<\/b><\/font>"},"content":{"rendered":"<p><strong>T\u0259dqiqatlar g&ouml;st\u0259rir ki, x\u0259st\u0259likl\u0259rin 25 faizinin s\u0259b\u0259bi m\u0259hz sa\u011flam olmayan \u0259traf m&uuml;hitdir. \u018ftraf m&uuml;hitin sa\u011flamla\u015fd\u0131r\u0131lmas\u0131na k&ouml;m\u0259k ed\u0259 bil\u0259c\u0259k \u0259n vacib add\u0131mlardan birincisi a\u011fac \u0259km\u0259kdir.<\/strong><\/p>\n<p>Bunu Trend-\u0259 S\u0259hiyy\u0259 Nazirliyinin \u0130ctimai S\u0259hiyy\u0259 v\u0259 \u0130slahatlar M\u0259rk\u0259zinin direktoru Q\u0259hr\u0259man Haqverdiyev s&ouml;yl\u0259yib.<\/p>\n<p>Onun s&ouml;zl\u0259rin\u0259 g&ouml;r\u0259, \u0259traf m&uuml;hitin sa\u011flamla\u015fd\u0131r\u0131lmas\u0131 n\u0259tic\u0259sind\u0259 h\u0259r il d&uuml;nyada 13 milyondan &ccedil;ox &ouml;l&uuml;m hadis\u0259sinin qar\u015f\u0131s\u0131n\u0131 almaq m&uuml;mk&uuml;nd&uuml;r:<br \/>\n&quot;\u018ftraf m&uuml;hitd\u0259n daha s\u0259m\u0259r\u0259li istifad\u0259 n\u0259tic\u0259sind\u0259 d&uuml;nyada malyariyadan ba\u015f ver\u0259n &ouml;l&uuml;m hallar\u0131n\u0131n 40 faizinin, a\u015fa\u011f\u0131 t\u0259n\u0259ff&uuml;s yollar\u0131n\u0131n infeksiyalar\u0131n\u0131n s\u0259b\u0259b oldu\u011fu &ouml;l&uuml;m hallar\u0131n\u0131n 41 faizinin, diareya x\u0259st\u0259likl\u0259rind\u0259n ba\u015f ver\u0259n &ouml;l&uuml;m hallar\u0131n\u0131n is\u0259 94 faizinin qar\u015f\u0131s\u0131n\u0131 almaq m&uuml;mk&uuml;nd&uuml;r&quot;.<\/p>\n<p>Q.Haqverdiyev \u0259lav\u0259 edib ki, Birinci vitse-prezident Mehriban \u018fliyevan\u0131n dahi \u015fair \u0130mad\u0259ddin N\u0259siminin 650 illik yubileyi m&uuml;nasib\u0259til\u0259 bir g&uuml;nd\u0259 respublikam\u0131zda 650 min a\u011fac\u0131n \u0259kilm\u0259si t\u0259\u015f\u0259bb&uuml;s&uuml; yaln\u0131z t\u0259bi\u0259tsev\u0259rlik deyil, h\u0259m d\u0259 insansev\u0259rlikdir. &Ccedil;&uuml;nki atmosferin &ccedil;irkl\u0259nm\u0259si t\u0259n\u0259ff&uuml;s sistemi x\u0259st\u0259likl\u0259rinin \u0259sas s\u0259b\u0259bl\u0259rind\u0259n biridir:<br \/>\n&quot;\u018fg\u0259r biz bu x\u0259st\u0259likl\u0259rin profilaktikas\u0131 istiqam\u0259tind\u0259 g&ouml;r&uuml;l\u0259n t\u0259dbirl\u0259ri g&uuml;cl\u0259ndirm\u0259y\u0259 &ccedil;al\u0131\u015f\u0131r\u0131qsa, onda &ldquo;t\u0259bi\u0259tin a\u011fciy\u0259rl\u0259ri&rdquo;n\u0259 qay\u011f\u0131 il\u0259, diqq\u0259tl\u0259 yana\u015fma\u011f\u0131m\u0131z vacib \u015f\u0259rtdir. Bu bax\u0131mdan, biz &ndash; ictimai s\u0259hiyy\u0259 m&uuml;t\u0259x\u0259ssisl\u0259ri \u0259traf m&uuml;hitin sa\u011flamla\u015fd\u0131r\u0131lmas\u0131 istiqam\u0259tind\u0259 &ouml;lk\u0259mizd\u0259 ir\u0259li s&uuml;r&uuml;l\u0259n &ccedil;ox vacib v\u0259 m&uuml;h&uuml;m t\u0259\u015f\u0259bb&uuml;s&uuml; alq\u0131\u015flay\u0131r v\u0259 b&ouml;y&uuml;k m\u0259mnuniyy\u0259tl\u0259 bu aksiyada yax\u0131ndan i\u015ftirak etm\u0259yi arzulay\u0131r\u0131q&quot;.<\/p>\n","protected":false},"excerpt":{"rendered":"<p>T\u0259dqiqatlar g&ouml;st\u0259rir ki, x\u0259st\u0259likl\u0259rin 25 faizinin s\u0259b\u0259bi m\u0259hz sa\u011flam olmayan \u0259traf m&uuml;hitdir. \u018ftraf m&uuml;hitin sa\u011flamla\u015fd\u0131r\u0131lmas\u0131na k&ouml;m\u0259k ed\u0259 bil\u0259c\u0259k \u0259n vacib add\u0131mlardan birincisi a\u011fac \u0259km\u0259kdir. Bunu Trend-\u0259 S\u0259hiyy\u0259 Nazirliyinin \u0130ctimai S\u0259hiyy\u0259&hellip;<\/p>\n","protected":false},"author":1,"featured_media":251278,"comment_status":"open","ping_status":"open","sticky":false,"template":"","format":"standard","meta":{"_lmt_disableupdate":"","_lmt_disable":"","footnotes":""},"categories":[],"tags":[],"class_list":["post-86709","post","type-post","status-publish","format-standard","has-post-thumbnail","hentry"],"_links":{"self":[{"href":"https:\/\/ucnoqta.az\/index.php?rest_route=\/wp\/v2\/posts\/86709","targetHints":{"allow":["GET"]}}],"collection":[{"href":"https:\/\/ucnoqta.az\/index.php?rest_route=\/wp\/v2\/posts"}],"about":[{"href":"https:\/\/ucnoqta.az\/index.php?rest_route=\/wp\/v2\/types\/post"}],"author":[{"embeddable":true,"href":"https:\/\/ucnoqta.az\/index.php?rest_route=\/wp\/v2\/users\/1"}],"replies":[{"embeddable":true,"href":"https:\/\/ucnoqta.az\/index.php?rest_route=%2Fwp%2Fv2%2Fcomments&post=86709"}],"version-history":[{"count":0,"href":"https:\/\/ucnoqta.az\/index.php?rest_route=\/wp\/v2\/posts\/86709\/revisions"}],"wp:featuredmedia":[{"embeddable":true,"href":"https:\/\/ucnoqta.az\/index.php?rest_route=\/wp\/v2\/media\/251278"}],"wp:attachment":[{"href":"https:\/\/ucnoqta.az\/index.php?rest_route=%2Fwp%2Fv2%2Fmedia&parent=86709"}],"wp:term":[{"taxonomy":"category","embeddable":true,"href":"https:\/\/ucnoqta.az\/index.php?rest_route=%2Fwp%2Fv2%2Fcategories&post=86709"},{"taxonomy":"post_tag","embeddable":true,"href":"https:\/\/ucnoqta.az\/index.php?rest_route=%2Fwp%2Fv2%2Ftags&post=86709"}],"curies":[{"name":"wp","href":"https:\/\/api.w.org\/{rel}","templated":true}]}}