{"id":86708,"date":"2019-10-21T09:44:22","date_gmt":"2019-10-21T05:44:22","guid":{"rendered":""},"modified":"-0001-11-30T00:00:00","modified_gmt":"-0001-11-29T20:00:00","slug":"","status":"publish","type":"post","link":"https:\/\/ucnoqta.az\/?p=86708","title":{"rendered":"T\u00fcrkiy\u0259li i\u015f adam\u0131 AB\u015e-da itkin d\u00fc\u015fd\u00fc &#8211;<font color=red><b> FOTO<\/b><\/font>"},"content":{"rendered":"<p><strong>AB\u015e-\u0131n Los-Anceles \u015f\u0259h\u0259rind\u0259 ya\u015fayan 34 ya\u015fl\u0131 Tu\u011f&ccedil;e Ta\u015f\u0131n oktyabr\u0131n 14-d\u0259n b\u0259ri nam\u0259lum \u015f\u0259raitd\u0259&nbsp;itkin d&uuml;\u015f&uuml;b.<\/strong><\/p>\n<p>Sonuncu d\u0259f\u0259 Venesiya &ccedil;im\u0259rliyind\u0259 g&ouml;r&uuml;n\u0259n Tu\u011f&ccedil;enin ail\u0259si v\u0259 dostlar\u0131 onu tapmaq &uuml;&ccedil;&uuml;n&nbsp;Los-Anceles polisind\u0259n v\u0259 T&uuml;rkiy\u0259 Konsullu\u011fundan k&ouml;m\u0259k ist\u0259yibl\u0259r.<br \/>\nQ\u0131z\u0131n tap\u0131lmas\u0131 istiqam\u0259tind\u0259 ara\u015fd\u0131rmalara ba\u015flayan polis onun \u015f\u0259kill\u0259rini m&uuml;xt\u0259lif \u0259razil\u0259rd\u0259 yerl\u0259\u015f\u0259n reklam posterl\u0259rin &uuml;z\u0259rin\u0259 yap\u0131\u015fd\u0131r\u0131blar.<\/p>\n<p>Los-Ancelesd\u0259ki &ldquo;Panacea&rdquo; adl\u0131 moda \u015firk\u0259tinin sahibi olan Ta\u015f&nbsp;\u0259vv\u0259ll\u0259r \u0130stanbuldak\u0131 m\u0259\u015fhur ma\u011fazalar\u0131n sat\u0131nalma \u015f&ouml;b\u0259sind\u0259 &ccedil;al\u0131\u015f\u0131b.<\/p>\n<p>Ni\u015fanta\u015f\u0131da yerl\u0259\u015f\u0259n &ldquo;\u0130\u015f\u0131k Liseyi&rdquo;ni bitir\u0259n g\u0259nc qad\u0131n&nbsp;avqust ay\u0131nda Nevadada h\u0259r il ke&ccedil;iril\u0259n &ldquo;Yanan Adam&rdquo; festival\u0131na qat\u0131l\u0131b v\u0259 oradan &ccedil;\u0259kilmi\u015f fotolar\u0131n\u0131 \u015f\u0259xsi &ldquo;Instaqram&rdquo; hesab\u0131nda payla\u015f\u0131b.\/oxu.az<\/p>\n<p>&nbsp;<\/p>\n","protected":false},"excerpt":{"rendered":"<p>AB\u015e-\u0131n Los-Anceles \u015f\u0259h\u0259rind\u0259 ya\u015fayan 34 ya\u015fl\u0131 Tu\u011f&ccedil;e Ta\u015f\u0131n oktyabr\u0131n 14-d\u0259n b\u0259ri nam\u0259lum \u015f\u0259raitd\u0259&nbsp;itkin d&uuml;\u015f&uuml;b. Sonuncu d\u0259f\u0259 Venesiya &ccedil;im\u0259rliyind\u0259 g&ouml;r&uuml;n\u0259n Tu\u011f&ccedil;enin ail\u0259si v\u0259 dostlar\u0131 onu tapmaq &uuml;&ccedil;&uuml;n&nbsp;Los-Anceles polisind\u0259n v\u0259 T&uuml;rkiy\u0259 Konsullu\u011fundan&hellip;<\/p>\n","protected":false},"author":1,"featured_media":251278,"comment_status":"open","ping_status":"open","sticky":false,"template":"","format":"standard","meta":{"_lmt_disableupdate":"","_lmt_disable":"","footnotes":""},"categories":[89],"tags":[],"class_list":["post-86708","post","type-post","status-publish","format-standard","has-post-thumbnail","hentry","category-dunya-butun-xeberler"],"_links":{"self":[{"href":"https:\/\/ucnoqta.az\/index.php?rest_route=\/wp\/v2\/posts\/86708","targetHints":{"allow":["GET"]}}],"collection":[{"href":"https:\/\/ucnoqta.az\/index.php?rest_route=\/wp\/v2\/posts"}],"about":[{"href":"https:\/\/ucnoqta.az\/index.php?rest_route=\/wp\/v2\/types\/post"}],"author":[{"embeddable":true,"href":"https:\/\/ucnoqta.az\/index.php?rest_route=\/wp\/v2\/users\/1"}],"replies":[{"embeddable":true,"href":"https:\/\/ucnoqta.az\/index.php?rest_route=%2Fwp%2Fv2%2Fcomments&post=86708"}],"version-history":[{"count":0,"href":"https:\/\/ucnoqta.az\/index.php?rest_route=\/wp\/v2\/posts\/86708\/revisions"}],"wp:featuredmedia":[{"embeddable":true,"href":"https:\/\/ucnoqta.az\/index.php?rest_route=\/wp\/v2\/media\/251278"}],"wp:attachment":[{"href":"https:\/\/ucnoqta.az\/index.php?rest_route=%2Fwp%2Fv2%2Fmedia&parent=86708"}],"wp:term":[{"taxonomy":"category","embeddable":true,"href":"https:\/\/ucnoqta.az\/index.php?rest_route=%2Fwp%2Fv2%2Fcategories&post=86708"},{"taxonomy":"post_tag","embeddable":true,"href":"https:\/\/ucnoqta.az\/index.php?rest_route=%2Fwp%2Fv2%2Ftags&post=86708"}],"curies":[{"name":"wp","href":"https:\/\/api.w.org\/{rel}","templated":true}]}}