{"id":86695,"date":"2019-10-20T19:54:04","date_gmt":"2019-10-20T15:54:04","guid":{"rendered":""},"modified":"-0001-11-30T00:00:00","modified_gmt":"-0001-11-29T20:00:00","slug":"","status":"publish","type":"post","link":"https:\/\/ucnoqta.az\/?p=86695","title":{"rendered":"X\u0130N: <font color=red><b>&#8220;Az\u0259rbaycanla bu dild\u0259 v\u0259 t\u0259rzd\u0259 dan\u0131\u015fma\u011fa icaz\u0259 veril\u0259 bilm\u0259z\u201d<\/b><\/font>"},"content":{"rendered":"<p>\u201cAvropa \u0130ttifaq\u0131n\u0131n b\u0259yanat\u0131nda onlarla insan\u0131n saxlanmas\u0131 bar\u0259d\u0259 veril\u0259n m\u0259lumat yaland\u0131r\u201d.<\/p>\n<p>Bunu oktyabr\u0131n 19-da Milli \u015euran\u0131n Bak\u0131da ke\u00e7irm\u0259y\u0259 c\u0259hd etdiyi aksiya il\u0259 ba\u011fl\u0131 Avropa \u0130ttifaq\u0131n\u0131n b\u0259yanat\u0131na m\u00fcnasib\u0259t bildir\u0259n Xarici \u0130\u015fl\u0259r Nazirliyinin m\u0259tbuat xidm\u0259tinin r\u0259hb\u0259ri Leyla Abdullayeva s\u00f6yl\u0259yib.<\/p>\n<p>L. Abdullayeva deyib ki, qanunsuz aksiya ke\u00e7ir\u0259n \u015f\u0259xsl\u0259rin \u0259ks\u0259riyy\u0259ti r\u0259smi x\u0259b\u0259rdarl\u0131q edildikd\u0259n sonra s\u0259rb\u0259st burax\u0131l\u0131b: \u201cAz\u0259rbaycanda s\u0259rb\u0259st topla\u015fma azadl\u0131\u011f\u0131 t\u0259min olunub. Milli \u015euran\u0131n oktyabr\u0131n 8-d\u0259 Bak\u0131 \u015e\u0259h\u0259r \u0130cra Hakimiyy\u0259ti il\u0259 Az\u0259rbaycan D\u00f6vl\u0259t \u0130qtisad Universitetinin inzibati binalar\u0131n\u0131n aras\u0131nda yerl\u0259\u015f\u0259n \u0259razid\u0259 50 n\u0259f\u0259rin i\u015ftirak\u0131 il\u0259 piket ke\u00e7irilm\u0259si Bak\u0131 \u015e\u0259h\u0259r \u0130cra Hakimiyy\u0259ti il\u0259 raz\u0131la\u015fd\u0131r\u0131l\u0131b. Buna baxmayaraq, onlar h\u0259min \u0259razid\u0259 faktiki olaraq k\u00fc\u00e7\u0259 y\u00fcr\u00fc\u015f\u00fc ke\u00e7irm\u0259y\u0259 c\u0259hd edibl\u0259r. \u201cS\u0259rb\u0259st topla\u015fmaq haqq\u0131nda\u201d qanunun 9-cu madd\u0259sinin III hiss\u0259sinin 1-ci b\u0259ndin\u0259 \u0259sas\u0259n m\u00fcvafiq ali hakimiyy\u0259t binalar\u0131n\u0131n 200 metr radiusunda ke\u00e7irildiyi t\u0259qdird\u0259, mitinql\u0259r, n\u00fcmayi\u015fl\u0259r, k\u00fc\u00e7\u0259 y\u00fcr\u00fc\u015fl\u0259ri qada\u011fan oluna bil\u0259r. Milli \u015euran\u0131n oktyabr\u0131n 19-da saat 15-d\u0259n 17-d\u0259k mitinq ke\u00e7irilm\u0259si il\u0259 ba\u011fl\u0131 m\u00fcraci\u0259tin\u0259 Bak\u0131 \u015e\u0259h\u0259r \u0130cra Hakimiyy\u0259ti t\u0259r\u0259find\u0259n bax\u0131l\u0131b. \u201cS\u0259rb\u0259st topla\u015fmaq azadl\u0131\u011f\u0131 haqq\u0131nda\u201d qanunun 9-cu madd\u0259sinin 3-c\u00fc hiss\u0259sinin 2-ci b\u0259ndin\u0259 \u0259sas\u0259n, metropolitenin m\u00fchafiz\u0259 zonalar\u0131nda toplant\u0131lar\u0131n ke\u00e7irilm\u0259si qada\u011fan edildiyind\u0259n Bak\u0131 \u015e\u0259h\u0259r \u0130cra Hakimiyy\u0259ti t\u0259r\u0259find\u0259n mitinqin qeyd olunan vaxtda Bak\u0131 \u015f\u0259h\u0259ri L\u00f6kbatan q\u0259s\u0259b\u0259si 28 May k\u00fc\u00e7\u0259sind\u0259ki \u201cNeft\u00e7i\u201d idman klubunun Qarada\u011f t\u0259lim idman bazas\u0131nda ke\u00e7irilm\u0259si t\u0259klif olunub. Buna baxmayaraq, \u015f\u0259h\u0259rin m\u0259rk\u0259zi hiss\u0259sinf\u0259 qanunsuz aksiyan\u0131n ke\u00e7irilm\u0259sin\u0259 c\u0259hd olunub\u201d.<\/p>\n<p>X\u0130N m\u0259tbuat xidm\u0259tinin r\u0259hb\u0259ri n\u0259z\u0259r\u0259 \u00e7atd\u0131r\u0131b ki, polis qurumlar\u0131 t\u0259r\u0259find\u0259n qanunsuz aksiyan\u0131n qar\u015f\u0131s\u0131 al\u0131n\u0131b: \u201cPolis k\u00fcbar v\u0259 m\u0259d\u0259ni davran\u0131\u015f n\u00fcmayi\u015f etdirib, he\u00e7 bir insan x\u0259sar\u0259t almay\u0131b. Avropa \u0130ttifaq\u0131 t\u0259r\u0259find\u0259n bu g\u00fcn Barselonada ba\u015f ver\u0259n hadis\u0259l\u0259r\u0259, o c\u00fcml\u0259d\u0259n din n\u00fcmayi\u015f\u00e7il\u0259r\u0259 qar\u015f\u0131 polis t\u0259r\u0259find\u0259n rezin g\u00fcll\u0259l\u0259rd\u0259n istifad\u0259 olunmas\u0131, m\u0259tbuat n\u00fcmay\u0259nd\u0259l\u0259rinin d\u00f6y\u00fclm\u0259si, h\u0259dd\u0259n art\u0131q \u015fidd\u0259td\u0259n istifad\u0259 olunmas\u0131 hallar\u0131na n\u0259z\u0259r yetirilm\u0259si yax\u015f\u0131 olard\u0131. Fransada aylar \u0259rzind\u0259 n\u00fcmayi\u015f\u00e7il\u0259r\u0259 qar\u015f\u0131 t\u0259tbiq olunan polis q\u0259ddarl\u0131\u011f\u0131 b\u00fct\u00fcn insani davran\u0131\u015f normalar\u0131n\u0131 a\u015f\u0131b. 11 n\u0259f\u0259r \u00f6ld\u00fcr\u00fcl\u00fcb, minl\u0259rl\u0259 insan x\u0259sar\u0259t al\u0131b. G\u00f6zl\u0259rini itirmi\u015f, \u015fik\u0259st olmu\u015f insanlar var. T\u0259\u0259ss\u00fcf ki, bu kimi hallarda da ikili standartlar t\u0259tbiq edilir. Polisin m\u0259d\u0259ni davran\u0131\u015f\u0131na x\u0259l\u0259l g\u0259tirilir. Avropa \u0130ttifaq\u0131 t\u0259r\u0259find\u0259n \u00f6z burnunun ucunda olan hadis\u0259l\u0259r\u0259 g\u00f6z yumulur. Az\u0259rbaycanla bu dild\u0259 v\u0259 t\u0259rzd\u0259 dan\u0131\u015fma\u011fa icaz\u0259 veril\u0259 bilm\u0259z\u201d.<\/p>\n","protected":false},"excerpt":{"rendered":"<p>\u201cAvropa \u0130ttifaq\u0131n\u0131n b\u0259yanat\u0131nda onlarla insan\u0131n saxlanmas\u0131 bar\u0259d\u0259 veril\u0259n m\u0259lumat yaland\u0131r\u201d. Bunu oktyabr\u0131n 19-da Milli \u015euran\u0131n Bak\u0131da ke\u00e7irm\u0259y\u0259 c\u0259hd etdiyi aksiya il\u0259 ba\u011fl\u0131 Avropa \u0130ttifaq\u0131n\u0131n b\u0259yanat\u0131na m\u00fcnasib\u0259t bildir\u0259n Xarici \u0130\u015fl\u0259r Nazirliyinin&hellip;<\/p>\n","protected":false},"author":1,"featured_media":251278,"comment_status":"open","ping_status":"open","sticky":false,"template":"","format":"standard","meta":{"_lmt_disableupdate":"","_lmt_disable":"","footnotes":""},"categories":[86],"tags":[],"class_list":["post-86695","post","type-post","status-publish","format-standard","has-post-thumbnail","hentry","category-siyaset"],"_links":{"self":[{"href":"https:\/\/ucnoqta.az\/index.php?rest_route=\/wp\/v2\/posts\/86695","targetHints":{"allow":["GET"]}}],"collection":[{"href":"https:\/\/ucnoqta.az\/index.php?rest_route=\/wp\/v2\/posts"}],"about":[{"href":"https:\/\/ucnoqta.az\/index.php?rest_route=\/wp\/v2\/types\/post"}],"author":[{"embeddable":true,"href":"https:\/\/ucnoqta.az\/index.php?rest_route=\/wp\/v2\/users\/1"}],"replies":[{"embeddable":true,"href":"https:\/\/ucnoqta.az\/index.php?rest_route=%2Fwp%2Fv2%2Fcomments&post=86695"}],"version-history":[{"count":0,"href":"https:\/\/ucnoqta.az\/index.php?rest_route=\/wp\/v2\/posts\/86695\/revisions"}],"wp:featuredmedia":[{"embeddable":true,"href":"https:\/\/ucnoqta.az\/index.php?rest_route=\/wp\/v2\/media\/251278"}],"wp:attachment":[{"href":"https:\/\/ucnoqta.az\/index.php?rest_route=%2Fwp%2Fv2%2Fmedia&parent=86695"}],"wp:term":[{"taxonomy":"category","embeddable":true,"href":"https:\/\/ucnoqta.az\/index.php?rest_route=%2Fwp%2Fv2%2Fcategories&post=86695"},{"taxonomy":"post_tag","embeddable":true,"href":"https:\/\/ucnoqta.az\/index.php?rest_route=%2Fwp%2Fv2%2Ftags&post=86695"}],"curies":[{"name":"wp","href":"https:\/\/api.w.org\/{rel}","templated":true}]}}