{"id":86693,"date":"2019-10-20T18:00:41","date_gmt":"2019-10-20T14:00:41","guid":{"rendered":""},"modified":"-0001-11-30T00:00:00","modified_gmt":"-0001-11-29T20:00:00","slug":"","status":"publish","type":"post","link":"https:\/\/ucnoqta.az\/?p=86693","title":{"rendered":"&#8220;Porsche&#8221; iki min avtomobilini geri \u00e7a\u011f\u0131r\u0131r"},"content":{"rendered":"<p>Almaniyan\u0131n m\u0259\u015fhur avtomobil istehsal\u00e7\u0131s\u0131 &#8220;Volkswagen&#8221; \u00c7in bazar\u0131nda satd\u0131\u011f\u0131 t\u0259xmin\u0259n iki min &#8220;Porsche&#8221; avtomobilini geri \u00e7a\u011f\u0131r\u0131r.<\/p>\n<p>&#8220;Qafqazinfo&#8221; x\u0259b\u0259r verir ki, noyabr\u0131n 8-d\u0259n ba\u015flanacaq proses zaman\u0131 2015-2016-c\u0131 ill\u0259rd\u0259 istehsal olunmu\u015f &#8220;Panamera&#8221; v\u0259 &#8220;Boxster&#8221; modell\u0259ri daxil olmaqla 2 min 83 \u0259d\u0259d avtomobil potensial t\u0259hl\u00fck\u0259sizlik probleml\u0259ri il\u0259 \u0259laq\u0259dar geri \u00e7a\u011f\u0131r\u0131lacaq.<\/p>\n<p>M\u00fct\u0259x\u0259ssisl\u0259r hesab edir ki, h\u0259min avtomobill\u0259rd\u0259ki elektron idar\u0259etm\u0259 bloklar\u0131n\u0131n nasazl\u0131\u011f\u0131 hava yast\u0131qlar\u0131n\u0131n v\u0259 t\u0259hl\u00fck\u0259sizlik k\u0259m\u0259rl\u0259rinin d\u00fczg\u00fcn i\u015fl\u0259m\u0259m\u0259sin\u0259, bu da \u00f6z n\u00f6vb\u0259sind\u0259 s\u00fcr\u00fcc\u00fcn\u00fcn v\u0259 s\u0259rni\u015finl\u0259rin h\u0259yat\u0131 \u00fc\u00e7\u00fcn ciddi t\u0259hl\u00fck\u0259l\u0259rin yaranmas\u0131na s\u0259b\u0259b ola bil\u0259r.<\/p>\n<p>\u0130stehsal\u00e7\u0131 \u015firk\u0259tin \u00c7ind\u0259ki n\u00fcmay\u0259nd\u0259liyi avtomobill\u0259rd\u0259 nasaz detallar\u0131 yoxlayaraq d\u0259yi\u015f\u0259c\u0259k.<\/p>\n","protected":false},"excerpt":{"rendered":"<p>Almaniyan\u0131n m\u0259\u015fhur avtomobil istehsal\u00e7\u0131s\u0131 &#8220;Volkswagen&#8221; \u00c7in bazar\u0131nda satd\u0131\u011f\u0131 t\u0259xmin\u0259n iki min &#8220;Porsche&#8221; avtomobilini geri \u00e7a\u011f\u0131r\u0131r. &#8220;Qafqazinfo&#8221; x\u0259b\u0259r verir ki, noyabr\u0131n 8-d\u0259n ba\u015flanacaq proses zaman\u0131 2015-2016-c\u0131 ill\u0259rd\u0259 istehsal olunmu\u015f &#8220;Panamera&#8221; v\u0259&hellip;<\/p>\n","protected":false},"author":1,"featured_media":251278,"comment_status":"open","ping_status":"open","sticky":false,"template":"","format":"standard","meta":{"_lmt_disableupdate":"","_lmt_disable":"","footnotes":""},"categories":[],"tags":[],"class_list":["post-86693","post","type-post","status-publish","format-standard","has-post-thumbnail","hentry"],"_links":{"self":[{"href":"https:\/\/ucnoqta.az\/index.php?rest_route=\/wp\/v2\/posts\/86693","targetHints":{"allow":["GET"]}}],"collection":[{"href":"https:\/\/ucnoqta.az\/index.php?rest_route=\/wp\/v2\/posts"}],"about":[{"href":"https:\/\/ucnoqta.az\/index.php?rest_route=\/wp\/v2\/types\/post"}],"author":[{"embeddable":true,"href":"https:\/\/ucnoqta.az\/index.php?rest_route=\/wp\/v2\/users\/1"}],"replies":[{"embeddable":true,"href":"https:\/\/ucnoqta.az\/index.php?rest_route=%2Fwp%2Fv2%2Fcomments&post=86693"}],"version-history":[{"count":0,"href":"https:\/\/ucnoqta.az\/index.php?rest_route=\/wp\/v2\/posts\/86693\/revisions"}],"wp:featuredmedia":[{"embeddable":true,"href":"https:\/\/ucnoqta.az\/index.php?rest_route=\/wp\/v2\/media\/251278"}],"wp:attachment":[{"href":"https:\/\/ucnoqta.az\/index.php?rest_route=%2Fwp%2Fv2%2Fmedia&parent=86693"}],"wp:term":[{"taxonomy":"category","embeddable":true,"href":"https:\/\/ucnoqta.az\/index.php?rest_route=%2Fwp%2Fv2%2Fcategories&post=86693"},{"taxonomy":"post_tag","embeddable":true,"href":"https:\/\/ucnoqta.az\/index.php?rest_route=%2Fwp%2Fv2%2Ftags&post=86693"}],"curies":[{"name":"wp","href":"https:\/\/api.w.org\/{rel}","templated":true}]}}