{"id":86683,"date":"2019-10-20T12:19:56","date_gmt":"2019-10-20T08:19:56","guid":{"rendered":""},"modified":"-0001-11-30T00:00:00","modified_gmt":"-0001-11-29T20:00:00","slug":"","status":"publish","type":"post","link":"https:\/\/ucnoqta.az\/?p=86683","title":{"rendered":"Emin v\u0259 az\u0259rbaycanl\u0131 m\u0259\u015fhurlardan \u201cAz\u0259rbaycan-101\u201d layih\u0259si &#8211; <font color=red><b>Video<\/b><\/font>"},"content":{"rendered":"<p><strong>Xalq artisti Emin A\u011falarov Az\u0259rbaycana h\u0259sr olunmu\u015f &quot;Az\u0259rbaycan-101&quot; adl\u0131 irimiqyasl\u0131 musiqi layih\u0259sini t\u0259qdim edib.<\/strong><\/p>\n<p>&nbsp;\u0130nstaqram hesab\u0131nda yeni layih\u0259sinin i\u015f\u0131q &uuml;z&uuml; g&ouml;rm\u0259si haqda m\u0259lumat ver\u0259n Emin h\u0259myerlil\u0259rini Az\u0259rbaycan\u0131n M&uuml;st\u0259qillik G&uuml;n&uuml; m&uuml;nasib\u0259ti il\u0259 t\u0259brik edib v\u0259 2019-cu ild\u0259 republikan\u0131n 101 ya\u015f\u0131 tamam oldu\u011funu qeyd edib:<\/p>\n<p>&ldquo;Az\u0259rbaycan! M\u0259n s\u0259ni sevir\u0259m! Harada olma\u011f\u0131m\u0131zdan as\u0131l\u0131 olmayaraq, biz h\u0259mi\u015f\u0259 do\u011fma torpa\u011f\u0131m\u0131z\u0131, yax\u0131n insanlar\u0131m\u0131z\u0131, u\u015faql\u0131\u011f\u0131m\u0131z\u0131, do\u011fma diyar\u0131m\u0131z\u0131 d&uuml;\u015f&uuml;n&uuml;r&uuml;k v\u0259 xat\u0131rlay\u0131r\u0131q. Az\u0259rbaycan, bizim ham\u0131m\u0131z\u0131 birl\u0259\u015fdirdiyin &uuml;&ccedil;&uuml;n &ccedil;ox sa\u011f ol!<\/p>\n<p>Layih\u0259d\u0259 Emin A\u011falarovla yana\u015f\u0131 Xalq artistl\u0259ri Ayg&uuml;n Kaz\u0131mova, Z&uuml;lfiyy\u0259 Xanbabayeva, El&ccedil;in \u018fzizov, Yusif Eyvazov, el\u0259c\u0259 d\u0259 Jony, Bahh Tee v\u0259 dig\u0259r m\u0259\u015fhur az\u0259rbaycanl\u0131 artistl\u0259r yer al\u0131b.<\/p>\n<p>Xalq artisti, h\u0259m&ccedil;inin, mahn\u0131n\u0131n m&uuml;\u0259llifl\u0259rin\u0259 &#8211; s&ouml;z yazar\u0131, Heyd\u0259r \u018fliyev Fondunun vitse-prezidenti Leyla \u018fliyevaya v\u0259 b\u0259st\u0259kar Ruslan A\u011fababayev\u0259 x&uuml;susi minn\u0259tdarl\u0131\u011f\u0131n\u0131 bildirib. Klipin rejissoru Emin Muradovdur.&nbsp; \/qafqazinfo<\/p>\n<p><iframe allow=\"accelerometer; autoplay; encrypted-media; gyroscope; picture-in-picture\" allowfullscreen=\"\" frameborder=\"0\" height=\"315\" src=\"https:\/\/www.youtube.com\/embed\/Xj7Qza1Agfw\" width=\"560\"><\/iframe><\/p>\n","protected":false},"excerpt":{"rendered":"<p>Xalq artisti Emin A\u011falarov Az\u0259rbaycana h\u0259sr olunmu\u015f &quot;Az\u0259rbaycan-101&quot; adl\u0131 irimiqyasl\u0131 musiqi layih\u0259sini t\u0259qdim edib. &nbsp;\u0130nstaqram hesab\u0131nda yeni layih\u0259sinin i\u015f\u0131q &uuml;z&uuml; g&ouml;rm\u0259si haqda m\u0259lumat ver\u0259n Emin h\u0259myerlil\u0259rini Az\u0259rbaycan\u0131n M&uuml;st\u0259qillik G&uuml;n&uuml; m&uuml;nasib\u0259ti&hellip;<\/p>\n","protected":false},"author":1,"featured_media":251278,"comment_status":"open","ping_status":"open","sticky":false,"template":"","format":"standard","meta":{"_lmt_disableupdate":"","_lmt_disable":"","footnotes":""},"categories":[],"tags":[],"class_list":["post-86683","post","type-post","status-publish","format-standard","has-post-thumbnail","hentry"],"_links":{"self":[{"href":"https:\/\/ucnoqta.az\/index.php?rest_route=\/wp\/v2\/posts\/86683","targetHints":{"allow":["GET"]}}],"collection":[{"href":"https:\/\/ucnoqta.az\/index.php?rest_route=\/wp\/v2\/posts"}],"about":[{"href":"https:\/\/ucnoqta.az\/index.php?rest_route=\/wp\/v2\/types\/post"}],"author":[{"embeddable":true,"href":"https:\/\/ucnoqta.az\/index.php?rest_route=\/wp\/v2\/users\/1"}],"replies":[{"embeddable":true,"href":"https:\/\/ucnoqta.az\/index.php?rest_route=%2Fwp%2Fv2%2Fcomments&post=86683"}],"version-history":[{"count":0,"href":"https:\/\/ucnoqta.az\/index.php?rest_route=\/wp\/v2\/posts\/86683\/revisions"}],"wp:featuredmedia":[{"embeddable":true,"href":"https:\/\/ucnoqta.az\/index.php?rest_route=\/wp\/v2\/media\/251278"}],"wp:attachment":[{"href":"https:\/\/ucnoqta.az\/index.php?rest_route=%2Fwp%2Fv2%2Fmedia&parent=86683"}],"wp:term":[{"taxonomy":"category","embeddable":true,"href":"https:\/\/ucnoqta.az\/index.php?rest_route=%2Fwp%2Fv2%2Fcategories&post=86683"},{"taxonomy":"post_tag","embeddable":true,"href":"https:\/\/ucnoqta.az\/index.php?rest_route=%2Fwp%2Fv2%2Ftags&post=86683"}],"curies":[{"name":"wp","href":"https:\/\/api.w.org\/{rel}","templated":true}]}}