{"id":86674,"date":"2019-10-19T23:14:42","date_gmt":"2019-10-19T19:14:42","guid":{"rendered":""},"modified":"-0001-11-30T00:00:00","modified_gmt":"-0001-11-29T20:00:00","slug":"","status":"publish","type":"post","link":"https:\/\/ucnoqta.az\/?p=86674","title":{"rendered":"M\u0259tbuat \u015euras\u0131 jurnalistl\u0259r\u0259 v\u0259 polisl\u0259r\u0259 m\u00fcraci\u0259t edib"},"content":{"rendered":"<p><strong>M\u0259tbuat \u015euras\u0131 m&uuml;xalif\u0259t n&uuml;may\u0259nd\u0259l\u0259rind\u0259n ibar\u0259t Milli \u015euran\u0131n oktyabr\u0131n 19-da metronun &ldquo;28 May&rdquo; stansiyas\u0131 yax\u0131nl\u0131\u011f\u0131nda ke&ccedil;irdiyi icaz\u0259siz aksiyada jurnalistl\u0259rin pe\u015f\u0259 v\u0259zif\u0259l\u0259rini yerin\u0259 yetirm\u0259l\u0259rinin monitorinqini apar\u0131b.<\/strong><\/p>\n<p>\u015euradan Ucnoqta.aaz-a veril\u0259n m\u0259lumata g&ouml;r\u0259, Daxili \u0130\u015fl\u0259r Nazirliyinin n&uuml;may\u0259nd\u0259l\u0259rind\u0259n ibar\u0259t birg\u0259 monitorinq qrupunun &uuml;zvl\u0259ri \u0259razid\u0259 olublar. Eyni zamanda jurnalistl\u0259r monitorinq qrupu &uuml;zvl\u0259rinin 050-206-96-02 v\u0259 055-288-95-53 mobil telefon n&ouml;mr\u0259l\u0259rin\u0259 d\u0259 z\u0259ng ed\u0259r\u0259k v\u0259ziyy\u0259ti bildirm\u0259k imkan\u0131 \u0259ld\u0259 edibl\u0259r: &quot;&Uuml;mum\u0259n jurnalistl\u0259rin aksiyan\u0131 i\u015f\u0131qland\u0131rmalar\u0131 &uuml;&ccedil;&uuml;n \u015f\u0259rait yarad\u0131l\u0131b. Ancaq aksiya il\u0259 ba\u011fll\u0131 bir s\u0131ra t\u0259hl&uuml;k\u0259sizlik xarakterli m\u0259hdudla\u015fd\u0131r\u0131c\u0131 t\u0259dbirl\u0259r eyni zamanda media m\u0259nsublar\u0131na da t\u0259tbiq edilib. Bununla \u0259laq\u0259dar monitorinq qrupuna m\u0259lumatlar daxil olub.<\/p>\n<p>Jurnalistl\u0259rin tam \u0259ks\u0259riyy\u0259ti aksiya zaman\u0131 &uuml;z\u0259rind\u0259 &ldquo;Press&rdquo; yaz\u0131lm\u0131\u015f g&ouml;d\u0259k&ccedil;\u0259l\u0259rd\u0259 olublar. Bununla bel\u0259 s\u0131ra K\u0130V n&uuml;may\u0259nd\u0259l\u0259ri aksiyaya bu t\u0259l\u0259b\u0259 m\u0259h\u0259l qoymadan qat\u0131l\u0131blar. &Uuml;z\u0259rind\u0259 &ldquo;Press&rdquo; yaz\u0131lm\u0131\u015f g&ouml;d\u0259k&ccedil;\u0259l\u0259rd\u0259 olan b\u0259zi jurnalistl\u0259r is\u0259 &ouml;zl\u0259rini aksiya i\u015ftirak&ccedil;\u0131s\u0131 kimi apar\u0131blar.<\/p>\n<p>Az\u0259rbaycan M\u0259tbuat \u015euras\u0131 bir daha bildirir ki, jurnalistl\u0259r he&ccedil; bir halda &ouml;zl\u0259rini aksiya i\u015ftirak&ccedil;\u0131s\u0131 kimi aparmamal\u0131, s\u0131rf pe\u015f\u0259 f\u0259aliyy\u0259tl\u0259rini yerin\u0259 yetirm\u0259lidirl\u0259r. M\u0259tbuat \u015euras\u0131n\u0131n monitorinq qrupu g\u0259l\u0259c\u0259kd\u0259 d\u0259 m\u0259s\u0259l\u0259ni ciddi n\u0259zar\u0259td\u0259 saxlayacaq.<\/p>\n<p>M\u0259tbuat \u015euras\u0131 h&uuml;quq-m&uuml;hafiz\u0259 orqanlar\u0131n\u0131n t\u0259msil&ccedil;il\u0259rini d\u0259 bir daha &uuml;z\u0259rind\u0259 &ldquo;Press&rdquo; yaz\u0131lm\u0131\u015f g&ouml;d\u0259k&ccedil;\u0259l\u0259rd\u0259 olan media t\u0259msil&ccedil;il\u0259rin\u0259 m&uuml;vafiq \u015f\u0259rait yaratma\u011fa, &uuml;mum\u0259n jurnalistl\u0259rl\u0259 \u0259laq\u0259dar h\u0259ssasl\u0131q n&uuml;mayi\u015fin\u0259, diqq\u0259tli davran\u0131\u015fa &ccedil;a\u011f\u0131r\u0131r&quot;.<\/p>\n","protected":false},"excerpt":{"rendered":"<p>M\u0259tbuat \u015euras\u0131 m&uuml;xalif\u0259t n&uuml;may\u0259nd\u0259l\u0259rind\u0259n ibar\u0259t Milli \u015euran\u0131n oktyabr\u0131n 19-da metronun &ldquo;28 May&rdquo; stansiyas\u0131 yax\u0131nl\u0131\u011f\u0131nda ke&ccedil;irdiyi icaz\u0259siz aksiyada jurnalistl\u0259rin pe\u015f\u0259 v\u0259zif\u0259l\u0259rini yerin\u0259 yetirm\u0259l\u0259rinin monitorinqini apar\u0131b. \u015euradan Ucnoqta.aaz-a veril\u0259n m\u0259lumata g&ouml;r\u0259, Daxili&hellip;<\/p>\n","protected":false},"author":1,"featured_media":251278,"comment_status":"open","ping_status":"open","sticky":false,"template":"","format":"standard","meta":{"_lmt_disableupdate":"","_lmt_disable":"","footnotes":""},"categories":[],"tags":[],"class_list":["post-86674","post","type-post","status-publish","format-standard","has-post-thumbnail","hentry"],"_links":{"self":[{"href":"https:\/\/ucnoqta.az\/index.php?rest_route=\/wp\/v2\/posts\/86674","targetHints":{"allow":["GET"]}}],"collection":[{"href":"https:\/\/ucnoqta.az\/index.php?rest_route=\/wp\/v2\/posts"}],"about":[{"href":"https:\/\/ucnoqta.az\/index.php?rest_route=\/wp\/v2\/types\/post"}],"author":[{"embeddable":true,"href":"https:\/\/ucnoqta.az\/index.php?rest_route=\/wp\/v2\/users\/1"}],"replies":[{"embeddable":true,"href":"https:\/\/ucnoqta.az\/index.php?rest_route=%2Fwp%2Fv2%2Fcomments&post=86674"}],"version-history":[{"count":0,"href":"https:\/\/ucnoqta.az\/index.php?rest_route=\/wp\/v2\/posts\/86674\/revisions"}],"wp:featuredmedia":[{"embeddable":true,"href":"https:\/\/ucnoqta.az\/index.php?rest_route=\/wp\/v2\/media\/251278"}],"wp:attachment":[{"href":"https:\/\/ucnoqta.az\/index.php?rest_route=%2Fwp%2Fv2%2Fmedia&parent=86674"}],"wp:term":[{"taxonomy":"category","embeddable":true,"href":"https:\/\/ucnoqta.az\/index.php?rest_route=%2Fwp%2Fv2%2Fcategories&post=86674"},{"taxonomy":"post_tag","embeddable":true,"href":"https:\/\/ucnoqta.az\/index.php?rest_route=%2Fwp%2Fv2%2Ftags&post=86674"}],"curies":[{"name":"wp","href":"https:\/\/api.w.org\/{rel}","templated":true}]}}