{"id":86669,"date":"2019-10-19T18:18:35","date_gmt":"2019-10-19T14:18:35","guid":{"rendered":""},"modified":"-0001-11-30T00:00:00","modified_gmt":"-0001-11-29T20:00:00","slug":"","status":"publish","type":"post","link":"https:\/\/ucnoqta.az\/?p=86669","title":{"rendered":"Radikal m\u00fcxalif\u0259tin ikinci oktyabr iflas\u0131- <font color=red><b>\u018fli H\u0259s\u0259nov<\/b><\/font>"},"content":{"rendered":"<p><strong>&ldquo;Bu g&uuml;n Az\u0259rbaycanda iqtidar\u0131n\u0131n b&uuml;t&uuml;n prosesl\u0259ri n\u0259zar\u0259t alt\u0131nda saxlad\u0131\u011f\u0131 v\u0259 h&ouml;kum\u0259tin irad\u0259sind\u0259n k\u0259nar h\u0259r hans\u0131 bir m\u0259s\u0259l\u0259nin ba\u015f tutmas\u0131n\u0131n m&uuml;mk&uuml;ns&uuml;zl&uuml;y&uuml; bir daha &ouml;z t\u0259sdiqini tapd\u0131&rdquo;.<\/strong><\/p>\n<p>H&ouml;rm\u0259tli oxucular\u0131m, y\u0259qin ki, 2003-c&uuml; ild\u0259 Az\u0259rbaycanda ke&ccedil;iril\u0259n n&ouml;vb\u0259ti prezident se&ccedil;kil\u0259rind\u0259n sonra \u0130lham \u018fliyevin m&ouml;ht\u0259\u015f\u0259m q\u0259l\u0259b\u0259si il\u0259 bar\u0131\u015fmayan radikal m&uuml;xalif\u0259tin \u015f\u0259h\u0259rin m\u0259rk\u0259zi k&uuml;&ccedil;\u0259l\u0259rind\u0259 t&ouml;r\u0259tdiyi da\u011f\u0131nt\u0131lar\u0131, meydanlar\u0131 \u0259sl d&ouml;y&uuml;\u015f s\u0259hn\u0259sin\u0259 &ccedil;evirm\u0259k c\u0259hdl\u0259rini yax\u015f\u0131 xat\u0131rlay\u0131r. O zaman qanun ke\u015fik&ccedil;il\u0259rinin h\u0259yata ke&ccedil;irdiyi ciddi t\u0259dbirl\u0259r v\u0259 &ouml;z s\u0259sini qoruma\u011fa qalxan v\u0259t\u0259nda\u015flar\u0131n d\u0259st\u0259yi il\u0259 b&uuml;t&uuml;n anti-demokratik h\u0259r\u0259k\u0259tl\u0259rin qar\u015f\u0131s\u0131 al\u0131nd\u0131, t\u0259\u015fkilat&ccedil;\u0131lar qanun qar\u015f\u0131s\u0131nda cavab verdi v\u0259 radikal ovqatl\u0131 m&uuml;xalif d&uuml;\u015f\u0259rg\u0259 ciddi iflasa u\u011frad\u0131. O hadis\u0259d\u0259n 16 il ke&ccedil;s\u0259 d\u0259, n\u0259 b\u0259hs etdiyimiz h\u0259min radikal m&uuml;xalif\u0259tin simas\u0131, n\u0259 d\u0259 ki, onlar\u0131n t\u0259\u015fkil etdiyi aksiyalar\u0131n xarakteri q\u0259tiyy\u0259n d\u0259yi\u015fm\u0259yib.<\/p>\n<p>B\u0259llidir ki, Bak\u0131 \u015e\u0259h\u0259r \u0130cra Hakimiyy\u0259ti &ldquo;milli \u015fura&rdquo; adlanan bu antid&ouml;vl\u0259t qurumunun v\u0259 AXCP-nin oktyabr\u0131n 19-da mitinq ke&ccedil;irm\u0259k haqq\u0131ndak\u0131 m&uuml;raci\u0259tin\u0259 raz\u0131l\u0131q verdi v\u0259 m&uuml;vafiq olaraq yer ay\u0131rd\u0131. T\u0259\u0259ss&uuml;f ki, t\u0259\u015fkilat&ccedil;\u0131lar icaz\u0259li mitinqd\u0259n imtina ed\u0259r\u0259k, qar\u015f\u0131durma yolu tutdular v\u0259 \u015f\u0259h\u0259rin m\u0259rk\u0259zind\u0259 ictimai asayi\u015fi pozma\u011fa c\u0259hd g&ouml;st\u0259rdil\u0259r. Onlar\u0131nbel\u0259 destruktiv h\u0259r\u0259k\u0259tl\u0259rinin n\u0259tic\u0259si olaraq, bu g&uuml;n bir ne&ccedil;\u0259 saat \u0259rzind\u0259 \u015f\u0259h\u0259rin m\u0259rk\u0259zi hiss\u0259sind\u0259 \u0259halinin sabit v\u0259 ritmik h\u0259yat\u0131, n\u0259qliyyat\u0131n h\u0259r\u0259k\u0259ti, insanlar\u0131n rahatl\u0131\u011f\u0131 pozuldu.<\/p>\n<p>Birc\u0259 onu qeyd etm\u0259k yerin\u0259 d&uuml;\u015f\u0259r ki, Bak\u0131 N\u0259qliyyat Agentliyi 14 mar\u015frutun istiqam\u0259tini d\u0259yi\u015fdirm\u0259y\u0259 m\u0259cbur oldu ki, bu da t\u0259xmin\u0259n 200 min v\u0259t\u0259nda\u015f\u0131n rahatl\u0131\u011f\u0131n\u0131n pozulmas\u0131 dem\u0259kdir. Bak\u0131 Metropoliteninin &ldquo;28 May&rdquo; stansiyas\u0131n\u0131n f\u0259aliyy\u0259tinin dayand\u0131r\u0131lmas\u0131 n\u0259tic\u0259sind\u0259 y&uuml;z minl\u0259rl\u0259 insan vaxt\u0131nda n\u0259z\u0259rd\u0259 tutulan m\u0259nt\u0259q\u0259l\u0259r\u0259 &ccedil;ata bilm\u0259di v\u0259 diskomfort ya\u015fama\u011fa m\u0259cbur oldu. Avtomobil n\u0259qliyyat\u0131n\u0131n h\u0259r\u0259k\u0259tind\u0259 yaranm\u0131\u015f probleml\u0259r, h\u0259min \u0259razid\u0259 ya\u015fayan insanlar\u0131n istirah\u0259tinin tam pozulmas\u0131 v\u0259 radikal qruplar\u0131n dig\u0259r qeyri-qanuni \u0259m\u0259ll\u0259ri n\u0259tic\u0259sind\u0259 yaranm\u0131\u015f ba\u015fqa probleml\u0259r v\u0259t\u0259nda\u015flar\u0131m\u0131za h\u0259m fiziki, h\u0259m d\u0259 m\u0259n\u0259vi c\u0259h\u0259td\u0259n ciddi probleml\u0259r ya\u015fatd\u0131. B\u0259s bunun hesab\u0131n\u0131 kim &ouml;d\u0259m\u0259lidir? Bu qanunsuzlu\u011fa, &ouml;zba\u015f\u0131nal\u0131\u011f\u0131a g&ouml;r\u0259 kim m\u0259suliyy\u0259t da\u015f\u0131mal\u0131d\u0131r?<\/p>\n<p>Xat\u0131rlatmaq ist\u0259rdim ki, aksiyadan bir ne&ccedil;\u0259 g&uuml;n qabaq t\u0259\u015fkilat&ccedil;\u0131lar v\u0259 potensial i\u015ftirak&ccedil;\u0131lar m&uuml;vafiq qurumlara d\u0259v\u0259t olunaraq x\u0259b\u0259rdar edilmi\u015fl\u0259r. Lakin h\u0259min insanlar polis \u015f&ouml;b\u0259l\u0259rind\u0259n &ccedil;\u0131xan kimi, sevinc\u0259k halda sosial \u015f\u0259b\u0259k\u0259l\u0259rd\u0259 statuslar payla\u015f\u0131r, bar\u0259l\u0259rind\u0259 he&ccedil; bir &ouml;l&ccedil;&uuml; g&ouml;t&uuml;r&uuml;lm\u0259diyini qeyd edir v\u0259 oktyabr\u0131n 19-da t\u0259yin etdikl\u0259ri qeyri-qanuni aksiyaya qo\u015fulacaqlar\u0131n\u0131 bildirirdil\u0259r. T\u0259\u0259ss&uuml;f ki, onlar ba\u015fa d&uuml;\u015fm\u0259dil\u0259r v\u0259 t\u0259\u015fkilat&ccedil;\u0131lar da bel\u0259l\u0259rin\u0259 ba\u015fa salmad\u0131lar ki, m&uuml;vafiq x\u0259b\u0259rdarl\u0131qdan sonra qeyri-qanuni \u0259m\u0259ll\u0259rin t&ouml;r\u0259dilm\u0259si art\u0131q birba\u015fa cinay\u0259t m\u0259suliyy\u0259ti do\u011furan hald\u0131r v\u0259 buna g&ouml;r\u0259 cavab verm\u0259k laz\u0131m g\u0259l\u0259c\u0259k.<\/p>\n<p>Bel\u0259likl\u0259, oktyabr\u0131n 19-da &ldquo;milli \u015fura&rdquo; v\u0259 AXCP-nin hakimiyy\u0259t\u0259 &ldquo;di\u015f q\u0131cayaraq&rdquo;, &ldquo;\u0259z\u0259l\u0259 n&uuml;mayi\u015f etdirm\u0259k ist\u0259yi&rdquo;, \u0259n \u0259sas\u0131, israrla tez-tez t\u0259krarlanan &ldquo;xalq biziml\u0259dir&rdquo; tezisini r\u0259hb\u0259r tutaraq Bak\u0131 \u015f\u0259h\u0259rind\u0259 inqilabi ssenari realla\u015fd\u0131rmaq c\u0259hdi, yuxar\u0131da qeyd etdiyim f\u0259sadlardan \u0259lav\u0259, h\u0259m d\u0259 onunla n\u0259tic\u0259l\u0259ndi ki:<\/p>\n<p><strong>1. <\/strong>\u018fli K\u0259rimlinin o zaman \u0259sas r\u0259hb\u0259rl\u0259rd\u0259n biri oldu\u011fu Xalq C\u0259bh\u0259si-M&uuml;savat hakimiyy\u0259tinin s\u0259ri\u015ft\u0259sizliyi v\u0259 anti-milli siyasi ambisiyalar\u0131 ucbat\u0131ndan 1992-1993-c&uuml; ill\u0259rd\u0259 Az\u0259rbaycan\u0131n u&ccedil;urumun k\u0259nar\u0131na nec\u0259 g\u0259tirildiyini v\u0259 yaln\u0131z &uuml;mummilli lider Heyd\u0259r \u018fliyevin f\u0259aliyy\u0259ti say\u0259sind\u0259 f\u0259lak\u0259td\u0259n nec\u0259 xilas edildiyini yax\u015f\u0131 xat\u0131rlayan xalq\u0131m\u0131z 2003 v\u0259 2019-cu ilin oktyabr aylar\u0131nda bu da\u011f\u0131d\u0131c\u0131 &uuml;ns&uuml;rl\u0259rin yenid\u0259n &ouml;lk\u0259d\u0259 sabitliyi pozaraq, aran\u0131 qar\u0131\u015fd\u0131rmaq v\u0259 &ouml;z antimilli ambisiyalar\u0131n\u0131 realla\u015fd\u0131rmaq istiqam\u0259tind\u0259ki c\u0259hdl\u0259rini birm\u0259nal\u0131 \u015f\u0259kild\u0259 baykot etdi v\u0259 ona layiq oldu\u011fu yerini g&ouml;st\u0259rdi.<\/p>\n<p><strong>2.<\/strong> Xalq\u0131m\u0131z\u0131n da\u011f\u0131d\u0131c\u0131 m&uuml;xalif\u0259tin &ouml;lk\u0259ni yenid\u0259n qar\u0131\u015fd\u0131rmaq c\u0259hdl\u0259rin\u0259 qar\u015f\u0131 n&uuml;mayi\u015f etdirdiyi m&uuml;nasib\u0259t bir daha t\u0259sdiq etdi ki, bu xalq 2003-c&uuml; ilin oktyabr\u0131nda oldu\u011fu kimi, 2019-cu ilin oktyabr\u0131nda da Prezident \u0130lham \u018fliyevi Az\u0259rbaycan d&ouml;vl\u0259t&ccedil;iliyinin \u0259sas qarant\u0131, milli maraqlar\u0131m\u0131z\u0131 y&uuml;ks\u0259k s\u0259viyy\u0259d\u0259 ifad\u0259 ed\u0259n v\u0259 xalq\u0131n irad\u0259sini h\u0259r \u015feyd\u0259n &uuml;st&uuml;n tutan lider kimi ciddi d\u0259st\u0259kl\u0259yir, ona alternativ g&ouml;rm&uuml;r, d&ouml;vl\u0259t ba\u015f&ccedil;\u0131s\u0131na etimad v\u0259 g&uuml;v\u0259ni h\u0259dsizdir, &ouml;z r\u0259hb\u0259rinin arxas\u0131nda sona q\u0259d\u0259r dayanma\u011fa haz\u0131rd\u0131r.<\/p>\n<p><strong>3.<\/strong> V\u0259t\u0259nda\u015flar\u0131m\u0131z\u0131n da\u011f\u0131d\u0131c\u0131 m&uuml;xalif\u0259tin bug&uuml;nk&uuml; aksiya c\u0259hdin\u0259 m&uuml;nasib\u0259ti n&uuml;mayi\u015f etdirdi ki, bu xalq Prezident \u0130lham \u018fliyevin ba\u015fdan-ba\u015fa yenil\u0259diyi v\u0259 q&uuml;dr\u0259tli d&ouml;vl\u0259t\u0259 &ccedil;evirdiyi Az\u0259rbaycan\u0131n yenid\u0259n 1990-c\u0131 ill\u0259rin t\u0259hl&uuml;k\u0259li riskl\u0259ri v\u0259 eksperimentl\u0259ri il\u0259 &uuml;z-&uuml;z\u0259 qoyulmasna he&ccedil; zaman imkan verm\u0259y\u0259c\u0259k.<\/p>\n<p><strong>4.<\/strong> Bug&uuml;nk&uuml; aksiyan\u0131n dig\u0259r maraql\u0131 t\u0259r\u0259fi ondan ibar\u0259t oldu ki, uzun m&uuml;dd\u0259tdir sosial \u015f\u0259b\u0259k\u0259l\u0259rd\u0259 reklam apar\u0131lmas\u0131, \u0259halinin israrla k&uuml;&ccedil;\u0259 v\u0259 meydanlara d\u0259v\u0259t olunmas\u0131, mitinqd\u0259 y&uuml;z minl\u0259rin qo\u015fulaca\u011f\u0131 bar\u0259d\u0259 bo\u011fazdan yuxar\u0131 iddialara baxmayaraq, radikal qruplar m&uuml;xt\u0259lif n&ouml;qt\u0259l\u0259rd\u0259n 10-15 n\u0259f\u0259rlik lokal qruplar\u0131 s\u0259f\u0259rb\u0259r ed\u0259r\u0259k Milli Bank\u0131n qaba\u011f\u0131na c\u0259mi 100-150 n\u0259f\u0259r &ccedil;\u0131xara bildi. Qeyri-qanuni aksiya c\u0259hdi sosial \u015f\u0259b\u0259k\u0259l\u0259rd\u0259 &ldquo;xalq iqtidardan bezib&rdquo;, &ldquo;bu xalq\u0131n mitinqidir&rdquo;, &ldquo;xalq haqq\u0131n\u0131 t\u0259l\u0259b etm\u0259k &uuml;&ccedil;&uuml;n meydanlarda olacaq&rdquo; hayq\u0131ran \u018fli K\u0259rimli v\u0259 t\u0259r\u0259fdarlar\u0131n\u0131n, \u0259slind\u0259, he&ccedil; bir ictimai d\u0259st\u0259y\u0259 malik olmad\u0131qlar\u0131n\u0131 v\u0259 dedikl\u0259rinin yaln\u0131z ucuz piar xarakteri da\u015f\u0131d\u0131\u011f\u0131n\u0131 \u0259yani \u015f\u0259kild\u0259 t\u0259sdiql\u0259di.<\/p>\n<p><strong>5.<\/strong> M&uuml;xalif\u0259tin qeyri-qanuni 19 oktyabr aksiyas\u0131n\u0131n qar\u015f\u0131s\u0131n\u0131n q\u0259tiyy\u0259tl\u0259 al\u0131nmas\u0131 h\u0259m d\u0259 Az\u0259rbaycan iqtidar\u0131n\u0131n n\u0259 q\u0259d\u0259r g&uuml;cl&uuml;, monolit oldu\u011funu, xalq t\u0259r\u0259find\u0259n birm\u0259nal\u0131 \u015f\u0259kild\u0259 nec\u0259 d\u0259st\u0259kl\u0259ndiyini, d&ouml;vl\u0259t orqanlar\u0131n\u0131n funksionall\u0131\u011f\u0131n\u0131n y&uuml;ks\u0259k s\u0259viyy\u0259sini, x&uuml;sus\u0259n h&uuml;quq m&uuml;hafiz\u0259 orqanlar\u0131n\u0131n, polisin pe\u015f\u0259karl\u0131\u011f\u0131n\u0131, hakimiyy\u0259tin b&uuml;t&uuml;n hadis\u0259l\u0259ri, prosesl\u0259ri n\u0259zar\u0259t alt\u0131nda saxlad\u0131\u011f\u0131n\u0131 v\u0259 idar\u0259 etdiyini, onun irad\u0259sind\u0259n k\u0259nar, xalq\u0131n maraqlar\u0131na uy\u011fun olmayan h\u0259r hans\u0131 bir m\u0259s\u0259l\u0259nin ba\u015f tutmas\u0131n\u0131n m&uuml;mk&uuml;ns&uuml;zl&uuml;y&uuml;n&uuml; n&uuml;mayi\u015f etdirdi.<\/p>\n<p><strong>6.<\/strong> Bu aksiyan\u0131n n\u0259tic\u0259si bir daha g&ouml;st\u0259rdi ki, &ldquo;milli \u015fura&rdquo; adlanan quruma v\u0259 AXCP adl\u0131 partiyaya r\u0259hb\u0259rlik ed\u0259n \u015f\u0259xsl\u0259r v\u0259 onlar\u0131n \u0259traf\u0131ndak\u0131 bir ovuc radikallar 25 ild\u0259n art\u0131q bir d&ouml;vrd\u0259 xarici anti-Az\u0259rbaycan dair\u0259l\u0259rin t\u0259hriki il\u0259 anti-milli f\u0259aliyy\u0259t s&uuml;rd&uuml;rm&uuml;\u015f, Az\u0259rbaycan\u0131n siyasi tarixind\u0259 yaln\u0131z qeyri-etik qalmaqlallarla, daxili didi\u015fm\u0259l\u0259rl\u0259, qopma v\u0259 par&ccedil;alanmalarla yadda qalm\u0131\u015f v\u0259 qeyri-konstruktiv m&uuml;xalif\u0259t imici qazanaraq &ouml;z&uuml;-&ouml;z&uuml;n&uuml; f\u0259lak\u0259tin bir add\u0131ml\u0131\u011f\u0131na g\u0259tirmi\u015fdir. Bu da onu g&ouml;st\u0259rir ki, c\u0259miyy\u0259timiz davaml\u0131 \u015f\u0259kild\u0259 onun sabit, t\u0259hl&uuml;k\u0259siz v\u0259 inki\u015fafda olan h\u0259yat\u0131n\u0131 pozma\u011fa &ccedil;al\u0131\u015fan bel\u0259 m&uuml;xalif\u0259t&ccedil;il\u0259rl\u0259 g\u0259l\u0259c\u0259y\u0259 do\u011fru birg\u0259 add\u0131mlaya bilm\u0259z. Dem\u0259li, hakimiyy\u0259t u\u011frunda sivil m&uuml;bariz\u0259 apara bilm\u0259y\u0259n bel\u0259 radikal, da\u011f\u0131d\u0131c\u0131 m&uuml;xalif\u0259tl\u0259 n\u0259 iqtidar-m&uuml;xalif\u0259t dialoqu aparmaq m&uuml;mk&uuml;nd&uuml;r, n\u0259 d\u0259 onlar\u0131n bundan sonrak\u0131 d&ouml;vrd\u0259 &ouml;lk\u0259nin siyasi s\u0259hn\u0259sind\u0259 qalmas\u0131 Az\u0259rbaycan\u0131n g\u0259l\u0259c\u0259k siyasi palitras\u0131 &uuml;&ccedil;&uuml;n yax\u015f\u0131 he&ccedil; n\u0259 v\u0259d etmir.<\/p>\n<p><strong>P.S.<\/strong> Diqq\u0259t\u0259 &ccedil;atd\u0131rmaq ist\u0259rdim ki, m\u0259nim aksiya il\u0259 ba\u011fl\u0131 payla\u015fd\u0131\u011f\u0131m bu yaz\u0131da g\u0259ldiyim q\u0259na\u0259tl\u0259r he&ccedil; d\u0259 i\u015f yerimd\u0259 oturaraq hasil etdiyim n\u0259tic\u0259 deyil, bilavasit\u0259 3 saat\u0131n\u0131 s\u0259rf ed\u0259r\u0259k hadis\u0259 yerind\u0259 prosesl\u0259ri yax\u0131ndan izl\u0259y\u0259n insanlar\u0131n verdiyi m\u0259lumatlar \u0259sas\u0131nda formala\u015fm\u0131\u015f m&uuml;lahiz\u0259l\u0259rdir.<\/p>\n<p><strong>\u018fli H\u0259s\u0259nov<\/strong><\/p>\n<p><strong>Az\u0259rbaycan Respublikas\u0131 Prezidentinin ictimai-siyasi m\u0259s\u0259l\u0259l\u0259r &uuml;zr\u0259 k&ouml;m\u0259k&ccedil;isi,<br \/>\ntarix elml\u0259ri doktoru, professor<\/strong><\/p>\n","protected":false},"excerpt":{"rendered":"<p>&ldquo;Bu g&uuml;n Az\u0259rbaycanda iqtidar\u0131n\u0131n b&uuml;t&uuml;n prosesl\u0259ri n\u0259zar\u0259t alt\u0131nda saxlad\u0131\u011f\u0131 v\u0259 h&ouml;kum\u0259tin irad\u0259sind\u0259n k\u0259nar h\u0259r hans\u0131 bir m\u0259s\u0259l\u0259nin ba\u015f tutmas\u0131n\u0131n m&uuml;mk&uuml;ns&uuml;zl&uuml;y&uuml; bir daha &ouml;z t\u0259sdiqini tapd\u0131&rdquo;. H&ouml;rm\u0259tli oxucular\u0131m, y\u0259qin ki, 2003-c&uuml;&hellip;<\/p>\n","protected":false},"author":1,"featured_media":251278,"comment_status":"open","ping_status":"open","sticky":false,"template":"","format":"standard","meta":{"_lmt_disableupdate":"","_lmt_disable":"","footnotes":""},"categories":[],"tags":[],"class_list":["post-86669","post","type-post","status-publish","format-standard","has-post-thumbnail","hentry"],"_links":{"self":[{"href":"https:\/\/ucnoqta.az\/index.php?rest_route=\/wp\/v2\/posts\/86669","targetHints":{"allow":["GET"]}}],"collection":[{"href":"https:\/\/ucnoqta.az\/index.php?rest_route=\/wp\/v2\/posts"}],"about":[{"href":"https:\/\/ucnoqta.az\/index.php?rest_route=\/wp\/v2\/types\/post"}],"author":[{"embeddable":true,"href":"https:\/\/ucnoqta.az\/index.php?rest_route=\/wp\/v2\/users\/1"}],"replies":[{"embeddable":true,"href":"https:\/\/ucnoqta.az\/index.php?rest_route=%2Fwp%2Fv2%2Fcomments&post=86669"}],"version-history":[{"count":0,"href":"https:\/\/ucnoqta.az\/index.php?rest_route=\/wp\/v2\/posts\/86669\/revisions"}],"wp:featuredmedia":[{"embeddable":true,"href":"https:\/\/ucnoqta.az\/index.php?rest_route=\/wp\/v2\/media\/251278"}],"wp:attachment":[{"href":"https:\/\/ucnoqta.az\/index.php?rest_route=%2Fwp%2Fv2%2Fmedia&parent=86669"}],"wp:term":[{"taxonomy":"category","embeddable":true,"href":"https:\/\/ucnoqta.az\/index.php?rest_route=%2Fwp%2Fv2%2Fcategories&post=86669"},{"taxonomy":"post_tag","embeddable":true,"href":"https:\/\/ucnoqta.az\/index.php?rest_route=%2Fwp%2Fv2%2Ftags&post=86669"}],"curies":[{"name":"wp","href":"https:\/\/api.w.org\/{rel}","templated":true}]}}