{"id":86667,"date":"2019-10-19T18:00:05","date_gmt":"2019-10-19T14:00:05","guid":{"rendered":""},"modified":"-0001-11-30T00:00:00","modified_gmt":"-0001-11-29T20:00:00","slug":"","status":"publish","type":"post","link":"https:\/\/ucnoqta.az\/?p=86667","title":{"rendered":"G\u00fcrc\u00fcstan\u0131n daxili i\u015fl\u0259r naziri: \u201cAz\u0259rbaycanla s\u0259rh\u0259dl\u0259 ba\u011fl\u0131 problem dem\u0259k olar h\u0259ll olunub\u201d"},"content":{"rendered":"<p><strong>&ldquo;Az\u0259rbaycanla s\u0259rh\u0259dl\u0259 ba\u011fl\u0131 problem dem\u0259k olar h\u0259ll olunub&rdquo;.<\/strong><\/p>\n<p>Bu bar\u0259d\u0259 G&uuml;rc&uuml;stan\u0131n daxili i\u015fl\u0259r naziri&nbsp;Vaxtanq Qomelauri&nbsp;jurnalistl\u0259r\u0259 a&ccedil;\u0131qlamas\u0131nda bildirib. Onun s&ouml;zl\u0259rind\u0259 g&ouml;r\u0259, parlamentd\u0259 etimad qrupunun iclas\u0131nda G&uuml;rc&uuml;stan\u0131n bir ne&ccedil;\u0259 istiqam\u0259tl\u0259r &uuml;zr\u0259 s\u0259rh\u0259d probleml\u0259ri m&uuml;zakir\u0259 olunub: &ldquo;Az\u0259rbaycanla ba\u011fl\u0131 s\u0259rh\u0259d m\u0259s\u0259l\u0259si d\u0259 n\u0259z\u0259rd\u0259n ke&ccedil;irildi v\u0259 bu problem dem\u0259k olar ki, art\u0131q yoluna qoyulub&rdquo;.<\/p>\n<p>D\u0130N ba\u015f&ccedil;\u0131s\u0131 qeyd edib ki, toplant\u0131da h\u0259m&ccedil;inin Erm\u0259nistanla s\u0259rh\u0259din demarkasiya v\u0259 delimitasiyas\u0131 il\u0259 ba\u011fl\u0131 problem d\u0259 n\u0259z\u0259rd\u0259n ke&ccedil;irilib: &ldquo;Bildiyiniz kimi, bu m\u0259s\u0259l\u0259nin h\u0259lli uzun zaman t\u0259l\u0259b edir. Bu m\u0259s\u0259l\u0259nin bir ay v\u0259 ya bir il \u0259rzind\u0259 h\u0259ll olunaca\u011f\u0131n\u0131 g&ouml;zl\u0259mirik. Biz bu m\u0259s\u0259l\u0259 &uuml;z\u0259rind\u0259 i\u015fl\u0259yirik&rdquo;.<\/p>\n<p>V.Qomelauri deyib ki, etimad qrupunun iclas\u0131nda s\u0259rh\u0259d m\u0259s\u0259l\u0259l\u0259ri il\u0259 yana\u015f\u0131, D\u0130N-in b&uuml;dc\u0259si v\u0259 gizli sat\u0131nalmalar bar\u0259d\u0259 d\u0259 m&uuml;zakir\u0259l\u0259r apar\u0131l\u0131b.\/report<\/p>\n","protected":false},"excerpt":{"rendered":"<p>&ldquo;Az\u0259rbaycanla s\u0259rh\u0259dl\u0259 ba\u011fl\u0131 problem dem\u0259k olar h\u0259ll olunub&rdquo;. Bu bar\u0259d\u0259 G&uuml;rc&uuml;stan\u0131n daxili i\u015fl\u0259r naziri&nbsp;Vaxtanq Qomelauri&nbsp;jurnalistl\u0259r\u0259 a&ccedil;\u0131qlamas\u0131nda bildirib. Onun s&ouml;zl\u0259rind\u0259 g&ouml;r\u0259, parlamentd\u0259 etimad qrupunun iclas\u0131nda G&uuml;rc&uuml;stan\u0131n bir ne&ccedil;\u0259 istiqam\u0259tl\u0259r &uuml;zr\u0259 s\u0259rh\u0259d&hellip;<\/p>\n","protected":false},"author":1,"featured_media":251278,"comment_status":"open","ping_status":"open","sticky":false,"template":"","format":"standard","meta":{"_lmt_disableupdate":"","_lmt_disable":"","footnotes":""},"categories":[],"tags":[],"class_list":["post-86667","post","type-post","status-publish","format-standard","has-post-thumbnail","hentry"],"_links":{"self":[{"href":"https:\/\/ucnoqta.az\/index.php?rest_route=\/wp\/v2\/posts\/86667","targetHints":{"allow":["GET"]}}],"collection":[{"href":"https:\/\/ucnoqta.az\/index.php?rest_route=\/wp\/v2\/posts"}],"about":[{"href":"https:\/\/ucnoqta.az\/index.php?rest_route=\/wp\/v2\/types\/post"}],"author":[{"embeddable":true,"href":"https:\/\/ucnoqta.az\/index.php?rest_route=\/wp\/v2\/users\/1"}],"replies":[{"embeddable":true,"href":"https:\/\/ucnoqta.az\/index.php?rest_route=%2Fwp%2Fv2%2Fcomments&post=86667"}],"version-history":[{"count":0,"href":"https:\/\/ucnoqta.az\/index.php?rest_route=\/wp\/v2\/posts\/86667\/revisions"}],"wp:featuredmedia":[{"embeddable":true,"href":"https:\/\/ucnoqta.az\/index.php?rest_route=\/wp\/v2\/media\/251278"}],"wp:attachment":[{"href":"https:\/\/ucnoqta.az\/index.php?rest_route=%2Fwp%2Fv2%2Fmedia&parent=86667"}],"wp:term":[{"taxonomy":"category","embeddable":true,"href":"https:\/\/ucnoqta.az\/index.php?rest_route=%2Fwp%2Fv2%2Fcategories&post=86667"},{"taxonomy":"post_tag","embeddable":true,"href":"https:\/\/ucnoqta.az\/index.php?rest_route=%2Fwp%2Fv2%2Ftags&post=86667"}],"curies":[{"name":"wp","href":"https:\/\/api.w.org\/{rel}","templated":true}]}}