{"id":86664,"date":"2019-10-19T17:38:50","date_gmt":"2019-10-19T13:38:50","guid":{"rendered":""},"modified":"-0001-11-30T00:00:00","modified_gmt":"-0001-11-29T20:00:00","slug":"","status":"publish","type":"post","link":"https:\/\/ucnoqta.az\/?p=86664","title":{"rendered":"Bak\u0131 \u015e\u0259h\u0259r Ba\u015f Polis \u0130dar\u0259si Milli \u015euran\u0131n aksiyas\u0131 il\u0259 ba\u011fl\u0131 m\u0259lumat yay\u0131b"},"content":{"rendered":"<p><strong>Bak\u0131&nbsp;\u015e\u0259h\u0259r Ba\u015f Polis&nbsp;\u0130dar\u0259si&nbsp;Milli \u015euran\u0131n aksiyas\u0131 il\u0259 ba\u011fl\u0131 m\u0259lumat yay\u0131b.<\/strong><\/p>\n<p>\u0130dar\u0259d\u0259n&nbsp;APA-ya veril\u0259n m\u0259lumatda bildirilir ki, &ouml;z&uuml;n&uuml; Demokratik Q&uuml;vv\u0259l\u0259rin Milli \u015euras\u0131 adland\u0131ran qurumun &uuml;zvl\u0259ri 2019-cu il oktyabr ay\u0131n\u0131n 19-da paytaxt\u0131n m\u0259rk\u0259zi \u0259razil\u0259rind\u0259n birind\u0259 mitinq ke&ccedil;irm\u0259k bar\u0259d\u0259 Bak\u0131 \u015e\u0259h\u0259r \u0130cra Hakimiyy\u0259tin\u0259 m&uuml;raci\u0259t etmi\u015fl\u0259r.&nbsp;<\/p>\n<p>&quot;M&uuml;raci\u0259t\u0259 bax\u0131laraq &laquo;S\u0259rb\u0259st topla\u015fmaq azadl\u0131\u011f\u0131 haqq\u0131nda&raquo; Qanunun m&uuml;vafiq t\u0259l\u0259bl\u0259rin\u0259 \u0259sas\u0259n ictimai asayi\u015fin pozulmas\u0131n\u0131n qar\u015f\u0131s\u0131n\u0131n al\u0131nmas\u0131, i\u011fti\u015fa\u015f v\u0259 cinay\u0259tl\u0259rin ba\u015f verm\u0259m\u0259si, ba\u015fqa \u015f\u0259xsl\u0259rin h&uuml;quq v\u0259 azadl\u0131qlar\u0131n\u0131n m&uuml;dafi\u0259si m\u0259qs\u0259dil\u0259 aksiyan\u0131n \u015f\u0259h\u0259rin m\u0259rk\u0259zi hiss\u0259sind\u0259 ke&ccedil;irilm\u0259si onun yerinin d\u0259yi\u015fdirilm\u0259si formas\u0131nda m\u0259hdudla\u015fd\u0131r\u0131laraq Qarada\u011f rayonunun L&ouml;kbatan q\u0259s\u0259b\u0259sind\u0259ki &ldquo;Neft&ccedil;i&rdquo; idman klubunun t\u0259lim bazas\u0131 t\u0259klif olunmu\u015fdur. Bu bar\u0259d\u0259 m&uuml;raci\u0259tin m&uuml;\u0259llifl\u0259rin\u0259 r\u0259smi m\u0259lumat verilmi\u015f v\u0259 onlar m&uuml;\u0259yy\u0259n edilm\u0259mi\u015f yerl\u0259rd\u0259 ke&ccedil;iril\u0259c\u0259k mitinqin qar\u015f\u0131s\u0131n\u0131n al\u0131naca\u011f\u0131, ba\u015f ver\u0259 bil\u0259c\u0259k ictimai qayda pozuntular\u0131na g&ouml;r\u0259 m\u0259suliyy\u0259t da\u015f\u0131yacaqlar\u0131 bar\u0259d\u0259 Bak\u0131 \u015f\u0259h\u0259r Ba\u015f Polis \u0130dar\u0259si v\u0259 Prokurorlu\u011fu t\u0259r\u0259find\u0259n r\u0259smi x\u0259b\u0259rdar edilmi\u015fl\u0259r.<\/p>\n<p>Buna baxmayaraq, aksiyan\u0131n t\u0259\u015fkilat&ccedil;\u0131lar\u0131 oktyabr\u0131n 19-u saat&nbsp; 15:00-dan ba\u015flayaraq &uuml;mumi say\u0131 t\u0259xmin\u0259n 220 n\u0259f\u0259r\u0259d\u0259k olan bir ne&ccedil;\u0259 qrupla m&uuml;xt\u0259lif istiqam\u0259tl\u0259rd\u0259n metronun &ldquo;28 May&rdquo; stansiyas\u0131n\u0131n &ouml;n&uuml;nd\u0259ki meydana daxil olma\u011fa c\u0259hd g&ouml;st\u0259rmi\u015fl\u0259r.<\/p>\n<p>G&ouml;r&uuml;lm&uuml;\u015f t\u0259dbirl\u0259rl\u0259 h&uuml;quqazidd h\u0259r\u0259k\u0259tl\u0259rin geni\u015fl\u0259nm\u0259sinin qar\u015f\u0131s\u0131 al\u0131nm\u0131\u015f, qanunsuz aksiyan\u0131n t\u0259\u015fkilat&ccedil;\u0131lar\u0131 v\u0259 f\u0259al i\u015ftirak&ccedil;\u0131lar\u0131 da daxil olmaqla 60 n\u0259f\u0259r&nbsp; saxlan\u0131lm\u0131\u015fd\u0131r.<br \/>\nOnlardan 18 n\u0259f\u0259rin \u0259m\u0259ll\u0259ri \u0259razi polis qurumlar\u0131nda m&uuml;vafiq qaydada s\u0259n\u0259dl\u0259\u015fdiril\u0259r\u0259k toplanm\u0131\u015f materiallar qanunla m&uuml;\u0259yy\u0259n edilmi\u015f t\u0259dbirl\u0259rin g&ouml;r&uuml;lm\u0259si &uuml;&ccedil;&uuml;n m\u0259hk\u0259m\u0259l\u0259r\u0259 g&ouml;nd\u0259ril\u0259c\u0259kdir. \u0130zahatlar\u0131 al\u0131nm\u0131\u015f daha 42 n\u0259f\u0259r, h&uuml;quqazidd h\u0259r\u0259k\u0259tl\u0259rin yolverilm\u0259zliyi bar\u0259d\u0259 r\u0259smi x\u0259b\u0259rdarl\u0131q edildikd\u0259n sonra burax\u0131lm\u0131\u015flar&quot;, &#8211; dey\u0259 m\u0259lumatda bildirilir.<\/p>\n","protected":false},"excerpt":{"rendered":"<p>Bak\u0131&nbsp;\u015e\u0259h\u0259r Ba\u015f Polis&nbsp;\u0130dar\u0259si&nbsp;Milli \u015euran\u0131n aksiyas\u0131 il\u0259 ba\u011fl\u0131 m\u0259lumat yay\u0131b. \u0130dar\u0259d\u0259n&nbsp;APA-ya veril\u0259n m\u0259lumatda bildirilir ki, &ouml;z&uuml;n&uuml; Demokratik Q&uuml;vv\u0259l\u0259rin Milli \u015euras\u0131 adland\u0131ran qurumun &uuml;zvl\u0259ri 2019-cu il oktyabr ay\u0131n\u0131n 19-da paytaxt\u0131n m\u0259rk\u0259zi \u0259razil\u0259rind\u0259n&hellip;<\/p>\n","protected":false},"author":1,"featured_media":251278,"comment_status":"open","ping_status":"open","sticky":false,"template":"","format":"standard","meta":{"_lmt_disableupdate":"","_lmt_disable":"","footnotes":""},"categories":[],"tags":[],"class_list":["post-86664","post","type-post","status-publish","format-standard","has-post-thumbnail","hentry"],"_links":{"self":[{"href":"https:\/\/ucnoqta.az\/index.php?rest_route=\/wp\/v2\/posts\/86664","targetHints":{"allow":["GET"]}}],"collection":[{"href":"https:\/\/ucnoqta.az\/index.php?rest_route=\/wp\/v2\/posts"}],"about":[{"href":"https:\/\/ucnoqta.az\/index.php?rest_route=\/wp\/v2\/types\/post"}],"author":[{"embeddable":true,"href":"https:\/\/ucnoqta.az\/index.php?rest_route=\/wp\/v2\/users\/1"}],"replies":[{"embeddable":true,"href":"https:\/\/ucnoqta.az\/index.php?rest_route=%2Fwp%2Fv2%2Fcomments&post=86664"}],"version-history":[{"count":0,"href":"https:\/\/ucnoqta.az\/index.php?rest_route=\/wp\/v2\/posts\/86664\/revisions"}],"wp:featuredmedia":[{"embeddable":true,"href":"https:\/\/ucnoqta.az\/index.php?rest_route=\/wp\/v2\/media\/251278"}],"wp:attachment":[{"href":"https:\/\/ucnoqta.az\/index.php?rest_route=%2Fwp%2Fv2%2Fmedia&parent=86664"}],"wp:term":[{"taxonomy":"category","embeddable":true,"href":"https:\/\/ucnoqta.az\/index.php?rest_route=%2Fwp%2Fv2%2Fcategories&post=86664"},{"taxonomy":"post_tag","embeddable":true,"href":"https:\/\/ucnoqta.az\/index.php?rest_route=%2Fwp%2Fv2%2Ftags&post=86664"}],"curies":[{"name":"wp","href":"https:\/\/api.w.org\/{rel}","templated":true}]}}