{"id":86660,"date":"2019-10-19T13:20:24","date_gmt":"2019-10-19T09:20:24","guid":{"rendered":""},"modified":"-0001-11-30T00:00:00","modified_gmt":"-0001-11-29T20:00:00","slug":"","status":"publish","type":"post","link":"https:\/\/ucnoqta.az\/?p=86660","title":{"rendered":"Sabah ya\u011f\u0131\u015f ya\u011facaq"},"content":{"rendered":"<p>Sabah \u00f6lk\u0259 \u0259razisind\u0259 g\u00f6zl\u0259nil\u0259n hava \u015f\u0259raiti il\u0259 ba\u011fl\u0131 m\u0259lumat a\u00e7\u0131qlan\u0131b.<\/p>\n<p>Ekologiya v\u0259 T\u0259bii S\u0259rv\u0259tl\u0259r Nazirliyinin Milli Hidrometeorologiya Departamentind\u0259n veril\u0259n m\u0259lumata g\u00f6r\u0259, oktyabr\u0131n 20-d\u0259 Bak\u0131da v\u0259 Ab\u015feron yar\u0131madas\u0131nda b\u0259zi yerl\u0259rd\u0259 z\u0259if duman olaca\u011f\u0131, \u00e7iskinli ya\u011f\u0131\u015f ya\u011faca\u011f\u0131 g\u00f6zl\u0259nilir.<\/p>\n<p>G\u00fcnd\u00fcz d\u0259yi\u015fk\u0259n buludlu, \u0259sas\u0259n ya\u011fmursuz olacaq.<\/p>\n<p>G\u00fcn \u0259rzind\u0259 m\u00fclayim \u015fimal-q\u0259rb k\u00fcl\u0259yi \u0259s\u0259c\u0259k. Havan\u0131n temperaturu Ab\u015feron yar\u0131madas\u0131nda gec\u0259 15-17\u00b0 isti, g\u00fcnd\u00fcz 21-25\u00b0 isti, Bak\u0131da gec\u0259 15-17\u00b0 isti, g\u00fcnd\u00fcz 22-24\u00b0 isti t\u0259\u015fkil ed\u0259c\u0259k.<\/p>\n<p>Atmosfer t\u0259zyiqi normadan y\u00fcks\u0259k 766 mm civ\u0259 s\u00fctunu t\u0259\u015fkil ed\u0259c\u0259k.<\/p>\n<p>Nisbi r\u00fctub\u0259t gec\u0259 75-85 %, g\u00fcnd\u00fcz 55-65 % olacaq.<\/p>\n<p>Rayonlarda b\u0259zi yerl\u0259rd\u0259 \u015fim\u015f\u0259k \u00e7axaca\u011f\u0131, arabir ya\u011f\u0131\u015f ya\u011faca\u011f\u0131 g\u00f6zl\u0259nilir. Ayr\u0131-ayr\u0131 yerl\u0259rd\u0259 intensiv olaca\u011f\u0131 ehtimal\u0131 var. Gec\u0259 v\u0259 s\u0259h\u0259r b\u0259zi yerl\u0259rd\u0259 duman olacaq. \u015e\u0259rq k\u00fcl\u0259yi \u0259s\u0259c\u0259k. Havan\u0131n temperaturu gec\u0259 12-17\u00b0 isti, g\u00fcnd\u00fcz 21-26\u00b0 isti, da\u011flarda gec\u0259 6-11\u00b0 isti, g\u00fcnd\u00fcz 13-18\u00b0 isti t\u0259\u015fkil ed\u0259c\u0259k.<\/p>\n","protected":false},"excerpt":{"rendered":"<p>Sabah \u00f6lk\u0259 \u0259razisind\u0259 g\u00f6zl\u0259nil\u0259n hava \u015f\u0259raiti il\u0259 ba\u011fl\u0131 m\u0259lumat a\u00e7\u0131qlan\u0131b. Ekologiya v\u0259 T\u0259bii S\u0259rv\u0259tl\u0259r Nazirliyinin Milli Hidrometeorologiya Departamentind\u0259n veril\u0259n m\u0259lumata g\u00f6r\u0259, oktyabr\u0131n 20-d\u0259 Bak\u0131da v\u0259 Ab\u015feron yar\u0131madas\u0131nda b\u0259zi yerl\u0259rd\u0259 z\u0259if&hellip;<\/p>\n","protected":false},"author":1,"featured_media":251278,"comment_status":"open","ping_status":"open","sticky":false,"template":"","format":"standard","meta":{"_lmt_disableupdate":"","_lmt_disable":"","footnotes":""},"categories":[91],"tags":[],"class_list":["post-86660","post","type-post","status-publish","format-standard","has-post-thumbnail","hentry","category-olkeici"],"_links":{"self":[{"href":"https:\/\/ucnoqta.az\/index.php?rest_route=\/wp\/v2\/posts\/86660","targetHints":{"allow":["GET"]}}],"collection":[{"href":"https:\/\/ucnoqta.az\/index.php?rest_route=\/wp\/v2\/posts"}],"about":[{"href":"https:\/\/ucnoqta.az\/index.php?rest_route=\/wp\/v2\/types\/post"}],"author":[{"embeddable":true,"href":"https:\/\/ucnoqta.az\/index.php?rest_route=\/wp\/v2\/users\/1"}],"replies":[{"embeddable":true,"href":"https:\/\/ucnoqta.az\/index.php?rest_route=%2Fwp%2Fv2%2Fcomments&post=86660"}],"version-history":[{"count":0,"href":"https:\/\/ucnoqta.az\/index.php?rest_route=\/wp\/v2\/posts\/86660\/revisions"}],"wp:featuredmedia":[{"embeddable":true,"href":"https:\/\/ucnoqta.az\/index.php?rest_route=\/wp\/v2\/media\/251278"}],"wp:attachment":[{"href":"https:\/\/ucnoqta.az\/index.php?rest_route=%2Fwp%2Fv2%2Fmedia&parent=86660"}],"wp:term":[{"taxonomy":"category","embeddable":true,"href":"https:\/\/ucnoqta.az\/index.php?rest_route=%2Fwp%2Fv2%2Fcategories&post=86660"},{"taxonomy":"post_tag","embeddable":true,"href":"https:\/\/ucnoqta.az\/index.php?rest_route=%2Fwp%2Fv2%2Ftags&post=86660"}],"curies":[{"name":"wp","href":"https:\/\/api.w.org\/{rel}","templated":true}]}}