{"id":86658,"date":"2019-10-19T12:59:11","date_gmt":"2019-10-19T08:59:11","guid":{"rendered":""},"modified":"-0001-11-30T00:00:00","modified_gmt":"-0001-11-29T20:00:00","slug":"","status":"publish","type":"post","link":"https:\/\/ucnoqta.az\/?p=86658","title":{"rendered":"M\u0259tbuat \u015euras\u0131 jurnalistl\u0259r\u0259 v\u0259 h\u00fcquq-m\u00fchafiz\u0259 orqanlar\u0131na \u00e7a\u011f\u0131r\u0131\u015f edib"},"content":{"rendered":"<p>M\u00fcxalif\u0259t n\u00fcmay\u0259nd\u0259l\u0259rind\u0259n ibar\u0259t Milli \u015eura oktyabr\u0131n 19-da metronun \u201c28 May\u201d stansiyas\u0131 \u00f6n\u00fcnd\u0259ki meydanda mitinq ke\u00e7ir\u0259c\u0259yini b\u0259yan edib.\u00a0<\/p>\n<p>M\u0259tbuat \u015euras\u0131ndan veril\u0259n m\u0259lumata g\u00f6r\u0259 ki,\u00a0Bak\u0131 \u015e\u0259h\u0259r \u0130cra Hakimiyy\u0259tind\u0259n m\u0259s\u0259l\u0259 il\u0259 ba\u011fl\u0131 raz\u0131l\u0131q olmad\u0131\u011f\u0131 \u00fc\u00e7\u00fcn aksiya icaz\u0259siz xarakter da\u015f\u0131y\u0131r.\u00a0<\/p>\n<p>Bununla \u0259laq\u0259dar M\u0259tbuat \u015euras\u0131 k\u00fctl\u0259vi informasiya vasit\u0259l\u0259rinin t\u0259msil\u00e7il\u0259rin\u0259, o c\u00fcml\u0259d\u0259n h\u00fcquq-m\u00fchafiz\u0259 orqanlar\u0131n\u0131n n\u00fcmay\u0259nd\u0259l\u0259rin\u0259 m\u00fcraci\u0259t edib.<\/p>\n<p>M\u00fcraci\u0259td\u0259 bildirilib ki, M\u0259tbuat \u015euras\u0131 icaz\u0259li v\u0259 ya icaz\u0259siz xarakter da\u015f\u0131mas\u0131ndan as\u0131l\u0131 olmayaraq, b\u00fct\u00fcn k\u00fc\u00e7\u0259 aksiyalar\u0131nda jurnalistl\u0259rin pe\u015f\u0259 v\u0259zif\u0259l\u0259rini yerin\u0259 yetirm\u0259l\u0259rinin monitorinqini aparmaqdad\u0131r. Milli \u015euran\u0131n 19 oktyabr 2019-cu il tarix\u0259 t\u0259yin etdiyi mitinqd\u0259 d\u0259 bu i\u015f h\u0259yata ke\u00e7iril\u0259c\u0259k. \u018frazid\u0259 Az\u0259rbaycan M\u0259tbuat \u015euras\u0131n\u0131n v\u0259\u00a0Daxili \u0130\u015fl\u0259r Nazirliyinin n\u00fcmay\u0259nd\u0259l\u0259rind\u0259n ibar\u0259t birg\u0259 monitorinq qrupu f\u0259aliyy\u0259t g\u00f6st\u0259r\u0259c\u0259k. Jurnalistl\u0259r h\u0259r hans\u0131 \u00e7\u0259tinlikl\u0259 \u00fczl\u0259\u015f\u0259c\u0259kl\u0259ri halda qrupun \u00fczvl\u0259rin\u0259 m\u0259lumat ver\u0259 bil\u0259rl\u0259r. \u018flaq\u0259 \u00fc\u00e7\u00fcn telefon n\u00f6mr\u0259l\u0259ri \u2013 050 206 96 02; 055 288 95 53.<\/p>\n<p>Az\u0259rbaycan M\u0259tbuat \u015euras\u0131 eyni zamanda mitinqi i\u015f\u0131qland\u0131racaq jurnalistl\u0259r\u0259 \u00fcz\u0259rind\u0259 \u201cPress\u201d yaz\u0131lm\u0131\u015f g\u00f6d\u0259k\u00e7\u0259l\u0259rd\u0259 olma\u011f\u0131 t\u00f6vsiy\u0259 edir. Bu, h\u0259r hans\u0131 \u00e7\u0259tinliyin yaranaca\u011f\u0131 hallarda onlar\u0131n h\u00fcquqlar\u0131n\u0131n m\u00fcdafi\u0259sinin t\u0259\u015fkili \u00fc\u00e7\u00fcn vacibdir.<\/p>\n<p>Jurnalistl\u0259r he\u00e7 bir halda \u00f6zl\u0259rini aksiya i\u015ftirak\u00e7\u0131s\u0131 kimi aparmamal\u0131, s\u0131rf pe\u015f\u0259 f\u0259aliyy\u0259tl\u0259rini yerin\u0259 yetirm\u0259lidirl\u0259r. M\u0259tbuat \u015euras\u0131n\u0131n monitorinq qrupu m\u0259s\u0259l\u0259ni diqq\u0259td\u0259 saxlayacaq.<\/p>\n<p>\u015eura h\u00fcquq-m\u00fchafiz\u0259 orqanlar\u0131n\u0131n t\u0259msil\u00e7il\u0259rini d\u0259 \u00fcz\u0259rind\u0259 \u201cPress\u201d yaz\u0131lm\u0131\u015f g\u00f6d\u0259k\u00e7\u0259l\u0259rd\u0259 olan media t\u0259msil\u00e7il\u0259rin\u0259 m\u00fcvafiq \u015f\u0259rait yarad\u0131lmas\u0131 \u00fc\u00e7\u00fcn t\u0259dbirl\u0259r g\u00f6rm\u0259y\u0259, \u00fcmum\u0259n jurnalistl\u0259rl\u0259 \u0259laq\u0259dar h\u0259ssasl\u0131q n\u00fcmayi\u015fin\u0259 \u00e7a\u011f\u0131r\u0131r.\u00a0<\/p>\n","protected":false},"excerpt":{"rendered":"<p>M\u00fcxalif\u0259t n\u00fcmay\u0259nd\u0259l\u0259rind\u0259n ibar\u0259t Milli \u015eura oktyabr\u0131n 19-da metronun \u201c28 May\u201d stansiyas\u0131 \u00f6n\u00fcnd\u0259ki meydanda mitinq ke\u00e7ir\u0259c\u0259yini b\u0259yan edib.\u00a0 M\u0259tbuat \u015euras\u0131ndan veril\u0259n m\u0259lumata g\u00f6r\u0259 ki,\u00a0Bak\u0131 \u015e\u0259h\u0259r \u0130cra Hakimiyy\u0259tind\u0259n m\u0259s\u0259l\u0259 il\u0259 ba\u011fl\u0131 raz\u0131l\u0131q&hellip;<\/p>\n","protected":false},"author":1,"featured_media":251278,"comment_status":"open","ping_status":"open","sticky":false,"template":"","format":"standard","meta":{"_lmt_disableupdate":"","_lmt_disable":"","footnotes":""},"categories":[],"tags":[],"class_list":["post-86658","post","type-post","status-publish","format-standard","has-post-thumbnail","hentry"],"_links":{"self":[{"href":"https:\/\/ucnoqta.az\/index.php?rest_route=\/wp\/v2\/posts\/86658","targetHints":{"allow":["GET"]}}],"collection":[{"href":"https:\/\/ucnoqta.az\/index.php?rest_route=\/wp\/v2\/posts"}],"about":[{"href":"https:\/\/ucnoqta.az\/index.php?rest_route=\/wp\/v2\/types\/post"}],"author":[{"embeddable":true,"href":"https:\/\/ucnoqta.az\/index.php?rest_route=\/wp\/v2\/users\/1"}],"replies":[{"embeddable":true,"href":"https:\/\/ucnoqta.az\/index.php?rest_route=%2Fwp%2Fv2%2Fcomments&post=86658"}],"version-history":[{"count":0,"href":"https:\/\/ucnoqta.az\/index.php?rest_route=\/wp\/v2\/posts\/86658\/revisions"}],"wp:featuredmedia":[{"embeddable":true,"href":"https:\/\/ucnoqta.az\/index.php?rest_route=\/wp\/v2\/media\/251278"}],"wp:attachment":[{"href":"https:\/\/ucnoqta.az\/index.php?rest_route=%2Fwp%2Fv2%2Fmedia&parent=86658"}],"wp:term":[{"taxonomy":"category","embeddable":true,"href":"https:\/\/ucnoqta.az\/index.php?rest_route=%2Fwp%2Fv2%2Fcategories&post=86658"},{"taxonomy":"post_tag","embeddable":true,"href":"https:\/\/ucnoqta.az\/index.php?rest_route=%2Fwp%2Fv2%2Ftags&post=86658"}],"curies":[{"name":"wp","href":"https:\/\/api.w.org\/{rel}","templated":true}]}}