{"id":86655,"date":"2019-10-19T12:14:16","date_gmt":"2019-10-19T08:14:16","guid":{"rendered":""},"modified":"-0001-11-30T00:00:00","modified_gmt":"-0001-11-29T20:00:00","slug":"","status":"publish","type":"post","link":"https:\/\/ucnoqta.az\/?p=86655","title":{"rendered":"<b><font color=red>Mar\u015frut avtobusu minik ma\u015f\u0131n\u0131 il\u0259 toqqu\u015fdu:<\/font> 22 ya\u015fl\u0131 universitet t\u0259l\u0259b\u0259si \u00f6ld\u00fc<font color=red> &#8211; V\u0130DEO<\/font><\/b>"},"content":{"rendered":"<p>T&uuml;rkiy\u0259nin Sivas vilay\u0259tind\u0259 s\u0259rni\u015fin mar\u015frutu v\u0259 minik avtomobilinin i\u015ftirak\u0131 il\u0259 ba\u015f ver\u0259n q\u0259zada 1 n\u0259f\u0259r &ouml;l&uuml;b. Ucnoqta.az x\u0259b\u0259r verir ki, insident &ouml;t\u0259n g&uuml;n yerli saatla 21.30-da \u0130sm\u0259t Y\u0131lmaz k&uuml;&ccedil;\u0259sind\u0259 qeyd\u0259 al\u0131n\u0131b.<\/p>\n<p>M\u0259lumata g&ouml;r\u0259, Mustafa Ba\u015fp\u0131nar idar\u0259 etdiyi 58 H 0067 qeydiyyat n&ouml;mr\u0259 ni\u015fanl\u0131 mar\u015frut avtobusu, s&uuml;r&uuml;c&uuml;s&uuml;n&uuml;n idar\u0259etm\u0259sind\u0259n &ccedil;\u0131xan 58 MA 0095 qeydiyyat n&ouml;mr\u0259 ni\u015fanl\u0131 minik avtomobill\u0259 toqqu\u015fub. Z\u0259rb\u0259nin \u015fidd\u0259tind\u0259n idar\u0259etm\u0259d\u0259n &ccedil;\u0131xan avtobus s\u0259kinin &uuml;z\u0259rind\u0259n ke&ccedil;\u0259r\u0259k bo\u015f \u0259raziy\u0259 a\u015f\u0131b.<\/p>\n<p>N\u0259tic\u0259d\u0259 avtobusda olan C&uuml;mhuriyy\u0259t Universitetinin t\u0259l\u0259b\u0259si, 22 ya\u015fl\u0131 \u018fm\u0259l Duruduy\u011fu ald\u0131\u011f\u0131 x\u0259sar\u0259tl\u0259rd\u0259n d&uuml;nyas\u0131n\u0131 d\u0259yi\u015fib, mar\u015frut s&uuml;r&uuml;c&uuml;s&uuml; Mustafa Ba\u015fp\u0131nar is\u0259 yaralan\u0131b.<\/p>\n<p>Q\u0259zadan sonra deformasiyaya u\u011frayan minik avtomobilinin s&uuml;r&uuml;c&uuml;s&uuml; is\u0259 hadis\u0259 yerind\u0259n qa&ccedil;\u0131b.<\/p>\n<p>Avtomobilin qeydiyyat n&ouml;mr\u0259 ni\u015fan\u0131n\u0131 m&uuml;\u0259yy\u0259nl\u0259\u015fdir\u0259n polis \u0259m\u0259kda\u015flar\u0131 q\u0131sa m&uuml;dd\u0259t \u0259rzind\u0259 2 iranl\u0131 v\u0259t\u0259nda\u015f\u0131 saxlay\u0131b. Polis q\u0259zan\u0131n g&uuml;nahkarlar\u0131n\u0131 ayd\u0131nla\u015fd\u0131rmaq &uuml;&ccedil;&uuml;n ara\u015fd\u0131rmalara ba\u015flay\u0131b.<\/p>\n<p>Bildirilir ki, avtobusda s&uuml;r&uuml;c&uuml;d\u0259n v\u0259 t\u0259l\u0259b\u0259 q\u0131z s\u0259rni\u015find\u0259n ba\u015fqa he&ccedil; kim olmay\u0131b.<\/p>\n<p>Hadis\u0259nin g&ouml;r&uuml;nt&uuml;l\u0259ri avtobusun daxili t\u0259hl&uuml;k\u0259sizlik kameralar\u0131na d&uuml;\u015f&uuml;b.<\/p>\n<p>&nbsp;<\/p>\n<p>Namiq Musayev<\/p>\n<p>&nbsp;<\/p>\n<p>&nbsp;<\/p>\n<p><iframe allowfullscreen=\"\" frameborder=\"0\" height=\"360\" scrolling=\"no\" src=\"\/\/bax.tv\/player\/77452.html\" width=\"640\"><\/iframe><\/p>\n<p>&nbsp;<\/p>\n<p><img decoding=\"async\" alt=\"\" src=\"http:\/\/image.cdn.iha.com.tr\/Contents\/pool_file\/2019\/42\/15444_aw832670-05.jpg\" \/><\/p>\n<p><img decoding=\"async\" alt=\"\" src=\"https:\/\/cdn.iha.com.tr\/Contents\/images\/2019\/42\/3073224.jpg\" \/><\/p>\n","protected":false},"excerpt":{"rendered":"<p>T&uuml;rkiy\u0259nin Sivas vilay\u0259tind\u0259 s\u0259rni\u015fin mar\u015frutu v\u0259 minik avtomobilinin i\u015ftirak\u0131 il\u0259 ba\u015f ver\u0259n q\u0259zada 1 n\u0259f\u0259r &ouml;l&uuml;b. Ucnoqta.az x\u0259b\u0259r verir ki, insident &ouml;t\u0259n g&uuml;n yerli saatla 21.30-da \u0130sm\u0259t Y\u0131lmaz k&uuml;&ccedil;\u0259sind\u0259 qeyd\u0259&hellip;<\/p>\n","protected":false},"author":1,"featured_media":251278,"comment_status":"open","ping_status":"open","sticky":false,"template":"","format":"standard","meta":{"_lmt_disableupdate":"","_lmt_disable":"","footnotes":""},"categories":[],"tags":[],"class_list":["post-86655","post","type-post","status-publish","format-standard","has-post-thumbnail","hentry"],"_links":{"self":[{"href":"https:\/\/ucnoqta.az\/index.php?rest_route=\/wp\/v2\/posts\/86655","targetHints":{"allow":["GET"]}}],"collection":[{"href":"https:\/\/ucnoqta.az\/index.php?rest_route=\/wp\/v2\/posts"}],"about":[{"href":"https:\/\/ucnoqta.az\/index.php?rest_route=\/wp\/v2\/types\/post"}],"author":[{"embeddable":true,"href":"https:\/\/ucnoqta.az\/index.php?rest_route=\/wp\/v2\/users\/1"}],"replies":[{"embeddable":true,"href":"https:\/\/ucnoqta.az\/index.php?rest_route=%2Fwp%2Fv2%2Fcomments&post=86655"}],"version-history":[{"count":0,"href":"https:\/\/ucnoqta.az\/index.php?rest_route=\/wp\/v2\/posts\/86655\/revisions"}],"wp:featuredmedia":[{"embeddable":true,"href":"https:\/\/ucnoqta.az\/index.php?rest_route=\/wp\/v2\/media\/251278"}],"wp:attachment":[{"href":"https:\/\/ucnoqta.az\/index.php?rest_route=%2Fwp%2Fv2%2Fmedia&parent=86655"}],"wp:term":[{"taxonomy":"category","embeddable":true,"href":"https:\/\/ucnoqta.az\/index.php?rest_route=%2Fwp%2Fv2%2Fcategories&post=86655"},{"taxonomy":"post_tag","embeddable":true,"href":"https:\/\/ucnoqta.az\/index.php?rest_route=%2Fwp%2Fv2%2Ftags&post=86655"}],"curies":[{"name":"wp","href":"https:\/\/api.w.org\/{rel}","templated":true}]}}