{"id":86648,"date":"2019-10-19T10:39:06","date_gmt":"2019-10-19T06:39:06","guid":{"rendered":""},"modified":"-0001-11-30T00:00:00","modified_gmt":"-0001-11-29T20:00:00","slug":"","status":"publish","type":"post","link":"https:\/\/ucnoqta.az\/?p=86648","title":{"rendered":"BMT Ba\u015f Assambleyas\u0131n\u0131n Prezidenti Az\u0259rbaycana s\u0259f\u0259r ed\u0259c\u0259k"},"content":{"rendered":"<p><strong>BMT Ba\u015f Assambleyas\u0131n\u0131n Prezidenti Tijani M\u0259h\u0259mm\u0259d-Bande oktyabr\u0131n 22-d\u0259 Bak\u0131da r\u0259smi s\u0259f\u0259rd\u0259 olacaq.<\/strong><\/p>\n<p>Bu bar\u0259d\u0259&nbsp;APA-ya Assambleya Prezidentinin m\u0259tbuat xidm\u0259tind\u0259n m\u0259lumat verilib. Bildirilib ki, s\u0259f\u0259r Qo\u015fulmama H\u0259r\u0259kat\u0131n\u0131n (NAM) D&ouml;vl\u0259t v\u0259 H&ouml;kum\u0259t Ba\u015f&ccedil;\u0131lar\u0131n\u0131n Bak\u0131 Sammiti &ccedil;\u0259r&ccedil;iv\u0259sind\u0259 ba\u015f tutacaq.<\/p>\n<p>Tijani M\u0259h\u0259mm\u0259d-Bande s\u0259f\u0259r &ccedil;\u0259r&ccedil;iv\u0259sind\u0259 Az\u0259rbaycan Prezidenti \u0130lham \u018fliyev v\u0259 dig\u0259r ali h&ouml;kum\u0259t r\u0259smil\u0259ri il\u0259 g&ouml;r&uuml;\u015fl\u0259r ke&ccedil;ir\u0259c\u0259k.<br \/>\nTijani M\u0259h\u0259mm\u0259d-Bandenin NAM sammiti &ccedil;\u0259r&ccedil;iv\u0259sind\u0259 iqlim d\u0259yi\u015fikliyi, yoxsulluq, d&uuml;nyada s&uuml;lh v\u0259 t\u0259hl&uuml;k\u0259sizlik kimi&nbsp;b&ouml;hran h\u0259ddind\u0259 olan probleml\u0259rin h\u0259ll edilm\u0259sind\u0259&nbsp;&ccedil;oxt\u0259r\u0259fli v\u0259 beyn\u0259lxalq \u0259m\u0259kda\u015fl\u0131\u011f\u0131n &ouml;n\u0259mini vur\u011fulayaca\u011f\u0131 bildirilib.<\/p>\n<p>Tijani M\u0259h\u0259mm\u0259d-Bande 24 oktyabrda BMT G&uuml;n&uuml;n&uuml; qeyd etm\u0259k &uuml;&ccedil;&uuml;n ADA Universitetind\u0259 olacaq.<\/p>\n","protected":false},"excerpt":{"rendered":"<p>BMT Ba\u015f Assambleyas\u0131n\u0131n Prezidenti Tijani M\u0259h\u0259mm\u0259d-Bande oktyabr\u0131n 22-d\u0259 Bak\u0131da r\u0259smi s\u0259f\u0259rd\u0259 olacaq. Bu bar\u0259d\u0259&nbsp;APA-ya Assambleya Prezidentinin m\u0259tbuat xidm\u0259tind\u0259n m\u0259lumat verilib. Bildirilib ki, s\u0259f\u0259r Qo\u015fulmama H\u0259r\u0259kat\u0131n\u0131n (NAM) D&ouml;vl\u0259t v\u0259 H&ouml;kum\u0259t Ba\u015f&ccedil;\u0131lar\u0131n\u0131n&hellip;<\/p>\n","protected":false},"author":1,"featured_media":251278,"comment_status":"open","ping_status":"open","sticky":false,"template":"","format":"standard","meta":{"_lmt_disableupdate":"","_lmt_disable":"","footnotes":""},"categories":[],"tags":[],"class_list":["post-86648","post","type-post","status-publish","format-standard","has-post-thumbnail","hentry"],"_links":{"self":[{"href":"https:\/\/ucnoqta.az\/index.php?rest_route=\/wp\/v2\/posts\/86648","targetHints":{"allow":["GET"]}}],"collection":[{"href":"https:\/\/ucnoqta.az\/index.php?rest_route=\/wp\/v2\/posts"}],"about":[{"href":"https:\/\/ucnoqta.az\/index.php?rest_route=\/wp\/v2\/types\/post"}],"author":[{"embeddable":true,"href":"https:\/\/ucnoqta.az\/index.php?rest_route=\/wp\/v2\/users\/1"}],"replies":[{"embeddable":true,"href":"https:\/\/ucnoqta.az\/index.php?rest_route=%2Fwp%2Fv2%2Fcomments&post=86648"}],"version-history":[{"count":0,"href":"https:\/\/ucnoqta.az\/index.php?rest_route=\/wp\/v2\/posts\/86648\/revisions"}],"wp:featuredmedia":[{"embeddable":true,"href":"https:\/\/ucnoqta.az\/index.php?rest_route=\/wp\/v2\/media\/251278"}],"wp:attachment":[{"href":"https:\/\/ucnoqta.az\/index.php?rest_route=%2Fwp%2Fv2%2Fmedia&parent=86648"}],"wp:term":[{"taxonomy":"category","embeddable":true,"href":"https:\/\/ucnoqta.az\/index.php?rest_route=%2Fwp%2Fv2%2Fcategories&post=86648"},{"taxonomy":"post_tag","embeddable":true,"href":"https:\/\/ucnoqta.az\/index.php?rest_route=%2Fwp%2Fv2%2Ftags&post=86648"}],"curies":[{"name":"wp","href":"https:\/\/api.w.org\/{rel}","templated":true}]}}