{"id":86646,"date":"2019-10-19T10:17:40","date_gmt":"2019-10-19T06:17:40","guid":{"rendered":""},"modified":"-0001-11-30T00:00:00","modified_gmt":"-0001-11-29T20:00:00","slug":"","status":"publish","type":"post","link":"https:\/\/ucnoqta.az\/?p=86646","title":{"rendered":"<font color=red><b>DSX<\/b><\/font>: Axtar\u0131\u015fda olan \u015f\u0259xsl\u0259r v\u0259 s\u0259rh\u0259dd\u0259n narkotik ke\u00e7ir\u0259nl\u0259r saxlan\u0131l\u0131b- <font color=red><b>FOTO<\/b><\/font>"},"content":{"rendered":"<p><strong>Oktyabr\u0131n&nbsp;16-da&nbsp;F&uuml;zuli rayonunun Bala-B\u0259hm\u0259nli k\u0259ndi yax\u0131n&shy;l\u0131\u011f\u0131nda yer&shy;l\u0259&shy;\u015f\u0259n s\u0259rh\u0259d zastavas\u0131n\u0131n xidm\u0259ti \u0259razisind\u0259, \u0130randan Az\u0259rbaycan isti&shy;qa&shy;m\u0259tind\u0259 d&ouml;vl\u0259t s\u0259rh\u0259dini pozmu\u015f C\u0259bray\u0131l rayon sakini 1990-c\u0131 il t\u0259v\u0259ll&uuml;dl&uuml; Quluzad\u0259 M&uuml;\u015ffiq Mehman o\u011flu saxlan\u0131l\u0131b.<\/strong><\/p>\n<p>D&ouml;vl\u0259t S\u0259rh\u0259d Xidm\u0259tind\u0259n&nbsp;(DSX) veril\u0259n m\u0259lumata g&ouml;r\u0259, ilkin ara\u015fd\u0131rma zaman\u0131 s\u0259rh\u0259d pozucusunun 2017-ci ild\u0259 r\u0259smi qaydada &ouml;lk\u0259 \u0259razi&shy;sini t\u0259rk ed\u0259r\u0259k \u0130rana get&shy;m\u0259s\u0131, ba&shy;r\u0259sind\u0259 cinay\u0259t i\u015finin apar\u0131l&shy;mas\u0131 v\u0259 2017-ci ild\u0259n etibar\u0259n Az\u0259rbaycan &nbsp;h&uuml;quq-m&uuml;hafiz\u0259 orqanla&shy;r\u0131 t\u0259r\u0259find\u0259n axtar\u0131\u015fda olmas\u0131 m&uuml;\u0259yy\u0259n&shy;l\u0259\u015f&shy;diril&shy;ib.<\/p>\n<p>17 oktyabr 2019-cu il tarixd\u0259 &ldquo;Astara&rdquo; d&ouml;vl\u0259t s\u0259rh\u0259dind\u0259n burax\u0131l\u0131\u015f m\u0259nt\u0259&shy;q\u0259&shy;sind\u0259 \u0130randan Az\u0259r&shy;bay&shy;cana g\u0259l\u0259n \u0130ran&nbsp;v\u0259&shy;t\u0259n&shy;da\u015flar\u0131 1985-ci il t\u0259v\u0259ll&uuml;dl&uuml; Bahonar Bastak Abad Salah Salehin v\u0259 1992-ci il t\u0259v\u0259ll&uuml;dl&uuml; Yousefkikani \u015eirzad Aminin &uuml;z\u0259rin\u0259 s\u0259rh\u0259d v\u0259 g&ouml;mr&uuml;k bax\u0131\u015f\u0131 ke&ccedil;iri&shy;l\u0259rk\u0259n, daxili orqanlar\u0131ndan 630 qram narkotik vasit\u0259 a\u015fkar olunaraq g&ouml;t&uuml;r&uuml;l&shy;&uuml;b. Narkotik vasit\u0259l\u0259rin qanunsuz d&ouml;vriyy\u0259sinin dig\u0259r i\u015ftirak&ccedil;\u0131lar\u0131n\u0131n m&uuml;\u0259y&shy;y\u0259n&shy;l\u0259\u015f&shy;di&shy;ril&shy;m\u0259si v\u0259 cinay\u0259t m\u0259suliyy\u0259tin\u0259 c\u0259lb edilm\u0259si istiqam\u0259tind\u0259 D&ouml;vl\u0259t S\u0259rh\u0259d Xidm\u0259tinin v\u0259 Daxili \u0130\u015fl\u0259r Nazirliyinin \u0259m\u0259k&shy;da\u015flar\u0131n\u0131n birg\u0259 ke&ccedil;irdikl\u0259ri \u0259m\u0259liy&shy;yat-axtar\u0131\u015f t\u0259dbirl\u0259ri n\u0259tic\u0259sind\u0259 \u0130ran v\u0259t\u0259nda\u015flar\u0131n\u0131 qar\u015f\u0131layan AR v\u0259t\u0259nda\u015f\u0131 Astara rayonunun \u018fr&ccedil;ivan k\u0259nd sakini 1969-cu il t\u0259v\u0259ll&uuml;dl&uuml; Cavadov Qadir Adil o\u011flu&nbsp;\u015f&uuml;bh\u0259li \u015f\u0259xs qismind\u0259 saxlan\u0131l\u0131b.<\/p>\n<p>18 oktyabr 2019-cu il tarixd\u0259 Xa&ccedil;maz&nbsp; rayonu Yalama k\u0259ndi yax\u0131nl\u0131\u011f\u0131nda yer&shy;l\u0259&shy;\u015f\u0259n s\u0259rh\u0259d zastavas\u0131n\u0131n xidm\u0259ti \u0259razisind\u0259 Rusiya Federasiyas\u0131ndan Az\u0259r&shy;&shy;baycan Respub&shy;likas\u0131 isti&shy;qa&shy;m\u0259tind\u0259 d&ouml;vl\u0259t s\u0259rh\u0259dini pozmu\u015f Bak\u0131 \u015f\u0259h\u0259r sa&shy;ki&shy;ni 1993-c&uuml; il t\u0259v\u0259l&shy;l&uuml;dl&uuml; Bayramov Kamran Vidadi o\u011flu saxlan\u0131l\u0131b. Ara\u015f&shy;d\u0131r&shy;ma zaman\u0131 s\u0259rh\u0259d pozu&shy;cu&shy;sunun ba&shy;r\u0259sind\u0259 cinay\u0259t i\u015finin apar\u0131l&shy;mas\u0131 v\u0259 2012-ci il&shy;d\u0259n etibar\u0259n Az\u0259rbaycan Respub&shy;lika&shy;s\u0131n\u0131n h&uuml;quq-m&uuml;hafiz\u0259 orqanla&shy;r\u0131 t\u0259r\u0259find\u0259n ax&shy;tar\u0131\u015fda olmas\u0131 m&uuml;\u0259yy\u0259n&shy;l\u0259\u015f&shy;diril&shy;ib.<\/p>\n<p>H\u0259r 3 cinay\u0259t fakt\u0131 il\u0259 ba\u011fl\u0131 aidiyy\u0259ti &uuml;zr\u0259 \u0259m\u0259liyyat-istintaq t\u0259dbirl\u0259ri davam etdirilir.<\/p>\n","protected":false},"excerpt":{"rendered":"<p>Oktyabr\u0131n&nbsp;16-da&nbsp;F&uuml;zuli rayonunun Bala-B\u0259hm\u0259nli k\u0259ndi yax\u0131n&shy;l\u0131\u011f\u0131nda yer&shy;l\u0259&shy;\u015f\u0259n s\u0259rh\u0259d zastavas\u0131n\u0131n xidm\u0259ti \u0259razisind\u0259, \u0130randan Az\u0259rbaycan isti&shy;qa&shy;m\u0259tind\u0259 d&ouml;vl\u0259t s\u0259rh\u0259dini pozmu\u015f C\u0259bray\u0131l rayon sakini 1990-c\u0131 il t\u0259v\u0259ll&uuml;dl&uuml; Quluzad\u0259 M&uuml;\u015ffiq Mehman o\u011flu saxlan\u0131l\u0131b. D&ouml;vl\u0259t S\u0259rh\u0259d Xidm\u0259tind\u0259n&nbsp;(DSX)&hellip;<\/p>\n","protected":false},"author":1,"featured_media":251278,"comment_status":"open","ping_status":"open","sticky":false,"template":"","format":"standard","meta":{"_lmt_disableupdate":"","_lmt_disable":"","footnotes":""},"categories":[],"tags":[],"class_list":["post-86646","post","type-post","status-publish","format-standard","has-post-thumbnail","hentry"],"_links":{"self":[{"href":"https:\/\/ucnoqta.az\/index.php?rest_route=\/wp\/v2\/posts\/86646","targetHints":{"allow":["GET"]}}],"collection":[{"href":"https:\/\/ucnoqta.az\/index.php?rest_route=\/wp\/v2\/posts"}],"about":[{"href":"https:\/\/ucnoqta.az\/index.php?rest_route=\/wp\/v2\/types\/post"}],"author":[{"embeddable":true,"href":"https:\/\/ucnoqta.az\/index.php?rest_route=\/wp\/v2\/users\/1"}],"replies":[{"embeddable":true,"href":"https:\/\/ucnoqta.az\/index.php?rest_route=%2Fwp%2Fv2%2Fcomments&post=86646"}],"version-history":[{"count":0,"href":"https:\/\/ucnoqta.az\/index.php?rest_route=\/wp\/v2\/posts\/86646\/revisions"}],"wp:featuredmedia":[{"embeddable":true,"href":"https:\/\/ucnoqta.az\/index.php?rest_route=\/wp\/v2\/media\/251278"}],"wp:attachment":[{"href":"https:\/\/ucnoqta.az\/index.php?rest_route=%2Fwp%2Fv2%2Fmedia&parent=86646"}],"wp:term":[{"taxonomy":"category","embeddable":true,"href":"https:\/\/ucnoqta.az\/index.php?rest_route=%2Fwp%2Fv2%2Fcategories&post=86646"},{"taxonomy":"post_tag","embeddable":true,"href":"https:\/\/ucnoqta.az\/index.php?rest_route=%2Fwp%2Fv2%2Ftags&post=86646"}],"curies":[{"name":"wp","href":"https:\/\/api.w.org\/{rel}","templated":true}]}}