{"id":86634,"date":"2019-10-18T21:29:59","date_gmt":"2019-10-18T17:29:59","guid":{"rendered":""},"modified":"-0001-11-30T00:00:00","modified_gmt":"-0001-11-29T20:00:00","slug":"","status":"publish","type":"post","link":"https:\/\/ucnoqta.az\/?p=86634","title":{"rendered":"Leyla Abdullayeva: <font color=red><b>&#8220;Erm\u0259nistan dan\u0131\u015f\u0131qlar prosesinin ir\u0259lil\u0259m\u0259m\u0259sinin \u0259sl s\u0259b\u0259bl\u0259ri bar\u0259d\u0259 d\u00fc\u015f\u00fcnm\u0259lidir&#8221;<\/b><\/font>"},"content":{"rendered":"<p><strong>Az\u0259rbaycan Xarici \u0130\u015fl\u0259r Nazirliyinin M\u0259tbuat xidm\u0259ti idar\u0259sinin r\u0259hb\u0259ri Leyla Abdullayeva K\u0130V-in sual\u0131n\u0131 cavabland\u0131r\u0131b.<\/strong><\/p>\n<p>Xarici \u0130\u015fl\u0259r Nazirliyind\u0259n Trend-\u0259 veril\u0259n m\u0259lumata g&ouml;r\u0259, o, Erm\u0259nistan X\u0130N-in t\u0259r\u0259find\u0259n Nazir Elmar M\u0259mm\u0259dyarovun &ldquo;\u0130zvestiya&rdquo; q\u0259zetin\u0259 m&uuml;sahib\u0259sini \u015f\u0259rh ed\u0259r\u0259k guya ki, Az\u0259rbaycan\u0131n &ldquo;Kazan s\u0259n\u0259di&rdquo;nd\u0259n imtina etdiyi il\u0259 ba\u011fl\u0131 suala bel\u0259 cavab verib:<\/p>\n<p><strong>Cavab:<\/strong> \u018fvv\u0259lc\u0259 m\u0259s\u0259l\u0259nin tarix&ccedil;\u0259sini q\u0131saca xat\u0131rlatmaq ist\u0259rdim. Haz\u0131rk\u0131 proses 2004-c&uuml; ild\u0259 Praqada Erm\u0259nistan v\u0259 Az\u0259rbaycan X\u0130N-l\u0259ri s\u0259viyy\u0259sind\u0259 apar\u0131lan dan\u0131\u015f\u0131qlarla ba\u015flad\u0131 v\u0259 2007-ci ild\u0259 AT\u018fT-in Minsk Qrupunun h\u0259ms\u0259drl\u0259ri t\u0259r\u0259find\u0259n &ldquo;Madrid prinsipl\u0259ri&rdquo; kimi tan\u0131nan t\u0259klifl\u0259rin i\u015fl\u0259nib-haz\u0131rlanmas\u0131na g\u0259tirib &ccedil;\u0131xard\u0131. 2009-cu ild\u0259 bu t\u0259klifl\u0259r t\u0259kmill\u0259\u015fdiril\u0259r\u0259k, &ldquo;Yenil\u0259nmi\u015f Madrid prinsipl\u0259ri&rdquo; ad\u0131 alt\u0131nda t\u0259qdim olundu. Bu t\u0259klifl\u0259r\u0259 \u0259sas\u0259n, 2009-2013-c&uuml; ill\u0259rd\u0259 AT\u018fT-in Minsk Qrupu h\u0259ms\u0259dr d&ouml;vl\u0259tl\u0259rinin ba\u015f&ccedil;\u0131lar\u0131 m&uuml;naqi\u015f\u0259nin h\u0259llinin \u0259sas konturlar\u0131n\u0131 g&ouml;st\u0259r\u0259n birg\u0259 b\u0259yanatlarla &ccedil;\u0131x\u0131\u015f etdil\u0259r. M\u0259hz bu m\u0259ntiq h\u0259ms\u0259drl\u0259rin sonrak\u0131 f\u0259aliyy\u0259tl\u0259rind\u0259 \u0259sas g&ouml;t&uuml;r&uuml;l&uuml;r v\u0259 b\u0259yanatlar\u0131nda, o c&uuml;ml\u0259d\u0259n cari ilin 9mart\u0131n tarixli b\u0259yanatlar\u0131nda &ouml;z \u0259ksini tap\u0131r. Erm\u0259nistan Xarici \u0130\u015fl\u0259r Nazirliyin\u0259 bu b\u0259yanatlar\u0131n b&uuml;t&uuml;n m&uuml;dd\u0259alar\u0131n\u0131 yadda\u015flar\u0131nda yenil\u0259m\u0259l\u0259rini t&ouml;vsiy\u0259 edirik.<\/p>\n<p>&ldquo;Kazan s\u0259n\u0259di&rdquo;n\u0259 g\u0259ldikd\u0259 is\u0259, bu s\u0259n\u0259d d\u0259 BMT-nin Nizamnam\u0259si v\u0259 Helsinki Yekun akt\u0131nda t\u0259sbit olunmu\u015f beyn\u0259lxalq h&uuml;ququn norma v\u0259 prinsipl\u0259ri, BMT T\u015e-nin m\u0259lum q\u0259tnam\u0259l\u0259ri v\u0259 dig\u0259r beyn\u0259lxalq t\u0259\u015fkilatlar\u0131n m&uuml;vafiq q\u0259rarlar\u0131 \u0259sas\u0131nda t\u0259rtib edilmi\u015fdir.<\/p>\n<p>Az\u0259rbaycan is\u0259 beyn\u0259lxalq ictimaiyy\u0259tin d\u0259 t\u0259l\u0259b etdiyi kimi, i\u015f\u011fal olunmu\u015f \u0259razil\u0259rimizin azad olunmas\u0131 v\u0259 bu torpaqlardan did\u0259rgin d&uuml;\u015fm&uuml;\u015f insanlar\u0131n &ouml;z evl\u0259rin\u0259 geri qay\u0131tmas\u0131n\u0131 t\u0259min ed\u0259n b&uuml;t&uuml;n s\u0259n\u0259dl\u0259r \u0259sas\u0131nda substantiv dan\u0131\u015f\u0131qlar\u0131n davam etdirilm\u0259sini h\u0259r zaman d\u0259st\u0259kl\u0259yib. Erm\u0259nistan t\u0259r\u0259finin bu kimi c\u0131l\u0131z v\u0259 g&uuml;l&uuml;nc a&ccedil;\u0131qlamalarla &ccedil;\u0131x\u0131\u015f etm\u0259sinin d\u0259f\u0259l\u0259rl\u0259 \u015fahidi olmu\u015fuq. Lakin, bel\u0259 yaramaz c\u0259hdl\u0259ri davam etdirm\u0259k \u0259v\u0259zin\u0259, Erm\u0259nistan dan\u0131\u015f\u0131qlar prosesinin ir\u0259lil\u0259m\u0259m\u0259sinin \u0259sl s\u0259b\u0259bl\u0259ri bar\u0259d\u0259 d&uuml;\u015f&uuml;nm\u0259li v\u0259 b&ouml;lg\u0259d\u0259ki s&uuml;lh v\u0259 t\u0259hl&uuml;k\u0259sizliyi, el\u0259c\u0259 d\u0259 i\u015f\u011fal&ccedil;\u0131 &ouml;lk\u0259nin &ouml;z&uuml;n&uuml;n qeyri-konstruktiv m&ouml;vqeyi s\u0259b\u0259bind\u0259n d&uuml;\u015fd&uuml;y&uuml; dalandan &ccedil;\u0131xmas\u0131n\u0131 t\u0259min ed\u0259 bil\u0259c\u0259k add\u0131mlar atmal\u0131d\u0131r.<\/p>\n","protected":false},"excerpt":{"rendered":"<p>Az\u0259rbaycan Xarici \u0130\u015fl\u0259r Nazirliyinin M\u0259tbuat xidm\u0259ti idar\u0259sinin r\u0259hb\u0259ri Leyla Abdullayeva K\u0130V-in sual\u0131n\u0131 cavabland\u0131r\u0131b. Xarici \u0130\u015fl\u0259r Nazirliyind\u0259n Trend-\u0259 veril\u0259n m\u0259lumata g&ouml;r\u0259, o, Erm\u0259nistan X\u0130N-in t\u0259r\u0259find\u0259n Nazir Elmar M\u0259mm\u0259dyarovun &ldquo;\u0130zvestiya&rdquo; q\u0259zetin\u0259 m&uuml;sahib\u0259sini&hellip;<\/p>\n","protected":false},"author":1,"featured_media":251278,"comment_status":"open","ping_status":"open","sticky":false,"template":"","format":"standard","meta":{"_lmt_disableupdate":"","_lmt_disable":"","footnotes":""},"categories":[86],"tags":[],"class_list":["post-86634","post","type-post","status-publish","format-standard","has-post-thumbnail","hentry","category-siyaset"],"_links":{"self":[{"href":"https:\/\/ucnoqta.az\/index.php?rest_route=\/wp\/v2\/posts\/86634","targetHints":{"allow":["GET"]}}],"collection":[{"href":"https:\/\/ucnoqta.az\/index.php?rest_route=\/wp\/v2\/posts"}],"about":[{"href":"https:\/\/ucnoqta.az\/index.php?rest_route=\/wp\/v2\/types\/post"}],"author":[{"embeddable":true,"href":"https:\/\/ucnoqta.az\/index.php?rest_route=\/wp\/v2\/users\/1"}],"replies":[{"embeddable":true,"href":"https:\/\/ucnoqta.az\/index.php?rest_route=%2Fwp%2Fv2%2Fcomments&post=86634"}],"version-history":[{"count":0,"href":"https:\/\/ucnoqta.az\/index.php?rest_route=\/wp\/v2\/posts\/86634\/revisions"}],"wp:featuredmedia":[{"embeddable":true,"href":"https:\/\/ucnoqta.az\/index.php?rest_route=\/wp\/v2\/media\/251278"}],"wp:attachment":[{"href":"https:\/\/ucnoqta.az\/index.php?rest_route=%2Fwp%2Fv2%2Fmedia&parent=86634"}],"wp:term":[{"taxonomy":"category","embeddable":true,"href":"https:\/\/ucnoqta.az\/index.php?rest_route=%2Fwp%2Fv2%2Fcategories&post=86634"},{"taxonomy":"post_tag","embeddable":true,"href":"https:\/\/ucnoqta.az\/index.php?rest_route=%2Fwp%2Fv2%2Ftags&post=86634"}],"curies":[{"name":"wp","href":"https:\/\/api.w.org\/{rel}","templated":true}]}}