{"id":86633,"date":"2019-10-18T21:03:45","date_gmt":"2019-10-18T17:03:45","guid":{"rendered":""},"modified":"-0001-11-30T00:00:00","modified_gmt":"-0001-11-29T20:00:00","slug":"","status":"publish","type":"post","link":"https:\/\/ucnoqta.az\/?p=86633","title":{"rendered":"Trampla \u018frdo\u011fan aras\u0131nda telefon dan\u0131\u015f\u0131\u011f\u0131 olub"},"content":{"rendered":"<p><strong>AB\u015e prezidenti Donald Tramp Tvitter hesab\u0131nda T&uuml;rkiy\u0259 Prezidenti R\u0259c\u0259b Tayyib \u018frdo\u011fanla telefonla dan\u0131\u015f\u0131d\u0131\u011f\u0131n\u0131, Suriyada at\u0259\u015fk\u0259sl\u0259 ba\u011fl\u0131 m&uuml;zakir\u0259l\u0259r apard\u0131qlar\u0131n\u0131 yaz\u0131b.<\/strong><\/p>\n<p>APA&nbsp;Anadolu agentliyin\u0259 istinad\u0259n x\u0259b\u0259r verir ki, Tramp\u0131n s&ouml;zl\u0259rin\u0259 g&ouml;r\u0259, \u018frdo\u011fan qeyd edib ki, Suriyan\u0131n \u015fimal-\u015f\u0259rqind\u0259 ki&ccedil;ik&ouml;l&ccedil;&uuml;l&uuml; snayper v\u0259 minaatanlardan at\u0259\u015fl\u0259r q\u0131sa m&uuml;dd\u0259td\u0259 dayand\u0131r\u0131l\u0131b.&nbsp; Tramp \u0259lav\u0259 edib ki, \u018frdo\u011fan at\u0259\u015fi dayand\u0131rmaq v\u0259 fasil\u0259 verm\u0259k ist\u0259yir: &quot;H\u0259r iki t\u0259r\u0259fin niyy\u0259ti yax\u015f\u0131d\u0131r v\u0259 bu u\u011fur \u0259ld\u0259 etm\u0259k &uuml;&ccedil;&uuml;n yax\u015f\u0131 bir f&uuml;rs\u0259tdir&rdquo;.<\/p>\n<p>Prezident \u018frdo\u011fan Trampa deyib ki, b\u0259\u015f\u0259riyy\u0259tin d&uuml;\u015fm\u0259ni olan terrorizmin &ouml;hd\u0259sind\u0259n g\u0259ls\u0259k, daha &ccedil;ox insan\u0131n h\u0259yat\u0131n\u0131 xilas ed\u0259c\u0259yik: &ldquo;\u018fmin\u0259m ki, birg\u0259 s\u0259yimiz b&ouml;lg\u0259d\u0259 s&uuml;lh v\u0259 sabitlik yaradacaq.&rdquo;&nbsp;<\/p>\n","protected":false},"excerpt":{"rendered":"<p>AB\u015e prezidenti Donald Tramp Tvitter hesab\u0131nda T&uuml;rkiy\u0259 Prezidenti R\u0259c\u0259b Tayyib \u018frdo\u011fanla telefonla dan\u0131\u015f\u0131d\u0131\u011f\u0131n\u0131, Suriyada at\u0259\u015fk\u0259sl\u0259 ba\u011fl\u0131 m&uuml;zakir\u0259l\u0259r apard\u0131qlar\u0131n\u0131 yaz\u0131b. APA&nbsp;Anadolu agentliyin\u0259 istinad\u0259n x\u0259b\u0259r verir ki, Tramp\u0131n s&ouml;zl\u0259rin\u0259 g&ouml;r\u0259, \u018frdo\u011fan qeyd&hellip;<\/p>\n","protected":false},"author":1,"featured_media":251278,"comment_status":"open","ping_status":"open","sticky":false,"template":"","format":"standard","meta":{"_lmt_disableupdate":"","_lmt_disable":"","footnotes":""},"categories":[89],"tags":[],"class_list":["post-86633","post","type-post","status-publish","format-standard","has-post-thumbnail","hentry","category-dunya-butun-xeberler"],"_links":{"self":[{"href":"https:\/\/ucnoqta.az\/index.php?rest_route=\/wp\/v2\/posts\/86633","targetHints":{"allow":["GET"]}}],"collection":[{"href":"https:\/\/ucnoqta.az\/index.php?rest_route=\/wp\/v2\/posts"}],"about":[{"href":"https:\/\/ucnoqta.az\/index.php?rest_route=\/wp\/v2\/types\/post"}],"author":[{"embeddable":true,"href":"https:\/\/ucnoqta.az\/index.php?rest_route=\/wp\/v2\/users\/1"}],"replies":[{"embeddable":true,"href":"https:\/\/ucnoqta.az\/index.php?rest_route=%2Fwp%2Fv2%2Fcomments&post=86633"}],"version-history":[{"count":0,"href":"https:\/\/ucnoqta.az\/index.php?rest_route=\/wp\/v2\/posts\/86633\/revisions"}],"wp:featuredmedia":[{"embeddable":true,"href":"https:\/\/ucnoqta.az\/index.php?rest_route=\/wp\/v2\/media\/251278"}],"wp:attachment":[{"href":"https:\/\/ucnoqta.az\/index.php?rest_route=%2Fwp%2Fv2%2Fmedia&parent=86633"}],"wp:term":[{"taxonomy":"category","embeddable":true,"href":"https:\/\/ucnoqta.az\/index.php?rest_route=%2Fwp%2Fv2%2Fcategories&post=86633"},{"taxonomy":"post_tag","embeddable":true,"href":"https:\/\/ucnoqta.az\/index.php?rest_route=%2Fwp%2Fv2%2Ftags&post=86633"}],"curies":[{"name":"wp","href":"https:\/\/api.w.org\/{rel}","templated":true}]}}