{"id":86631,"date":"2019-10-18T19:57:09","date_gmt":"2019-10-18T15:57:09","guid":{"rendered":""},"modified":"-0001-11-30T00:00:00","modified_gmt":"-0001-11-29T20:00:00","slug":"","status":"publish","type":"post","link":"https:\/\/ucnoqta.az\/?p=86631","title":{"rendered":"Heyd\u0259r \u018fliyev Fondu il\u0259 UN\u0130SEF aras\u0131nda Anla\u015fma Memorandumu imzalan\u0131b &#8211; <font color=red><b>Foto<\/b><\/font>"},"content":{"rendered":"<p><strong>Oktyabr\u0131n 18-d\u0259 Heyd\u0259r \u018fliyev Fondu il\u0259 BMT-n\u0131n U\u015faq Fondu (UN\u0130SEF) aras\u0131nda Anla\u015fma Memorandumu imzalan\u0131b.<\/strong><\/p>\n<p>\u0130mzalanma m\u0259rasimind\u0259 Heyd\u0259r \u018fliyev Fondunun vitse-prezidenti Leyla \u018fliyeva v\u0259 UN\u0130SEF-in Az\u0259rbaycandak\u0131 n&uuml;may\u0259nd\u0259si Edvard Karvardin i\u015ftirak edibl\u0259r.<\/p>\n<p>Memorandum 2020-ci ilin sonunad\u0259k inkl&uuml;zivlik v\u0259 erk\u0259n u\u015faql\u0131q d&ouml;vr&uuml;n&uuml;n inki\u015faf\u0131 sah\u0259sind\u0259 m&uuml;xt\u0259lif layih\u0259l\u0259rin h\u0259yata ke&ccedil;irilm\u0259sini n\u0259z\u0259rd\u0259 tutur. \u018fm\u0259kda\u015fl\u0131q &ccedil;\u0259r&ccedil;iv\u0259sind\u0259 bu sah\u0259d\u0259 valideynl\u0259rin t\u0259hsil v\u0259 t\u0259cr&uuml;b\u0259l\u0259rini d\u0259st\u0259kl\u0259y\u0259n proqramlar\u0131n realla\u015fd\u0131r\u0131lmas\u0131, ictimai maarifl\u0259ndirm\u0259nin art\u0131r\u0131lmas\u0131 planla\u015fd\u0131r\u0131l\u0131r.<\/p>\n<p>Heyd\u0259r \u018fliyev Fondunun icra&ccedil;\u0131 direktoru Anar \u018fl\u0259kb\u0259rov Fondun t\u0259hsil, s\u0259hiyy\u0259 v\u0259 sosial sah\u0259l\u0259rd\u0259 h\u0259yata ke&ccedil;irdiyi layih\u0259l\u0259r bar\u0259d\u0259 dan\u0131\u015faraq, fiziki imkanlar\u0131 m\u0259hdud u\u015faqlar\u0131n c\u0259miyy\u0259t\u0259 inteqrasiyas\u0131, u\u015faqlar\u0131n sa\u011flaml\u0131\u011f\u0131 v\u0259 t\u0259hsili sah\u0259sind\u0259 Fondla UN\u0130SEF aras\u0131nda m&ouml;vcud \u0259m\u0259kda\u015fl\u0131q bar\u0259d\u0259 m\u0259lumat verib. Qeyd olunub ki, imzalanan Memorandum bu \u0259m\u0259kda\u015fl\u0131\u011f\u0131n geni\u015fl\u0259ndirilm\u0259sin\u0259 yeni imkanlar yaradacaq.<\/p>\n<p>Memorandum &ccedil;\u0259r&ccedil;iv\u0259sind\u0259 Heyd\u0259r \u018fliyev Fondu, &ldquo;Regional \u0130nki\u015faf&rdquo; \u0130ctimai Birliyi v\u0259 UN\u0130SEF-in birg\u0259 d\u0259st\u0259yi il\u0259 u\u015faqlar\u0131n m\u0259kt\u0259b\u0259q\u0259d\u0259r d&ouml;vrd\u0259 sa\u011flaml\u0131\u011f\u0131, m&uuml;xt\u0259lif bacar\u0131qlar\u0131n\u0131n inki\u015faf\u0131 &uuml;zr\u0259 layih\u0259l\u0259rin h\u0259yata ke&ccedil;irilm\u0259si n\u0259z\u0259rd\u0259 tutulur.<\/p>\n<p>\u0130mzalanma m\u0259rasimind\u0259n sonra qonaqlar M\u0259rk\u0259zd\u0259 &ldquo;Live Life&rdquo; (&ldquo;Canl\u0131 h\u0259yat&rdquo;) s\u0259rgisi il\u0259 tan\u0131\u015f olublar. Heyd\u0259r \u018fliyev Fondunun vitse-prezidenti, IDEA \u0130ctimai Birliyinin t\u0259sis&ccedil;isi v\u0259 r\u0259hb\u0259ri Leyla \u018fliyevan\u0131n t\u0259\u015f\u0259bb&uuml;s&uuml; il\u0259 t\u0259\u015fkil olunan s\u0259rgi \u0259traf m&uuml;hit probleml\u0259rin\u0259, t\u0259bi\u0259tin qorunmas\u0131na diqq\u0259t &ccedil;\u0259km\u0259k v\u0259 inc\u0259s\u0259n\u0259tin bu sah\u0259d\u0259 rolu bar\u0259d\u0259 ictimaiyy\u0259ti maarifl\u0259ndirm\u0259k m\u0259qs\u0259di da\u015f\u0131y\u0131r. Ekspozisiya London, Paris, Berlin, Moskva v\u0259 Tbilisid\u0259 n&uuml;mayi\u015fd\u0259n sonra Bak\u0131ya g\u0259tirilib.\/trend<\/p>\n","protected":false},"excerpt":{"rendered":"<p>Oktyabr\u0131n 18-d\u0259 Heyd\u0259r \u018fliyev Fondu il\u0259 BMT-n\u0131n U\u015faq Fondu (UN\u0130SEF) aras\u0131nda Anla\u015fma Memorandumu imzalan\u0131b. \u0130mzalanma m\u0259rasimind\u0259 Heyd\u0259r \u018fliyev Fondunun vitse-prezidenti Leyla \u018fliyeva v\u0259 UN\u0130SEF-in Az\u0259rbaycandak\u0131 n&uuml;may\u0259nd\u0259si Edvard Karvardin i\u015ftirak edibl\u0259r.&hellip;<\/p>\n","protected":false},"author":1,"featured_media":251278,"comment_status":"open","ping_status":"open","sticky":false,"template":"","format":"standard","meta":{"_lmt_disableupdate":"","_lmt_disable":"","footnotes":""},"categories":[],"tags":[],"class_list":["post-86631","post","type-post","status-publish","format-standard","has-post-thumbnail","hentry"],"_links":{"self":[{"href":"https:\/\/ucnoqta.az\/index.php?rest_route=\/wp\/v2\/posts\/86631","targetHints":{"allow":["GET"]}}],"collection":[{"href":"https:\/\/ucnoqta.az\/index.php?rest_route=\/wp\/v2\/posts"}],"about":[{"href":"https:\/\/ucnoqta.az\/index.php?rest_route=\/wp\/v2\/types\/post"}],"author":[{"embeddable":true,"href":"https:\/\/ucnoqta.az\/index.php?rest_route=\/wp\/v2\/users\/1"}],"replies":[{"embeddable":true,"href":"https:\/\/ucnoqta.az\/index.php?rest_route=%2Fwp%2Fv2%2Fcomments&post=86631"}],"version-history":[{"count":0,"href":"https:\/\/ucnoqta.az\/index.php?rest_route=\/wp\/v2\/posts\/86631\/revisions"}],"wp:featuredmedia":[{"embeddable":true,"href":"https:\/\/ucnoqta.az\/index.php?rest_route=\/wp\/v2\/media\/251278"}],"wp:attachment":[{"href":"https:\/\/ucnoqta.az\/index.php?rest_route=%2Fwp%2Fv2%2Fmedia&parent=86631"}],"wp:term":[{"taxonomy":"category","embeddable":true,"href":"https:\/\/ucnoqta.az\/index.php?rest_route=%2Fwp%2Fv2%2Fcategories&post=86631"},{"taxonomy":"post_tag","embeddable":true,"href":"https:\/\/ucnoqta.az\/index.php?rest_route=%2Fwp%2Fv2%2Ftags&post=86631"}],"curies":[{"name":"wp","href":"https:\/\/api.w.org\/{rel}","templated":true}]}}