{"id":86628,"date":"2019-10-18T19:26:06","date_gmt":"2019-10-18T15:26:06","guid":{"rendered":""},"modified":"-0001-11-30T00:00:00","modified_gmt":"-0001-11-29T20:00:00","slug":"","status":"publish","type":"post","link":"https:\/\/ucnoqta.az\/?p=86628","title":{"rendered":"\u201cRonaldo m\u0259ni \u0259sg\u0259r salam\u0131 il\u0259 qar\u015f\u0131lad\u0131\u201d"},"content":{"rendered":"<p><strong>T&uuml;rkiy\u0259 millisinin m&uuml;dafi\u0259&ccedil;isi Merih Demiral A&Ccedil;-2020-nin se&ccedil;m\u0259 m\u0259rh\u0259l\u0259sind\u0259 Albaniya v\u0259 Fransa il\u0259 oyunlarda \u0259sg\u0259r salam\u0131 verdiyi &uuml;&ccedil;&uuml;n &ldquo;Yuventus&rdquo;da c\u0259zalanaca\u011f\u0131 iddia olunurdu.<\/strong><\/p>\n<p>&quot;Qafqazinfo&quot; x\u0259b\u0259r verir ki, 21 ya\u015fl\u0131 m&uuml;dafi\u0259&ccedil;i &ldquo;Yuventus&rdquo;un d&uuml;\u015f\u0259rg\u0259sin\u0259 qay\u0131dark\u0259n komandan\u0131n ulduzu Kri\u015ftiano Ronaldonun onu \u0259sg\u0259r salam\u0131 il\u0259 qar\u015f\u0131lad\u0131\u011f\u0131n\u0131 deyib:<br \/>\n&ldquo;Yuventus&rdquo;un d&uuml;\u015f\u0259rg\u0259sin\u0259 qay\u0131dark\u0259n Ronaldo bazada m\u0259ni \u0259sg\u0259r salam\u0131 il\u0259 qar\u015f\u0131lad\u0131. Bir az \u015foka d&uuml;\u015fs\u0259m d\u0259, q&uuml;rur duydum. \u0130ndi italiyal\u0131 senatorlar\u0131n n\u0259 ed\u0259c\u0259yini maraqla g&ouml;zl\u0259yir\u0259m&rdquo;.<\/p>\n<p>Qeyd ed\u0259k ki, T&uuml;rkiy\u0259 millisinin &uuml;zvl\u0259ri Albaniya v\u0259 Fransa il\u0259 oyunlardak\u0131 qollar\u0131 \u0259sg\u0259r salam\u0131 il\u0259 qeyd edib. Futbol&ccedil;ular T&uuml;rkiy\u0259 ordusunun Suriyada ke&ccedil;irdiyi &quot;P\u0131nar h\u0259r\u0259kat\u0131&quot;na d\u0259st\u0259k olduqlar\u0131 &uuml;&ccedil;&uuml;n \u0259sg\u0259r salam\u0131 verib.<\/p>\n","protected":false},"excerpt":{"rendered":"<p>T&uuml;rkiy\u0259 millisinin m&uuml;dafi\u0259&ccedil;isi Merih Demiral A&Ccedil;-2020-nin se&ccedil;m\u0259 m\u0259rh\u0259l\u0259sind\u0259 Albaniya v\u0259 Fransa il\u0259 oyunlarda \u0259sg\u0259r salam\u0131 verdiyi &uuml;&ccedil;&uuml;n &ldquo;Yuventus&rdquo;da c\u0259zalanaca\u011f\u0131 iddia olunurdu. &quot;Qafqazinfo&quot; x\u0259b\u0259r verir ki, 21 ya\u015fl\u0131 m&uuml;dafi\u0259&ccedil;i &ldquo;Yuventus&rdquo;un d&uuml;\u015f\u0259rg\u0259sin\u0259&hellip;<\/p>\n","protected":false},"author":1,"featured_media":251278,"comment_status":"open","ping_status":"open","sticky":false,"template":"","format":"standard","meta":{"_lmt_disableupdate":"","_lmt_disable":"","footnotes":""},"categories":[90],"tags":[],"class_list":["post-86628","post","type-post","status-publish","format-standard","has-post-thumbnail","hentry","category-idman-butun-xeberler"],"_links":{"self":[{"href":"https:\/\/ucnoqta.az\/index.php?rest_route=\/wp\/v2\/posts\/86628","targetHints":{"allow":["GET"]}}],"collection":[{"href":"https:\/\/ucnoqta.az\/index.php?rest_route=\/wp\/v2\/posts"}],"about":[{"href":"https:\/\/ucnoqta.az\/index.php?rest_route=\/wp\/v2\/types\/post"}],"author":[{"embeddable":true,"href":"https:\/\/ucnoqta.az\/index.php?rest_route=\/wp\/v2\/users\/1"}],"replies":[{"embeddable":true,"href":"https:\/\/ucnoqta.az\/index.php?rest_route=%2Fwp%2Fv2%2Fcomments&post=86628"}],"version-history":[{"count":0,"href":"https:\/\/ucnoqta.az\/index.php?rest_route=\/wp\/v2\/posts\/86628\/revisions"}],"wp:featuredmedia":[{"embeddable":true,"href":"https:\/\/ucnoqta.az\/index.php?rest_route=\/wp\/v2\/media\/251278"}],"wp:attachment":[{"href":"https:\/\/ucnoqta.az\/index.php?rest_route=%2Fwp%2Fv2%2Fmedia&parent=86628"}],"wp:term":[{"taxonomy":"category","embeddable":true,"href":"https:\/\/ucnoqta.az\/index.php?rest_route=%2Fwp%2Fv2%2Fcategories&post=86628"},{"taxonomy":"post_tag","embeddable":true,"href":"https:\/\/ucnoqta.az\/index.php?rest_route=%2Fwp%2Fv2%2Ftags&post=86628"}],"curies":[{"name":"wp","href":"https:\/\/api.w.org\/{rel}","templated":true}]}}