{"id":86627,"date":"2019-10-18T19:20:36","date_gmt":"2019-10-18T15:20:36","guid":{"rendered":""},"modified":"-0001-11-30T00:00:00","modified_gmt":"-0001-11-29T20:00:00","slug":"","status":"publish","type":"post","link":"https:\/\/ucnoqta.az\/?p=86627","title":{"rendered":"\u201cWhatsApp\u201d vergisin\u0259 k\u00fctl\u0259vi etirazlar \u2013<font color=red><b> Foto<\/b><\/font>"},"content":{"rendered":"<p><strong>C&uuml;m\u0259 ax\u015fam\u0131 minl\u0259rl\u0259 n&uuml;mayi\u015f&ccedil;i Saad Haririnin koalisiya h&ouml;kum\u0259tinin vergi siyas\u0259ti il\u0259 raz\u0131 olmad\u0131\u011f\u0131n\u0131 bildirm\u0259k &uuml;&ccedil;&uuml;n Livan paytaxt\u0131n\u0131n k&uuml;&ccedil;\u0259l\u0259rin\u0259 &ccedil;\u0131x\u0131b.<\/strong><\/p>\n<p>K&uuml;tl\u0259vi naraz\u0131l\u0131\u011f\u0131n s\u0259b\u0259bl\u0259rind\u0259n biri, hakimiyy\u0259tin &ldquo;WhatsApp&rdquo;a&nbsp;ayda 6 dollar m\u0259bl\u0259\u011find\u0259 vergi t\u0259tbiq&nbsp;etm\u0259k q\u0259rar\u0131d\u0131r.<\/p>\n<p>Mitinqd\u0259 q\u0259z\u0259bli k&uuml;tl\u0259: &ldquo;Xalq rejim d\u0259yi\u015fikliyi ist\u0259yir!&rdquo;, &#8211; dey\u0259r\u0259k Riad Solha meydan\u0131nda, h&ouml;kum\u0259t saray\u0131n\u0131n v\u0259 parlament binas\u0131n\u0131n yan\u0131nda &uuml;syana ba\u015flay\u0131b. N&uuml;mayi\u015f&ccedil;il\u0259rl\u0259 asayi\u015f ke\u015fik&ccedil;il\u0259ri aras\u0131nda zaman-zaman qar\u015f\u0131durmalar yaran\u0131b.<\/p>\n<p>Etiraz&ccedil;\u0131lar \u015f\u0259h\u0259rin m\u0259rk\u0259zi v\u0259 \u0259traf &nbsp;yollar\u0131n\u0131n bir hiss\u0259sini ba\u011flay\u0131blar. N&uuml;mayi\u015f&ccedil;il\u0259r Beyrutu &ouml;lk\u0259nin c\u0259nub v\u0259 \u015fimal b&ouml;lg\u0259l\u0259ri il\u0259 birl\u0259\u015fdir\u0259n magistral yollar\u0131, h\u0259m&ccedil;inin&nbsp;D\u0259m\u0259\u015fq\u0259 da\u011f ke&ccedil;idind\u0259n ke&ccedil;\u0259n strateji magistral yolu yanan t\u0259k\u0259rl\u0259rl\u0259 ba\u011flay\u0131blar. B\u0259zi \u0259razil\u0259rd\u0259 etiraz h\u0259r\u0259kat\u0131n\u0131n f\u0259allar\u0131 yol k\u0259nar\u0131nda d&uuml;\u015f\u0259rg\u0259l\u0259r qurublar.<\/p>\n<p>Sonradan Livan t\u0259hl&uuml;k\u0259sizlik q&uuml;vv\u0259l\u0259rinin etiraz&ccedil;\u0131lar\u0131 da\u011f\u0131tmaq &uuml;&ccedil;&uuml;n g&ouml;zya\u015fard\u0131c\u0131 qaz v\u0259 rezin d\u0259y\u0259n\u0259kl\u0259rd\u0259n istifad\u0259 etdiyi m\u0259lum olub.<\/p>\n<p>Livan Q\u0131rm\u0131z\u0131 Xa&ccedil; Komit\u0259sinin TASS-a verdiyi m\u0259lumata g&ouml;r\u0259,&nbsp;h&uuml;quq-m&uuml;hafiz\u0259 orqanlar\u0131n\u0131n \u0259m\u0259kda\u015flar\u0131 il\u0259 toqqu\u015fmalarda x\u0259sar\u0259t alan 70-d\u0259n &ccedil;ox insana yerind\u0259c\u0259 yard\u0131m g&ouml;st\u0259rilib, 23 n&uuml;mayi\u015f&ccedil;i is\u0259 x\u0259st\u0259xanalara apar\u0131l\u0131b.<\/p>\n<p>Livan Proqressiv Sosialist Partiyas\u0131n\u0131n lideri Valid Cumblat Beyrut v\u0259 dig\u0259r \u015f\u0259h\u0259rl\u0259rd\u0259ki k&uuml;&ccedil;\u0259 etirazlar\u0131n\u0131 &ldquo;v\u0259t\u0259nda\u015f &uuml;syan\u0131&rdquo; adland\u0131r\u0131b. Mill\u0259t v\u0259kili H&uuml;seyn H\u0259cc H\u0259s\u0259n is\u0259 &ouml;z n&ouml;vb\u0259sind\u0259, h&ouml;kum\u0259ti vergi plan\u0131n\u0131 \u0259halinin h\u0259yati m\u0259nafel\u0259rin\u0259 uy\u011fun olaraq yenid\u0259n baxma\u011fa &ccedil;a\u011f\u0131r\u0131b:<br \/>\n&ldquo;B&uuml;dc\u0259 k\u0259siri problemini yoxsullar\u0131n hesab\u0131na h\u0259ll etm\u0259k laz\u0131m deyil&rdquo;.<\/p>\n<p>Daxili i\u015fl\u0259r naziri Raya \u0259l-Hassan yerli televiziya kanallar\u0131nda yay\u0131mlanan a&ccedil;\u0131qlamada &ouml;lk\u0259d\u0259ki v\u0259ziyy\u0259tin hakimiyy\u0259tin n\u0259zar\u0259tind\u0259 oldu\u011funu v\u0259 ba\u015f nazirin istefa verm\u0259k niyy\u0259tind\u0259 olmad\u0131\u011f\u0131n\u0131 vur\u011fulay\u0131b:<br \/>\n&ldquo;B\u0259zi yerl\u0259rd\u0259 ba\u015f ver\u0259n i\u011fti\u015fa\u015flara baxmayaraq, n&uuml;mayi\u015fl\u0259r &uuml;mumilikd\u0259 dinc xarakter da\u015f\u0131y\u0131r. Livan indi &nbsp;dilemma il\u0259 qar\u015f\u0131-qar\u015f\u0131yad\u0131r: ya &ccedil;\u0259tin q\u0259rarlar q\u0259bul ed\u0259c\u0259k, ya da da\u011f\u0131lacaq&rdquo;.<\/p>\n<p>Bu arada, k&uuml;tl\u0259vi mitinql\u0259r fonunda Livan Telekommunikasiya naziri M\u0259h\u0259mm\u0259d \u015e&uuml;kir gec\u0259 &ldquo;WhatsApp&rdquo;la ba\u011fl\u0131 vergi q\u0259rar\u0131n\u0131n l\u0259\u011fv olundu\u011funu elan edib.\/oxu.az<\/p>\n","protected":false},"excerpt":{"rendered":"<p>C&uuml;m\u0259 ax\u015fam\u0131 minl\u0259rl\u0259 n&uuml;mayi\u015f&ccedil;i Saad Haririnin koalisiya h&ouml;kum\u0259tinin vergi siyas\u0259ti il\u0259 raz\u0131 olmad\u0131\u011f\u0131n\u0131 bildirm\u0259k &uuml;&ccedil;&uuml;n Livan paytaxt\u0131n\u0131n k&uuml;&ccedil;\u0259l\u0259rin\u0259 &ccedil;\u0131x\u0131b. K&uuml;tl\u0259vi naraz\u0131l\u0131\u011f\u0131n s\u0259b\u0259bl\u0259rind\u0259n biri, hakimiyy\u0259tin &ldquo;WhatsApp&rdquo;a&nbsp;ayda 6 dollar m\u0259bl\u0259\u011find\u0259 vergi t\u0259tbiq&nbsp;etm\u0259k&hellip;<\/p>\n","protected":false},"author":1,"featured_media":251278,"comment_status":"open","ping_status":"open","sticky":false,"template":"","format":"standard","meta":{"_lmt_disableupdate":"","_lmt_disable":"","footnotes":""},"categories":[89],"tags":[],"class_list":["post-86627","post","type-post","status-publish","format-standard","has-post-thumbnail","hentry","category-dunya-butun-xeberler"],"_links":{"self":[{"href":"https:\/\/ucnoqta.az\/index.php?rest_route=\/wp\/v2\/posts\/86627","targetHints":{"allow":["GET"]}}],"collection":[{"href":"https:\/\/ucnoqta.az\/index.php?rest_route=\/wp\/v2\/posts"}],"about":[{"href":"https:\/\/ucnoqta.az\/index.php?rest_route=\/wp\/v2\/types\/post"}],"author":[{"embeddable":true,"href":"https:\/\/ucnoqta.az\/index.php?rest_route=\/wp\/v2\/users\/1"}],"replies":[{"embeddable":true,"href":"https:\/\/ucnoqta.az\/index.php?rest_route=%2Fwp%2Fv2%2Fcomments&post=86627"}],"version-history":[{"count":0,"href":"https:\/\/ucnoqta.az\/index.php?rest_route=\/wp\/v2\/posts\/86627\/revisions"}],"wp:featuredmedia":[{"embeddable":true,"href":"https:\/\/ucnoqta.az\/index.php?rest_route=\/wp\/v2\/media\/251278"}],"wp:attachment":[{"href":"https:\/\/ucnoqta.az\/index.php?rest_route=%2Fwp%2Fv2%2Fmedia&parent=86627"}],"wp:term":[{"taxonomy":"category","embeddable":true,"href":"https:\/\/ucnoqta.az\/index.php?rest_route=%2Fwp%2Fv2%2Fcategories&post=86627"},{"taxonomy":"post_tag","embeddable":true,"href":"https:\/\/ucnoqta.az\/index.php?rest_route=%2Fwp%2Fv2%2Ftags&post=86627"}],"curies":[{"name":"wp","href":"https:\/\/api.w.org\/{rel}","templated":true}]}}