{"id":86620,"date":"2019-10-18T17:34:48","date_gmt":"2019-10-18T13:34:48","guid":{"rendered":""},"modified":"-0001-11-30T00:00:00","modified_gmt":"-0001-11-29T20:00:00","slug":"","status":"publish","type":"post","link":"https:\/\/ucnoqta.az\/?p=86620","title":{"rendered":"R\u00f6v\u015f\u0259n Rzayev m\u0259nzill\u0259 t\u0259min olunacaq m\u0259cburi k\u00f6\u00e7k\u00fcnl\u0259rin say\u0131n\u0131 a\u00e7\u0131qlay\u0131b"},"content":{"rendered":"<p><strong>Bu ilin sonunad\u0259k \u015eirvan \u015f\u0259h\u0259ri, G&ouml;y&ccedil;ay, K&uuml;rd\u0259mir, G&ouml;yg&ouml;l, A\u011fcab\u0259di v\u0259 Ucar&nbsp;rayonlar\u0131nda m\u0259cburi k&ouml;&ccedil;k&uuml;nl\u0259r &uuml;&ccedil;&uuml;n sal\u0131nan yeni q\u0259s\u0259b\u0259l\u0259r t\u0259hvil veril\u0259c\u0259k.&nbsp;<\/strong><\/p>\n<p>Bu bar\u0259d\u0259&nbsp;Qa&ccedil;q\u0131nlar\u0131n v\u0259 M\u0259cburi K&ouml;&ccedil;k&uuml;nl\u0259rin \u0130\u015fl\u0259ri &uuml;zr\u0259 D&ouml;vl\u0259t Komit\u0259sinin s\u0259dri&nbsp;R&ouml;v\u015f\u0259n Rzayev&nbsp;oktyabr\u0131n 18-d\u0259 Prezident&nbsp;\u0130lham \u018fliyevin q\u0259bulunda olark\u0259n m\u0259lumat verib.<\/p>\n<p>&ldquo;Qobu Park-2&rdquo;nin a&ccedil;\u0131l\u0131\u015f\u0131nda i\u015ftirak etdiyiniz\u0259 g&ouml;r\u0259 t\u0259\u015f\u0259kk&uuml;r edir\u0259m. Bu park oktyabr\u0131n 8-d\u0259 a&ccedil;\u0131ld\u0131. Art\u0131q m\u0259ruz\u0259 ed\u0259 bil\u0259r\u0259m ki, N\u0259simi rayonunda yerl\u0259\u015f\u0259n yataqxanalar\u0131n birind\u0259 ya\u015fayan 120 ail\u0259 yeni m\u0259nzill\u0259rd\u0259 m\u0259skunla\u015f\u0131b. Proses davam etdirilir. D&uuml;n\u0259n ikinci p&uuml;\u015fkatma oldu. N\u0259rimanov rayonunda v\u0259 Siz\u0259 \u0259vv\u0259lc\u0259d\u0259n t\u0259qdim olunmu\u015f \u0259razil\u0259rd\u0259ki yataqxanalarda m\u0259cburi k&ouml;&ccedil;k&uuml;nl\u0259r siyah\u0131ya uy\u011fun k&ouml;&ccedil;&uuml;r&uuml;l\u0259c\u0259kl\u0259r. Bunun &uuml;&ccedil;&uuml;n Sizin t\u0259r\u0259finizd\u0259n b&uuml;t&uuml;n \u015f\u0259rait yarad\u0131l\u0131bd\u0131r. Komit\u0259nin b&uuml;t&uuml;n \u0259m\u0259kda\u015flar\u0131 bu istiqam\u0259td\u0259 m\u0259\u015f\u011fuldurlar v\u0259 i\u015fi davam etdirirl\u0259r&quot;, &#8211; dey\u0259 o qeyd edib.<\/p>\n<p>D&ouml;vl\u0259t Komit\u0259sinin s\u0259dri deyib ki,&nbsp;\u015eirvan rayonunda 685 m\u0259nzilli q\u0259s\u0259b\u0259 art\u0131q haz\u0131rd\u0131r, tamamlama i\u015fl\u0259ri yekunla\u015f\u0131r: &quot;T\u0259bii ki, bu ilin sonuna q\u0259d\u0259r Sizin tap\u015f\u0131r\u0131qlar\u0131n\u0131za \u0259sas\u0259n bir ne&ccedil;\u0259 rayonda q\u0259s\u0259b\u0259l\u0259rin tikintisi ba\u015fa &ccedil;atd\u0131r\u0131lacaq. \u0130caz\u0259 verin, bir-bir sadalay\u0131m &#8211; \u015eirvan rayonunda 685 m\u0259nzilli q\u0259s\u0259b\u0259miz art\u0131q haz\u0131rd\u0131r, tamamlama i\u015fl\u0259ri yekunla\u015f\u0131r. Bel\u0259likl\u0259, \u015eirvan \u015f\u0259h\u0259rind\u0259 m\u0259skunla\u015fan b&uuml;t&uuml;n m\u0259cburi k&ouml;&ccedil;k&uuml;nl\u0259r m\u0259nzill\u0259rl\u0259 t\u0259min olunacaqlar. H\u0259tta \u0259traf rayonlardan bir ne&ccedil;\u0259 ail\u0259ni d\u0259 h\u0259min q\u0259s\u0259b\u0259y\u0259 yerl\u0259\u015fdir\u0259 bil\u0259c\u0259yik. G&ouml;y&ccedil;ay rayonunda 80 m\u0259nzild\u0259n ibar\u0259t binada art\u0131q tamamlama i\u015fl\u0259ri bitir. Orada da q\u0259zal\u0131 v\u0259ziyy\u0259td\u0259 olan bir binada ya\u015fayan 80 m\u0259cburi k&ouml;&ccedil;k&uuml;n ail\u0259sinin ham\u0131s\u0131 yeni m\u0259nzill\u0259r\u0259 k&ouml;&ccedil;&uuml;r&uuml;l\u0259c\u0259k. Sizin tap\u015f\u0131r\u0131\u011f\u0131n\u0131za \u0259sas\u0259n K&uuml;rd\u0259mird\u0259 sal\u0131nan, 565 m\u0259nzild\u0259n ibar\u0259t b&ouml;y&uuml;k bir q\u0259s\u0259b\u0259mizd\u0259 d\u0259 tamamlama i\u015fl\u0259ri apar\u0131l\u0131r. Y\u0259qin ki, oktyabr ay\u0131n\u0131n ax\u0131rlar\u0131, yaxud noyabr\u0131n ortalar\u0131nda onu da t\u0259hvil ver\u0259 bil\u0259c\u0259yik. Bel\u0259likl\u0259, K&uuml;rd\u0259mir rayonunda m\u0259skunla\u015fan b&uuml;t&uuml;n m\u0259cburi k&ouml;&ccedil;k&uuml;nl\u0259rin ham\u0131s\u0131 bu q\u0259s\u0259b\u0259d\u0259 m\u0259nzill\u0259 t\u0259min olunacaq. Oraya h\u0259tta \u0259traf rayonlardan bir ne&ccedil;\u0259 ail\u0259ni d\u0259 g\u0259tir\u0259 bil\u0259c\u0259yik.&nbsp;G&ouml;yg&ouml;l rayonunda &uuml;mumilikd\u0259 130 m\u0259nzild\u0259n ibar\u0259t &uuml;&ccedil; binan\u0131n in\u015fas\u0131 davam edir. A\u011fcab\u0259di rayonunda \u0259sas\u0259n la&ccedil;\u0131nl\u0131lar\u0131n m\u0259skunla\u015fd\u0131\u011f\u0131 Taxtak&ouml;rp&uuml; q\u0259s\u0259b\u0259sind\u0259 645 f\u0259rdi ev tikilir. Biz 645 ail\u0259ni ilin sonuna q\u0259d\u0259r o evl\u0259r\u0259 k&ouml;&ccedil;&uuml;r\u0259c\u0259yik. Ucar rayonunda 250 ail\u0259lik bir q\u0259s\u0259b\u0259miz d\u0259 ilin sonuna q\u0259d\u0259r tamamlanacaq. Bel\u0259likl\u0259, Sizin tap\u015f\u0131r\u0131qlar\u0131n\u0131z \u0259sas\u0131nda Komit\u0259 t\u0259r\u0259find\u0259n in\u015fa edil\u0259n m\u0259nzill\u0259rin say\u0131 3700-\u0259 &ccedil;atacaq&quot;.<\/p>\n<p>R.Rzayev vur\u011fulay\u0131b ki, &ouml;z\u0259l sektorun t&ouml;hf\u0259l\u0259ri &ccedil;ox &ouml;n\u0259mlidir: &quot;Siz qeyd etdiyiniz kimi, &ouml;z\u0259l sektor t\u0259r\u0259find\u0259n tikil\u0259n 1300 ail\u0259lik &ldquo;Qobu Park-2&rdquo; art\u0131q a&ccedil;\u0131l\u0131bd\u0131r. &Ouml;z\u0259l sektorun v\u0259saiti hesab\u0131na tikil\u0259n 540 m\u0259nzillik daha bir q\u0259s\u0259b\u0259miz var. \u0130lin sonunad\u0259k biz o m\u0259nzill\u0259ri d\u0259 m\u0259cburi k&ouml;&ccedil;k&uuml;nl\u0259r\u0259 t\u0259qdim ed\u0259c\u0259yik. Bel\u0259likl\u0259, Siz dediyiniz r\u0259q\u0259ml\u0259r ilin sonuna q\u0259d\u0259r tamamil\u0259 h\u0259llini tapacaq&quot;. \/report<\/p>\n<p>&nbsp;<\/p>\n","protected":false},"excerpt":{"rendered":"<p>Bu ilin sonunad\u0259k \u015eirvan \u015f\u0259h\u0259ri, G&ouml;y&ccedil;ay, K&uuml;rd\u0259mir, G&ouml;yg&ouml;l, A\u011fcab\u0259di v\u0259 Ucar&nbsp;rayonlar\u0131nda m\u0259cburi k&ouml;&ccedil;k&uuml;nl\u0259r &uuml;&ccedil;&uuml;n sal\u0131nan yeni q\u0259s\u0259b\u0259l\u0259r t\u0259hvil veril\u0259c\u0259k.&nbsp; Bu bar\u0259d\u0259&nbsp;Qa&ccedil;q\u0131nlar\u0131n v\u0259 M\u0259cburi K&ouml;&ccedil;k&uuml;nl\u0259rin \u0130\u015fl\u0259ri &uuml;zr\u0259 D&ouml;vl\u0259t Komit\u0259sinin s\u0259dri&nbsp;R&ouml;v\u015f\u0259n Rzayev&nbsp;oktyabr\u0131n&hellip;<\/p>\n","protected":false},"author":1,"featured_media":251278,"comment_status":"open","ping_status":"open","sticky":false,"template":"","format":"standard","meta":{"_lmt_disableupdate":"","_lmt_disable":"","footnotes":""},"categories":[],"tags":[],"class_list":["post-86620","post","type-post","status-publish","format-standard","has-post-thumbnail","hentry"],"_links":{"self":[{"href":"https:\/\/ucnoqta.az\/index.php?rest_route=\/wp\/v2\/posts\/86620","targetHints":{"allow":["GET"]}}],"collection":[{"href":"https:\/\/ucnoqta.az\/index.php?rest_route=\/wp\/v2\/posts"}],"about":[{"href":"https:\/\/ucnoqta.az\/index.php?rest_route=\/wp\/v2\/types\/post"}],"author":[{"embeddable":true,"href":"https:\/\/ucnoqta.az\/index.php?rest_route=\/wp\/v2\/users\/1"}],"replies":[{"embeddable":true,"href":"https:\/\/ucnoqta.az\/index.php?rest_route=%2Fwp%2Fv2%2Fcomments&post=86620"}],"version-history":[{"count":0,"href":"https:\/\/ucnoqta.az\/index.php?rest_route=\/wp\/v2\/posts\/86620\/revisions"}],"wp:featuredmedia":[{"embeddable":true,"href":"https:\/\/ucnoqta.az\/index.php?rest_route=\/wp\/v2\/media\/251278"}],"wp:attachment":[{"href":"https:\/\/ucnoqta.az\/index.php?rest_route=%2Fwp%2Fv2%2Fmedia&parent=86620"}],"wp:term":[{"taxonomy":"category","embeddable":true,"href":"https:\/\/ucnoqta.az\/index.php?rest_route=%2Fwp%2Fv2%2Fcategories&post=86620"},{"taxonomy":"post_tag","embeddable":true,"href":"https:\/\/ucnoqta.az\/index.php?rest_route=%2Fwp%2Fv2%2Ftags&post=86620"}],"curies":[{"name":"wp","href":"https:\/\/api.w.org\/{rel}","templated":true}]}}