{"id":86615,"date":"2019-10-18T15:47:04","date_gmt":"2019-10-18T11:47:04","guid":{"rendered":""},"modified":"-0001-11-30T00:00:00","modified_gmt":"-0001-11-29T20:00:00","slug":"","status":"publish","type":"post","link":"https:\/\/ucnoqta.az\/?p=86615","title":{"rendered":"Az\u0259rbaycan M\u0259tbuat \u015euras\u0131n\u0131n \u0130dar\u0259 Hey\u0259tinin iclas\u0131 ke\u00e7irilib"},"content":{"rendered":"<p><strong>Bu g&uuml;n Az\u0259rbaycan M\u0259tbuat \u015euras\u0131n\u0131n \u0130dar\u0259 Hey\u0259tinin iclas\u0131 ke&ccedil;irilib.<\/strong><\/p>\n<p>Ucnoqta.az x\u0259b\u0259r verir ki, toplat\u0131n\u0131 a&ccedil;an M\u015e s\u0259dri \u018fflatun Ama\u015fov bildirib ki, Az\u0259rbaycan Respublikas\u0131n\u0131n Prezidenti c\u0259nab \u0130lham \u018fliyev oktyabr\u0131n 15-d\u0259 ke&ccedil;irdiyi iqtisadi m&uuml;\u015favir\u0259d\u0259 &ouml;lk\u0259 medias\u0131na da aid edil\u0259 bil\u0259c\u0259k fikirl\u0259rini b&ouml;l&uuml;\u015f&uuml;b. Bu fikirl\u0259r c\u0259miyy\u0259td\u0259 geni\u015f m&uuml;zakir\u0259l\u0259r do\u011furub.<\/p>\n<p>D&ouml;vl\u0259t ba\u015f&ccedil;\u0131s\u0131 bildirib ki, iqtidarda olan b\u0259zi v\u0259zif\u0259 sahibl\u0259ri islahatlara qar\u015f\u0131 &ccedil;\u0131x\u0131rl\u0259r. \u0130slahatlara meyilli olan, yeni t\u0259f\u0259kk&uuml;r\u0259 malik kadrlar\u0131n qaralanmas\u0131 hallar\u0131 olur ki, bu zaman m\u0259tbuatdan istifad\u0259 edirilir. Prezident median\u0131n daxili m&uuml;bariz\u0259 n&ouml;v&uuml;n\u0259 &ccedil;evrildiyin\u0259, bir h&ouml;kum\u0259t &uuml;zv&uuml;n&uuml;n dig\u0259ri t\u0259r\u0259find\u0259n \u015fantaj edildiyin\u0259, l\u0259k\u0259l\u0259ndiyin\u0259 diqq\u0259t &ccedil;\u0259k\u0259r\u0259k v\u0259ziyy\u0259ti d&ouml;z&uuml;lm\u0259z adland\u0131r\u0131b, bel\u0259 m\u0259nfi t\u0259may&uuml;ll\u0259ri islahatlara mane&ccedil;ilik t&ouml;r\u0259d\u0259n hallar kimi d\u0259y\u0259rl\u0259ndirib, bununla bar\u0131\u015f\u0131lmayaca\u011f\u0131n\u0131 vur\u011fulay\u0131b. \u018f.Ama\u015fov deyib ki, median\u0131n &ouml;z&uuml;n&uuml;t\u0259nziml\u0259m\u0259 qurumu olan Az\u0259rbaycan M\u0259tbuat \u015euras\u0131 m\u0259s\u0259l\u0259y\u0259 m&uuml;nasib\u0259tini ifad\u0259 etm\u0259li, f\u0259aliyy\u0259t perspektivl\u0259rini m&uuml;\u0259yy\u0259nl\u0259\u015fdirm\u0259lidir.<\/p>\n<p>M\u015e \u0130dar\u0259 Hey\u0259tinin &uuml;zvl\u0259ri Az\u0259rbaycan Respublikas\u0131n\u0131n Prezidenti c\u0259nab \u0130lham \u018fliyev\u0259 d&ouml;vl\u0259t idar\u0259&ccedil;iliyi bax\u0131m\u0131ndan kifay\u0259t q\u0259d\u0259r aktual olan m\u0259s\u0259l\u0259y\u0259 h\u0259ssas m&uuml;nasib\u0259t g&ouml;st\u0259rdiyi &uuml;&ccedil;&uuml;n t\u0259\u015f\u0259kk&uuml;rl\u0259rini bildiribl\u0259r. Onlar qeyd edibl\u0259r ki, mediam\u0131z mahiyy\u0259tc\u0259 yenilikl\u0259ri, c\u0259miyy\u0259ti inki\u015fafa aparan prosesl\u0259ri d\u0259st\u0259kl\u0259y\u0259n m&uuml;t\u0259r\u0259qqi t\u0259bi\u0259t\u0259 malikdir. D&ouml;vl\u0259t ba\u015f&ccedil;\u0131s\u0131 da buna &ccedil;al\u0131\u015f\u0131r v\u0259 onun mesajlar\u0131 jurnalistika qar\u015f\u0131s\u0131nda yeni v\u0259zif\u0259l\u0259r m&uuml;\u0259yy\u0259nl\u0259\u015fdirir. &Ouml;lk\u0259nin apar\u0131c\u0131 K\u0130V-l\u0259ri Prezidentin kursuna sadiqdirl\u0259r, bu v\u0259zif\u0259l\u0259ri yerin\u0259 yetirm\u0259y\u0259, m&ouml;vcud istiqam\u0259td\u0259 q\u0259tiyy\u0259tli m&ouml;vqe v\u0259 irad\u0259 n&uuml;mayi\u015fin\u0259 haz\u0131rd\u0131rlar.<\/p>\n<p>M\u015e \u0130dar\u0259 Hey\u0259tinin &uuml;zvl\u0259ri &ccedil;\u0131x\u0131\u015flar\u0131nda &ouml;lk\u0259d\u0259 media sah\u0259sind\u0259ki duruma, o c&uuml;ml\u0259d\u0259n jurnalistikadan sui-istifad\u0259 hallar\u0131n\u0131 \u015f\u0259rtl\u0259ndir\u0259n c\u0259h\u0259tl\u0259r\u0259 \u0259trafl\u0131 n\u0259z\u0259r sal\u0131blar. Bu sui-istifad\u0259l\u0259rin f\u0259sadlar\u0131n\u0131n indiy\u0259d\u0259k d\u0259 hiss olundu\u011funu diqq\u0259t\u0259 &ccedil;atd\u0131ran \u0130H &uuml;zvl\u0259ri vur\u011fulay\u0131blar ki, haz\u0131rda v\u0259ziyy\u0259tin ciddiliyi &ouml;lk\u0259mizin g\u0259l\u0259c\u0259yi &uuml;&ccedil;&uuml;n apar\u0131lan islahatlara mane&ccedil;ilik t&ouml;r\u0259tm\u0259 meyli il\u0259 \u0259sasland\u0131r\u0131l\u0131r.<\/p>\n<p>\u0130clasda bildirilib ki, media m\u0259kan\u0131m\u0131zdak\u0131 m\u0259nfi tendensiyalardan biri ayr\u0131-ayr\u0131 \u015f\u0259xsl\u0259rin s\u0131rf t\u0259m\u0259nnal\u0131 m&uuml;nasib\u0259td\u0259n ir\u0259li g\u0259l\u0259n, \u015fantaj m\u0259qs\u0259dil\u0259 yaratd\u0131qlar\u0131 informasiya saytlar\u0131 il\u0259 \u0259laq\u0259dard\u0131r. Bel\u0259l\u0259ri bir qayda olaraq konkret h\u0259d\u0259f se&ccedil;ir v\u0259 onunla ba\u011fl\u0131 h\u0259qiq\u0259t\u0259 uy\u011fun olmayan, uydurma fikirl\u0259ri, m&uuml;lahiz\u0259l\u0259ri yay\u0131r. Bir &ccedil;ox hallarda &ouml;zl\u0259ri kimi c\u0259miyy\u0259td\u0259 tan\u0131nmayan media vasit\u0259l\u0259rinin \u015f\u0259b\u0259k\u0259sind\u0259 t\u0259msil olunurlar. N\u0259tic\u0259 etibaril\u0259 bir t\u0259nqid h\u0259d\u0259fi bar\u0259d\u0259 b\u0259z\u0259n on-on be\u015f saytda material yer al\u0131r. Bel\u0259likl\u0259 m\u0259s\u0259l\u0259nin ictimail\u0259\u015fdiyin\u0259 dair r\u0259y formala\u015fd\u0131r\u0131l\u0131r ki, bu is\u0259 bar\u0259sind\u0259 yaz\u0131lan \u015f\u0259xsd\u0259 qorxu v\u0259 &ccedil;a\u015fq\u0131nl\u0131q yaratmaq m\u0259qs\u0259di g&uuml;d&uuml;r.<\/p>\n<p>\u0130kinci c\u0259h\u0259t budur ki, ziddiyy\u0259tli m&uuml;nasib\u0259td\u0259 olan t\u0259r\u0259fl\u0259rd\u0259n biri dig\u0259rini h\u0259d\u0259f se&ccedil;ir. Bu zaman saxta elektron po&ccedil;t &uuml;nvan\u0131 yarad\u0131l\u0131r. H\u0259min &uuml;nvan vasit\u0259sil\u0259 r&uuml;svayedici materiallar t\u0259xmin\u0259n otuz-q\u0131rx v\u0259 daha &ccedil;ox sayt\u0131n elektron po&ccedil;t &uuml;nvan\u0131na y&ouml;nl\u0259ndirilir. Saytlar is\u0259 h\u0259min materiallar\u0131 he&ccedil; bir ara\u015fd\u0131rma aparmadan, qar\u015f\u0131 t\u0259r\u0259fin m&ouml;vqeyinin &ouml;yr\u0259nilm\u0259si prinsipin\u0259 m\u0259h\u0259l qoymadan, \u0259sl h\u0259qiq\u0259tl\u0259rin n\u0259d\u0259n ibar\u0259t oldu\u011funu ayd\u0131nla\u015fd\u0131rama\u011fa c\u0259hd g&ouml;st\u0259rm\u0259d\u0259n yay\u0131mlay\u0131rlar. B\u0259z\u0259n ictimai r\u0259yd\u0259 m&uuml;\u0259yy\u0259n &ccedil;\u0259kisi olan informasiya resurslar\u0131 da m\u0259s\u0259l\u0259y\u0259 h\u0259ssas yana\u015fmayaraq h\u0259min materiallar\u0131 tirajlay\u0131r, qeyri-pe\u015f\u0259karl\u0131\u011fa yol verirl\u0259r.<\/p>\n<p>N&ouml;vb\u0259ti xo\u015fag\u0259lm\u0259z c\u0259h\u0259t ayr\u0131-ayr\u0131 v\u0259zif\u0259 sahibl\u0259rinin s\u0131rf r\u0259qibl\u0259rini s\u0131radan &ccedil;\u0131xarmaq m\u0259qs\u0259dil\u0259 il\u0259 \u0259ll\u0259rind\u0259 saxlad\u0131qlar\u0131, bir &ccedil;ox hallarda &ouml;zl\u0259ri t\u0259r\u0259find\u0259n yaratd\u0131qlar\u0131 internet media vasit\u0259l\u0259ri il\u0259 ba\u011fl\u0131d\u0131r. Bu saytlar g&uuml;nd\u0259lik f\u0259aliyy\u0259tl\u0259rind\u0259 ad\u0259t\u0259n adi x\u0259b\u0259r yay\u0131c\u0131s\u0131 kimi g&ouml;r&uuml;n&uuml;rl\u0259r. Ayr\u0131-ayr\u0131 \u015f\u0259xsl\u0259rin t\u0259m\u0259nnal\u0131 m&uuml;nasib\u0259td\u0259n ir\u0259li g\u0259l\u0259n \u015fantaj m\u0259qs\u0259dil\u0259 yaratd\u0131qlar\u0131 informasiya vasit\u0259l\u0259rinin materiallar\u0131ndan f\u0259rqli olaraq, bel\u0259 resurslarda &ouml;lk\u0259nin ictimai-siyasi, sosial-iqtisadi v\u0259 m\u0259d\u0259ni h\u0259yat\u0131 il\u0259 ba\u011fl\u0131 h\u0259qiqiliyi t\u0259sdiql\u0259nmi\u015f, \u015f&uuml;bh\u0259 do\u011furmayan, ciddi informasiya resurslar\u0131ndan oldu\u011fu kimi g&ouml;t&uuml;r&uuml;lm&uuml;\u015f x\u0259b\u0259rl\u0259r yer al\u0131r. Ancaq &laquo;z\u0259rur\u0259t&raquo; yarand\u0131\u011f\u0131 hallarda konkret h\u0259d\u0259fl\u0259r ayd\u0131n g&ouml;r&uuml;n&uuml;r.<\/p>\n<p>M\u015e \u0130dar\u0259 Hey\u0259tinin &uuml;zvl\u0259ri v\u0259ziyy\u0259td\u0259n &ccedil;\u0131xmaq &uuml;&ccedil;&uuml;n t\u0259klifl\u0259r s\u0259sl\u0259ndiribl\u0259r. Bu x&uuml;susda bildirilib ki, &ouml;lk\u0259 qanunvericiliyind\u0259 internet k&uuml;tl\u0259vi informasiyan\u0131n yay\u0131ld\u0131\u011f\u0131 areal kimi g&ouml;st\u0259rilir. Ancaq qanun internet &uuml;z\u0259rind\u0259n yay\u0131mlanan media orqanlar\u0131n\u0131 h&uuml;quqi bax\u0131mdan k&uuml;tl\u0259vi informasiya vasit\u0259si kimi tan\u0131m\u0131r. Onlar\u0131n bir hiss\u0259si m\u0259hdud m\u0259suliyy\u0259tli c\u0259miyy\u0259t statusunda f\u0259aliyy\u0259td\u0259dirl\u0259r. M&uuml;tl\u0259q \u0259ks\u0259riyy\u0259ti is\u0259 h&uuml;quqi m&uuml;nasib\u0259tl\u0259r sistemind\u0259 &uuml;mumiyy\u0259tl\u0259 t\u0259msil olunmurlar. \u018fn\u0259n\u0259vi mediadan f\u0259rqli olaraq qanunvericilik onlar qar\u015f\u0131s\u0131nda K\u0130V kimi he&ccedil; bir m\u0259suliyy\u0259t m&uuml;\u0259yy\u0259nl\u0259\u015fdirmir. Yaln\u0131z &laquo;\u0130nformasiya, informasiyala\u015fd\u0131rma v\u0259 informasiyan\u0131n m&uuml;hafiz\u0259si haqq\u0131nda&raquo; v\u0259 &laquo;Telekommunikasiya haqq\u0131nda&raquo; Qanunlara edil\u0259n sonuncu d\u0259yi\u015fiklik provayderl\u0259r &uuml;z\u0259rind\u0259 m&uuml;\u0259yy\u0259n m\u0259suliyy\u0259t formala\u015fd\u0131r\u0131r. Bu is\u0259 &uuml;mumi m\u0259nz\u0259r\u0259 bax\u0131m\u0131ndan yet\u0259rli deyil. Buna g&ouml;r\u0259 d\u0259 \u0130H &uuml;zvl\u0259ri internet &uuml;z\u0259rind\u0259n yay\u0131mlanan media vasit\u0259l\u0259rinin K\u0130V kimi qeydiyyat\u0131n\u0131n apar\u0131lmas\u0131n\u0131, bunun qanunvericilikd\u0259 \u0259ksini tapmas\u0131n\u0131, h\u0259m&ccedil;inin qanunda internet media &uuml;&ccedil;&uuml;n texniki meyarlar\u0131n m&uuml;\u0259yy\u0259nl\u0259\u015fdirilm\u0259sini t\u0259klif edibl\u0259r.<\/p>\n<p>M\u015e \u0130dar\u0259 Hey\u0259tinin &uuml;zvl\u0259ri h\u0259m&ccedil;inin bildiribl\u0259r ki, mediadan sui-istifad\u0259 meyll\u0259rin\u0259 qar\u015f\u0131 m&uuml;bariz\u0259d\u0259 yaln\u0131z ictimai q\u0131naqla kifay\u0259tl\u0259nm\u0259k effektiv n\u0259tic\u0259 vermir. Bu bax\u0131mdan M\u0259tbuat \u015euras\u0131 haqq\u0131nda ayr\u0131ca qanuna ehtiyac\u0131n duyuldu\u011fu &ouml;n\u0259 &ccedil;\u0259kilib. Bel\u0259 bir qanun h\u0259m imkan ver\u0259c\u0259k ki, \u015euran\u0131n texniki imkanlar\u0131 geni\u015fl\u0259nsin, h\u0259m median\u0131n &ouml;z&uuml;n&uuml;t\u0259nziml\u0259m\u0259 qurumu strukturu daha &ccedil;evik f\u0259aliyy\u0259t g&ouml;st\u0259rsin, h\u0259m d\u0259 adekvat m\u0259suliyy\u0259t n&ouml;vl\u0259rinin se&ccedil;ilm\u0259si il\u0259 bu sah\u0259d\u0259 d&uuml;z\u0259n yarad\u0131ls\u0131n. Bu, Prezident \u0130lham \u018fliyevin iqtisadi m&uuml;\u015favir\u0259d\u0259ki &ccedil;\u0131x\u0131\u015f\u0131nda s\u0259sl\u0259ndirdiyi neqativ hallar\u0131n aradan qald\u0131r\u0131lmas\u0131nda h\u0259lledici rol oynayacaqd\u0131r.<\/p>\n<p>\u0130clasda diffamasiya m\u0259s\u0259l\u0259sin\u0259 media m\u0259kan\u0131ndak\u0131 m\u0259suliyy\u0259tin art\u0131r\u0131lmas\u0131 bax\u0131m\u0131ndan m&uuml;h&uuml;m qanunvericilik t\u0259\u015f\u0259bb&uuml;s&uuml; kimi yana\u015f\u0131l\u0131b. Vur\u011fulan\u0131b ki, diffamasiya he&ccedil; d\u0259 yaln\u0131z t\u0259hqir v\u0259 b&ouml;htana g&ouml;r\u0259 azadl\u0131qdan m\u0259hrumetm\u0259 c\u0259zas\u0131n\u0131n aradan qald\u0131r\u0131lmas\u0131 il\u0259 \u0259laq\u0259dar deyil. Diffamasiyan\u0131n dekriminalla\u015fd\u0131r\u0131lmas\u0131 v\u0259 bununla \u0259laq\u0259dar ayr\u0131ca qanunun m&ouml;vcudlu\u011fu h\u0259m d\u0259 median\u0131n yol verdiyi n&ouml;qsana, qeyri-pe\u015f\u0259karl\u0131q hallar\u0131na qar\u015f\u0131 adekvat m&uuml;lki c\u0259za t\u0259dbirinin se&ccedil;ilm\u0259sini r\u0259hb\u0259r tutur. D&uuml;nyan\u0131n bir s\u0131ra qabaqc\u0131l &ouml;lk\u0259l\u0259rind\u0259 m&ouml;vcud prosedur u\u011furla t\u0259tbiq olunur v\u0259 m&uuml;sb\u0259t t\u0259sirini g&ouml;st\u0259rir. Az\u0259rbaycan\u0131n da eyni yolu getm\u0259sinin vaxt\u0131 &ccedil;at\u0131b.<\/p>\n<p>\u0130clasda o da bildirilib ki, internet median\u0131n h\u0259yat\u0131m\u0131za t\u0259siri artan x\u0259tt &uuml;zr\u0259 inki\u015faf etm\u0259kd\u0259dir. \u0130H &uuml;zvl\u0259ri bu t\u0259sirin ist\u0259r c\u0259miyy\u0259tin, ist\u0259rs\u0259 d\u0259 d&ouml;vl\u0259tin c\u0259miyy\u0259t &uuml;&ccedil;&uuml;n vacib olan maraq v\u0259 m\u0259nafel\u0259rinin t\u0259minat\u0131na y&ouml;nl\u0259ndirilm\u0259sinin z\u0259ruriliyini vur\u011fulay\u0131blar. Bu bax\u0131mdan internet median\u0131n maliyy\u0259l\u0259\u015fm\u0259sinin vaxt\u0131n\u0131n &ccedil;atd\u0131\u011f\u0131 fikri &uuml;z\u0259rind\u0259 dayan\u0131l\u0131b. Qeyd olunub ki, d&ouml;vl\u0259t t\u0259r\u0259find\u0259n maliyy\u0259l\u0259\u015fm\u0259 \u015f\u0259rtl\u0259ri bu istiqam\u0259td\u0259 nizaml\u0131 m&uuml;hitin formala\u015fmas\u0131na ist\u0259r-ist\u0259m\u0259z m&uuml;sb\u0259t t\u0259sirini g&ouml;st\u0259r\u0259c\u0259kdir.<\/p>\n<p>&Uuml;mum\u0259n media m\u0259kan\u0131m\u0131zdak\u0131 m&uuml;h&uuml;m m\u0259s\u0259l\u0259l\u0259rd\u0259n biri d\u0259 reklamla ba\u011fl\u0131d\u0131r. Haz\u0131rda K\u0130V-l\u0259rimiz &ouml;lk\u0259nin reklam bazar\u0131nda z\u0259if t\u0259msil olunurlar. Bu is\u0259 onlar\u0131n maliyy\u0259 durumuna m\u0259nfi t\u0259sirini g&ouml;st\u0259rm\u0259kd\u0259dir. M&ouml;vcud durumda d&ouml;vl\u0259t qurumlar\u0131na m\u0259xsus elan v\u0259 reklamlar\u0131n K\u0130V-l\u0259rd\u0259 b&ouml;l&uuml;nm\u0259sinin h\u0259yata ke&ccedil;irlim\u0259si il\u0259 ba\u011fl\u0131 xarici t\u0259cr&uuml;b\u0259nin t\u0259tbiqi aktualla\u015f\u0131b. \u0130H &uuml;zvl\u0259r eyni zamanda vur\u011fulay\u0131blar ki, haz\u0131rda d&ouml;vl\u0259t qurumlar\u0131n\u0131n reklam v\u0259 elanlar\u0131n\u0131n onlara m\u0259xsus media orqanlar\u0131nda d\u0259rci h\u0259yata ke&ccedil;irilm\u0259kd\u0259dir. Habel\u0259 d&ouml;vl\u0259t orqanlar\u0131n\u0131n b&uuml;dc\u0259sinin bir faizi reklam-t\u0259bli\u011fat i\u015fl\u0259rin\u0259 ay\u0131r\u0131l\u0131r. H\u0259r iki hal yekun n\u0259tic\u0259 etibaril\u0259 h\u0259min orqanlar\u0131 f\u0259aliyy\u0259ti bar\u0259d\u0259 ictimaiyy\u0259tin m\u0259lumatl\u0131l\u0131\u011f\u0131n\u0131n z\u0259if t\u0259minat\u0131 dem\u0259kdir. Halbuki d&ouml;vl\u0259t qurumlar\u0131 bu i\u015fl\u0259r &uuml;&ccedil;&uuml;n n\u0259z\u0259rd\u0259 tutduqlar\u0131 v\u0259saiti ictimai r\u0259y\u0259 t\u0259sir g&ouml;st\u0259r\u0259n K\u0130V-l\u0259r\u0259 y&ouml;nl\u0259ndirs\u0259l\u0259r, daha faydal\u0131 olar. C\u0259miyy\u0259t onlar\u0131n g&ouml;rd&uuml;kl\u0259ri i\u015fl\u0259r haqq\u0131nda daha &ccedil;ox informasiyal\u0131 olar.<\/p>\n<p>Toplant\u0131da s\u0259sl\u0259n\u0259n m\u0259s\u0259l\u0259l\u0259rin t\u0259klifl\u0259r paketi \u015f\u0259klind\u0259 &ouml;lk\u0259 r\u0259hb\u0259rliyin\u0259 t\u0259qdim edilm\u0259sin\u0259 dair q\u0259rar q\u0259bul edilib.<\/p>\n<p>&nbsp;<\/p>\n","protected":false},"excerpt":{"rendered":"<p>Bu g&uuml;n Az\u0259rbaycan M\u0259tbuat \u015euras\u0131n\u0131n \u0130dar\u0259 Hey\u0259tinin iclas\u0131 ke&ccedil;irilib. Ucnoqta.az x\u0259b\u0259r verir ki, toplat\u0131n\u0131 a&ccedil;an M\u015e s\u0259dri \u018fflatun Ama\u015fov bildirib ki, Az\u0259rbaycan Respublikas\u0131n\u0131n Prezidenti c\u0259nab \u0130lham \u018fliyev oktyabr\u0131n 15-d\u0259 ke&ccedil;irdiyi&hellip;<\/p>\n","protected":false},"author":1,"featured_media":251278,"comment_status":"open","ping_status":"open","sticky":false,"template":"","format":"standard","meta":{"_lmt_disableupdate":"","_lmt_disable":"","footnotes":""},"categories":[96],"tags":[],"class_list":["post-86615","post","type-post","status-publish","format-standard","has-post-thumbnail","hentry","category-media-butun-xeberler"],"_links":{"self":[{"href":"https:\/\/ucnoqta.az\/index.php?rest_route=\/wp\/v2\/posts\/86615","targetHints":{"allow":["GET"]}}],"collection":[{"href":"https:\/\/ucnoqta.az\/index.php?rest_route=\/wp\/v2\/posts"}],"about":[{"href":"https:\/\/ucnoqta.az\/index.php?rest_route=\/wp\/v2\/types\/post"}],"author":[{"embeddable":true,"href":"https:\/\/ucnoqta.az\/index.php?rest_route=\/wp\/v2\/users\/1"}],"replies":[{"embeddable":true,"href":"https:\/\/ucnoqta.az\/index.php?rest_route=%2Fwp%2Fv2%2Fcomments&post=86615"}],"version-history":[{"count":0,"href":"https:\/\/ucnoqta.az\/index.php?rest_route=\/wp\/v2\/posts\/86615\/revisions"}],"wp:featuredmedia":[{"embeddable":true,"href":"https:\/\/ucnoqta.az\/index.php?rest_route=\/wp\/v2\/media\/251278"}],"wp:attachment":[{"href":"https:\/\/ucnoqta.az\/index.php?rest_route=%2Fwp%2Fv2%2Fmedia&parent=86615"}],"wp:term":[{"taxonomy":"category","embeddable":true,"href":"https:\/\/ucnoqta.az\/index.php?rest_route=%2Fwp%2Fv2%2Fcategories&post=86615"},{"taxonomy":"post_tag","embeddable":true,"href":"https:\/\/ucnoqta.az\/index.php?rest_route=%2Fwp%2Fv2%2Ftags&post=86615"}],"curies":[{"name":"wp","href":"https:\/\/api.w.org\/{rel}","templated":true}]}}