{"id":86610,"date":"2019-10-18T15:33:09","date_gmt":"2019-10-18T11:33:09","guid":{"rendered":""},"modified":"-0001-11-30T00:00:00","modified_gmt":"-0001-11-29T20:00:00","slug":"","status":"publish","type":"post","link":"https:\/\/ucnoqta.az\/?p=86610","title":{"rendered":"\u018frdo\u011fan: <font color=red><b>&#8220;Terror\u00e7ular Suriyan\u0131n \u015fimal\u0131n\u0131 t\u0259rk etm\u0259y\u0259 ba\u015flay\u0131b&#8221;<\/b><\/font>"},"content":{"rendered":"<p><strong>&quot;PKK\/PYD v\u0259 YPG terror qrupla\u015fmalar\u0131&nbsp;bu g&uuml;n s\u0259h\u0259r saatlar\u0131ndan etibar\u0259n Suriyan\u0131n \u015fimal\u0131nda n\u0259z\u0259rd\u0259 tutdu\u011fumuz t\u0259hl&uuml;k\u0259sizlik b&ouml;lg\u0259sini t\u0259rk etm\u0259y\u0259 ba\u015flay\u0131b&quot;.<\/strong><\/p>\n<p>Bunu T&uuml;rkiy\u0259 prezidenti&nbsp;R\u0259c\u0259b Tayyib \u018frdo\u011fan&nbsp;deyib. &quot;Bu g&uuml;n s\u0259h\u0259r milli m&uuml;dafi\u0259 naziri Hulusi Akarla telefonla dan\u0131\u015fd\u0131m v\u0259 o, m\u0259n\u0259 dedi ki, terror&ccedil;ular n\u0259z\u0259rd\u0259 tutdu\u011fumuz b&ouml;lg\u0259ni t\u0259rk etm\u0259y\u0259 ba\u015flay\u0131blar. Terror&ccedil;ular 120 saat \u0259rzind\u0259 Suriyan\u0131n \u015fimal\u0131n\u0131 bo\u015faltmal\u0131d\u0131r.&nbsp;AB\u015e-la \u0259ld\u0259 etdiyimiz raz\u0131la\u015fmada da bel\u0259&nbsp;n\u0259z\u0259rd\u0259 tutulub&quot;, \u018frdo\u011fan vur\u011fulay\u0131b.<\/p>\n<p>O bildirib ki, T&uuml;rkiy\u0259nin t\u0259hl&uuml;k\u0259sizlik q&uuml;vv\u0259l\u0259ri b&ouml;lg\u0259ni t\u0259rk etm\u0259y\u0259c\u0259k v\u0259 oradak\u0131 prosesl\u0259r\u0259 n\u0259zar\u0259ti davam etdir\u0259c\u0259kl\u0259r: &quot;T\u0259hl&uuml;k\u0259sizlik q&uuml;vv\u0259l\u0259rimiz terror&ccedil;ular\u0131n b&ouml;lg\u0259ni, do\u011frudan da, t\u0259rk edib-etm\u0259dikl\u0259rin\u0259 n\u0259zar\u0259t ed\u0259c\u0259kl\u0259r&quot;.<\/p>\n<p>R.T.\u018frdo\u011fan b&ouml;lg\u0259d\u0259 at\u0131\u015fmalar\u0131n davam etm\u0259si&nbsp;il\u0259 ba\u011fl\u0131 yay\u0131lan m\u0259lumatlar\u0131 t\u0259kzib&nbsp;edib. O deyib ki, bununla ba\u011fl\u0131 m\u0259lumatlar t\u0259xribat xarakterlidir v\u0259 h\u0259qiq\u0259ti \u0259ks etdirmir: &quot;M\u0259n milli m&uuml;dafi\u0259 naziri il\u0259 dan\u0131\u015fd\u0131m, o da dedi ki, b&ouml;lg\u0259d\u0259 he&ccedil; bir at\u0131\u015fma yoxdur. Bununla ba\u011fl\u0131 yay\u0131lan m\u0259lumatlar dezinformasiyad\u0131r. Bunlara inanmay\u0131n. \u018fsas m\u0259qs\u0259d \u0259ld\u0259 etdiyimiz raz\u0131la\u015fman\u0131n h\u0259yata ke&ccedil;irilm\u0259sin\u0259 d\u0259st\u0259k olmaqd\u0131r&quot;.<\/p>\n<p>Qeyd ed\u0259k ki, T&uuml;rkiy\u0259 Silahl\u0131 Q&uuml;vv\u0259l\u0259ri Suriya Milli Ordusu il\u0259 birlikd\u0259 oktyabr\u0131n 9-da Suriyan\u0131n \u015fimal\u0131nda &ldquo;Bar\u0131\u015f p\u0131nar\u0131&rdquo; adl\u0131 antiterror \u0259m\u0259liyyat\u0131na ba\u015flam\u0131\u015fd\u0131.&nbsp;M\u0259qs\u0259d T&uuml;rkiy\u0259-Suriya s\u0259rh\u0259dini terror&ccedil;u PKK\/YPG-PYD v\u0259 \u0130\u015e\u0130D qrupla\u015fmalar\u0131ndan t\u0259mizl\u0259m\u0259k, terror d\u0259hlizinin yarad\u0131lmas\u0131na imkan verm\u0259m\u0259k, terror d&ouml;vl\u0259tinin qurulmas\u0131na mane, Suriyada \u0259min-amanl\u0131\u011f\u0131n yarad\u0131lmas\u0131na, qa&ccedil;q\u0131nlar\u0131n evl\u0259rin\u0259 d&ouml;nm\u0259sin\u0259 nail olmaqd\u0131r.<\/p>\n<p>&Ouml;t\u0259n g&uuml;n AB\u015e-\u0131n vitse-prezidenti&nbsp;Maykl Pensin r\u0259hb\u0259rlik etdiyi n&uuml;may\u0259nd\u0259 hey\u0259ti T&uuml;rkiy\u0259d\u0259 s\u0259f\u0259rd\u0259 olub. O, Ankarada T&uuml;rkiy\u0259 prezidenti&nbsp;R.T.\u018frdo\u011fanla g&ouml;r&uuml;\u015f&uuml;b. G&ouml;r&uuml;\u015fd\u0259n sonra b&ouml;lg\u0259d\u0259 120 saat m&uuml;dd\u0259tind\u0259 at\u0259\u015fk\u0259s elan olunmas\u0131 v\u0259 h\u0259min m&uuml;dd\u0259td\u0259 terror&ccedil;ular\u0131n b&ouml;lg\u0259ni bo\u015faltmas\u0131 bar\u0259d\u0259 raz\u0131l\u0131q \u0259ld\u0259 olunub. \/report<\/p>\n","protected":false},"excerpt":{"rendered":"<p>&quot;PKK\/PYD v\u0259 YPG terror qrupla\u015fmalar\u0131&nbsp;bu g&uuml;n s\u0259h\u0259r saatlar\u0131ndan etibar\u0259n Suriyan\u0131n \u015fimal\u0131nda n\u0259z\u0259rd\u0259 tutdu\u011fumuz t\u0259hl&uuml;k\u0259sizlik b&ouml;lg\u0259sini t\u0259rk etm\u0259y\u0259 ba\u015flay\u0131b&quot;. Bunu T&uuml;rkiy\u0259 prezidenti&nbsp;R\u0259c\u0259b Tayyib \u018frdo\u011fan&nbsp;deyib. &quot;Bu g&uuml;n s\u0259h\u0259r milli m&uuml;dafi\u0259 naziri Hulusi&hellip;<\/p>\n","protected":false},"author":1,"featured_media":251278,"comment_status":"open","ping_status":"open","sticky":false,"template":"","format":"standard","meta":{"_lmt_disableupdate":"","_lmt_disable":"","footnotes":""},"categories":[],"tags":[],"class_list":["post-86610","post","type-post","status-publish","format-standard","has-post-thumbnail","hentry"],"_links":{"self":[{"href":"https:\/\/ucnoqta.az\/index.php?rest_route=\/wp\/v2\/posts\/86610","targetHints":{"allow":["GET"]}}],"collection":[{"href":"https:\/\/ucnoqta.az\/index.php?rest_route=\/wp\/v2\/posts"}],"about":[{"href":"https:\/\/ucnoqta.az\/index.php?rest_route=\/wp\/v2\/types\/post"}],"author":[{"embeddable":true,"href":"https:\/\/ucnoqta.az\/index.php?rest_route=\/wp\/v2\/users\/1"}],"replies":[{"embeddable":true,"href":"https:\/\/ucnoqta.az\/index.php?rest_route=%2Fwp%2Fv2%2Fcomments&post=86610"}],"version-history":[{"count":0,"href":"https:\/\/ucnoqta.az\/index.php?rest_route=\/wp\/v2\/posts\/86610\/revisions"}],"wp:featuredmedia":[{"embeddable":true,"href":"https:\/\/ucnoqta.az\/index.php?rest_route=\/wp\/v2\/media\/251278"}],"wp:attachment":[{"href":"https:\/\/ucnoqta.az\/index.php?rest_route=%2Fwp%2Fv2%2Fmedia&parent=86610"}],"wp:term":[{"taxonomy":"category","embeddable":true,"href":"https:\/\/ucnoqta.az\/index.php?rest_route=%2Fwp%2Fv2%2Fcategories&post=86610"},{"taxonomy":"post_tag","embeddable":true,"href":"https:\/\/ucnoqta.az\/index.php?rest_route=%2Fwp%2Fv2%2Ftags&post=86610"}],"curies":[{"name":"wp","href":"https:\/\/api.w.org\/{rel}","templated":true}]}}