{"id":86601,"date":"2019-10-18T13:47:02","date_gmt":"2019-10-18T09:47:02","guid":{"rendered":""},"modified":"-0001-11-30T00:00:00","modified_gmt":"-0001-11-29T20:00:00","slug":"","status":"publish","type":"post","link":"https:\/\/ucnoqta.az\/?p=86601","title":{"rendered":"\u018ffqan Muxtarl\u0131 bu g\u00fcn azadl\u0131\u011fa \u00e7\u0131xa bil\u0259r"},"content":{"rendered":"<p><strong>Bu g&uuml;n 16 sayl\u0131 c\u0259za&ccedil;\u0259km\u0259 m&uuml;\u0259ssis\u0259sind\u0259 jurnalist \u018ffqan Muxtarl\u0131n\u0131n m\u0259hk\u0259m\u0259si ke&ccedil;iril\u0259c\u0259k.<\/strong><\/p>\n<p>&ldquo;Qafqazinfo&rdquo;nun verdiyi x\u0259b\u0259r\u0259 g&ouml;r\u0259, iclas\u0131 Suraxan\u0131 rayon m\u0259hk\u0259m\u0259sinin hakiml\u0259ri aparacaq.<br \/>\nQeyd ed\u0259k ki, \u018f. Muxtarl\u0131 c\u0259zas\u0131n\u0131n 3-d\u0259 ikisini &ccedil;\u0259kdiyi &uuml;&ccedil;&uuml;n bu g&uuml;n azadl\u0131\u011fa &ccedil;\u0131xaca\u011f\u0131 ehtimal edilir.<\/p>\n<p>***<\/p>\n<p>\u018ffqan Muxtarl\u0131n\u0131n v\u0259kill\u0259ri El&ccedil;in Sad\u0131qovla Zibeyd\u0259 Sad\u0131qova haz\u0131rda&nbsp;c\u0259za&ccedil;\u0259km\u0259 m&uuml;\u0259ssis\u0259sin\u0259 g\u0259libl\u0259r. E. Sad\u0131qov bildirib ki, onlara bu bar\u0259d\u0259 he&ccedil; bir r\u0259smi m\u0259lumat verilm\u0259yib.&nbsp;<\/p>\n","protected":false},"excerpt":{"rendered":"<p>Bu g&uuml;n 16 sayl\u0131 c\u0259za&ccedil;\u0259km\u0259 m&uuml;\u0259ssis\u0259sind\u0259 jurnalist \u018ffqan Muxtarl\u0131n\u0131n m\u0259hk\u0259m\u0259si ke&ccedil;iril\u0259c\u0259k. &ldquo;Qafqazinfo&rdquo;nun verdiyi x\u0259b\u0259r\u0259 g&ouml;r\u0259, iclas\u0131 Suraxan\u0131 rayon m\u0259hk\u0259m\u0259sinin hakiml\u0259ri aparacaq. Qeyd ed\u0259k ki, \u018f. Muxtarl\u0131 c\u0259zas\u0131n\u0131n 3-d\u0259 ikisini &ccedil;\u0259kdiyi&hellip;<\/p>\n","protected":false},"author":1,"featured_media":251278,"comment_status":"open","ping_status":"open","sticky":false,"template":"","format":"standard","meta":{"_lmt_disableupdate":"","_lmt_disable":"","footnotes":""},"categories":[],"tags":[],"class_list":["post-86601","post","type-post","status-publish","format-standard","has-post-thumbnail","hentry"],"_links":{"self":[{"href":"https:\/\/ucnoqta.az\/index.php?rest_route=\/wp\/v2\/posts\/86601","targetHints":{"allow":["GET"]}}],"collection":[{"href":"https:\/\/ucnoqta.az\/index.php?rest_route=\/wp\/v2\/posts"}],"about":[{"href":"https:\/\/ucnoqta.az\/index.php?rest_route=\/wp\/v2\/types\/post"}],"author":[{"embeddable":true,"href":"https:\/\/ucnoqta.az\/index.php?rest_route=\/wp\/v2\/users\/1"}],"replies":[{"embeddable":true,"href":"https:\/\/ucnoqta.az\/index.php?rest_route=%2Fwp%2Fv2%2Fcomments&post=86601"}],"version-history":[{"count":0,"href":"https:\/\/ucnoqta.az\/index.php?rest_route=\/wp\/v2\/posts\/86601\/revisions"}],"wp:featuredmedia":[{"embeddable":true,"href":"https:\/\/ucnoqta.az\/index.php?rest_route=\/wp\/v2\/media\/251278"}],"wp:attachment":[{"href":"https:\/\/ucnoqta.az\/index.php?rest_route=%2Fwp%2Fv2%2Fmedia&parent=86601"}],"wp:term":[{"taxonomy":"category","embeddable":true,"href":"https:\/\/ucnoqta.az\/index.php?rest_route=%2Fwp%2Fv2%2Fcategories&post=86601"},{"taxonomy":"post_tag","embeddable":true,"href":"https:\/\/ucnoqta.az\/index.php?rest_route=%2Fwp%2Fv2%2Ftags&post=86601"}],"curies":[{"name":"wp","href":"https:\/\/api.w.org\/{rel}","templated":true}]}}