{"id":85808,"date":"2019-10-04T10:23:05","date_gmt":"2019-10-04T06:23:05","guid":{"rendered":""},"modified":"-0001-11-30T00:00:00","modified_gmt":"-0001-11-29T20:00:00","slug":"","status":"publish","type":"post","link":"https:\/\/ucnoqta.az\/?p=85808","title":{"rendered":"\u201cD\u00fcdelanj\u201d &#8211; \u201cQaraba\u011f\u201d oyunu zaman\u0131 daha bir insident olub &#8211; <font color=red><b>Foto<\/b><\/font>"},"content":{"rendered":"<p><strong>\u201cQaraba\u011f\u201d\u0131n UEFA Avropa Liqas\u0131n\u0131n qrup m\u0259rh\u0259l\u0259sinin II turunda L\u00fcksemburqda \u201cD\u00fcdelanj\u201d\u0131 4:1 hesab\u0131 il\u0259 m\u0259\u011flub etdiyi oyunda daha bir insident ba\u015f verib.<\/strong><\/p>\n<p>\u201cReport\u201d \u201cLessentiel\u201d portal\u0131na istinad\u0259n x\u0259b\u0259r verir ki, oyunun ke\u00e7irildiyi \u201cJozi Bartel\u201d stadionunun dayanaca\u011f\u0131nda bir ne\u00e7\u0259 avtomobilin \u015f\u00fc\u015f\u0259l\u0259ri s\u0131nd\u0131r\u0131laraq qar\u0259t olunub. O\u011furluq dayanaca\u011f\u0131n \u00fc\u00e7\u00fcnc\u00fc m\u0259rt\u0259b\u0259sind\u0259, mat\u00e7 yar\u0131m\u00e7\u0131q dayand\u0131r\u0131lan zaman ba\u015f verib.<\/p>\n<p>Hadis\u0259 yerin\u0259 g\u0259l\u0259n polis \u0259m\u0259kda\u015flar\u0131 qar\u0259t olunan avtomobill\u0259rd\u0259n barmaq izl\u0259ri g\u00f6t\u00fcr\u00fcbl\u0259r. H\u0259m\u00e7inin z\u0259r\u0259r\u00e7\u0259k\u0259nl\u0259r\u0259 bildirilib ki, n\u0259zar\u0259t kameralar\u0131n\u0131n qeyd\u0259 ald\u0131\u011f\u0131 g\u00f6r\u00fcnt\u00fcl\u0259r\u0259 bax\u0131lacaq.<\/p>\n<p>Qeyd ed\u0259k ki, \u201cD\u00fcdelanj\u201d \u2013 \u201cQaraba\u011f\u201d oyunu erm\u0259ni t\u0259xribat\u0131 il\u0259 \u0259laq\u0259dar dayand\u0131r\u0131l\u0131b. Mat\u00e7\u0131n 30-cu d\u0259qiq\u0259sind\u0259\u00a0Qurban Qurbanovun r\u0259hb\u0259rlik etdiyi kollektivin r\u0259qib qap\u0131s\u0131na vurdu\u011fu 2-ci qoldan sonra dron vasit\u0259sil\u0259 stadionun \u00fcz\u0259rin\u0259 qondarma \u201cDa\u011fl\u0131q Qaraba\u011f\u00a0Respublikas\u0131\u201dn\u0131n bayra\u011f\u0131 g\u0259tirilib. Bundan sonra A\u011fdam t\u0259msil\u00e7isinin \u00fczvl\u0259ri meydan\u0131 t\u0259rk edibl\u0259r. Ard\u0131nca L\u00fcksemburqun idman naziri Dan Ker\u015f\u00a0Az\u0259rbaycan \u00e7empionunun soyunub-geyinm\u0259 ota\u011f\u0131na g\u0259l\u0259r\u0259k \u00fczr ist\u0259yib. Nazir \u00f6lk\u0259sinin Da\u011fl\u0131q Qaraba\u011f\u0131 Az\u0259rbaycan\u0131n ayr\u0131lmaz hiss\u0259si sayd\u0131\u011f\u0131n\u0131, t\u0259xribat\u00e7\u0131lar\u0131n tap\u0131laraq c\u0259zaland\u0131r\u0131laca\u011f\u0131n\u0131 deyib. Onun \u00fczrxahl\u0131\u011f\u0131 stadionda da elan edildikd\u0259n sonra oyun davam etdirilib.<\/p>\n<p>AFFA r\u0259hb\u0259rliyi d\u0259 ba\u015f vermi\u015f erm\u0259ni t\u0259xribat\u0131na reaksiya verib. Milli assosiasiya r\u0259smil\u0259ri d\u0259rhal UEFA il\u0259 \u0259laq\u0259 saxlayaraq, naraz\u0131l\u0131\u011f\u0131n\u0131 bildirib. Bu g\u00fcn Avropa futbol qurumuna r\u0259smi qaydada m\u00fcraci\u0259t olunacaq.<\/p>\n<p>\u00a0<\/p>\n","protected":false},"excerpt":{"rendered":"<p>\u201cQaraba\u011f\u201d\u0131n UEFA Avropa Liqas\u0131n\u0131n qrup m\u0259rh\u0259l\u0259sinin II turunda L\u00fcksemburqda \u201cD\u00fcdelanj\u201d\u0131 4:1 hesab\u0131 il\u0259 m\u0259\u011flub etdiyi oyunda daha bir insident ba\u015f verib. \u201cReport\u201d \u201cLessentiel\u201d portal\u0131na istinad\u0259n x\u0259b\u0259r verir ki, oyunun ke\u00e7irildiyi&hellip;<\/p>\n","protected":false},"author":1,"featured_media":251278,"comment_status":"open","ping_status":"open","sticky":false,"template":"","format":"standard","meta":{"_lmt_disableupdate":"","_lmt_disable":"","footnotes":""},"categories":[],"tags":[],"class_list":["post-85808","post","type-post","status-publish","format-standard","has-post-thumbnail","hentry"],"_links":{"self":[{"href":"https:\/\/ucnoqta.az\/index.php?rest_route=\/wp\/v2\/posts\/85808","targetHints":{"allow":["GET"]}}],"collection":[{"href":"https:\/\/ucnoqta.az\/index.php?rest_route=\/wp\/v2\/posts"}],"about":[{"href":"https:\/\/ucnoqta.az\/index.php?rest_route=\/wp\/v2\/types\/post"}],"author":[{"embeddable":true,"href":"https:\/\/ucnoqta.az\/index.php?rest_route=\/wp\/v2\/users\/1"}],"replies":[{"embeddable":true,"href":"https:\/\/ucnoqta.az\/index.php?rest_route=%2Fwp%2Fv2%2Fcomments&post=85808"}],"version-history":[{"count":0,"href":"https:\/\/ucnoqta.az\/index.php?rest_route=\/wp\/v2\/posts\/85808\/revisions"}],"wp:featuredmedia":[{"embeddable":true,"href":"https:\/\/ucnoqta.az\/index.php?rest_route=\/wp\/v2\/media\/251278"}],"wp:attachment":[{"href":"https:\/\/ucnoqta.az\/index.php?rest_route=%2Fwp%2Fv2%2Fmedia&parent=85808"}],"wp:term":[{"taxonomy":"category","embeddable":true,"href":"https:\/\/ucnoqta.az\/index.php?rest_route=%2Fwp%2Fv2%2Fcategories&post=85808"},{"taxonomy":"post_tag","embeddable":true,"href":"https:\/\/ucnoqta.az\/index.php?rest_route=%2Fwp%2Fv2%2Ftags&post=85808"}],"curies":[{"name":"wp","href":"https:\/\/api.w.org\/{rel}","templated":true}]}}