{"id":85802,"date":"2019-10-04T09:31:05","date_gmt":"2019-10-04T05:31:05","guid":{"rendered":""},"modified":"-0001-11-30T00:00:00","modified_gmt":"-0001-11-29T20:00:00","slug":"","status":"publish","type":"post","link":"https:\/\/ucnoqta.az\/?p=85802","title":{"rendered":"X\u0130N-d\u0259n &#8220;D\u00fcdelanj&#8221;-&#8220;Qaraba\u011f&#8221; mat\u00e7\u0131ndak\u0131 t\u0259xribatla ba\u011fl\u0131 <font color=red><b>A\u00e7\u0131qlama<\/b><\/font>"},"content":{"rendered":"<p><strong>&#8220;Az\u0259rbaycan\u00a0Xarici \u0130\u015fl\u0259r Nazirliyi\u00a0(X\u0130N) L\u00fcksemburqda\u00a0&#8220;D\u00fcdelanj&#8221;-&#8220;Qaraba\u011f&#8221; futbol mat\u00e7\u0131 zaman\u0131 ba\u015f ver\u0259n\u00a0t\u0259xribat\u0131\u00a0n\u0259z\u0259r\u0259 alaraq v\u0259ziyy\u0259ti izl\u0259yir&#8221;.<\/strong><\/p>\n<p>Bunu Az\u0259rbaycan X\u0130N M\u0259tbuat xidm\u0259tinin r\u0259hb\u0259ri\u00a0Leyla Abdullayeva\u00a0deyib.<br \/>\n&#8220;L\u00fcksemburqda akkredit\u0259 olunmu\u015f s\u0259fir\u0259 bu \u00f6lk\u0259nin Xarici \u0130\u015fl\u0259r Nazirliyi il\u0259 \u0259laq\u0259 yaratmaq v\u0259 t\u0259xribatlara cavabdeh \u015f\u0259xsl\u0259rin tap\u0131ld\u0131\u011f\u0131na v\u0259 m\u00fcvafiq m\u0259suliyy\u0259t da\u015f\u0131yacaqlar\u0131na \u0259min olmaqla ba\u011fl\u0131 tap\u015f\u0131r\u0131q verilib&#8221; &#8211; L. Abdullayeva bildirib.<\/p>\n<p>Xat\u0131rladaq ki, &#8220;Qaraba\u011f&#8221; UEFA Avropa Liqas\u0131n\u0131n qrup m\u0259rh\u0259l\u0259sinin II turu \u00e7\u0259r\u00e7iv\u0259sind\u0259 &#8220;D\u00fcdelanj&#8221;\u0131\u00a0m\u0259\u011flub edib.\/report<\/p>\n<p>\u00a0<\/p>\n","protected":false},"excerpt":{"rendered":"<p>&#8220;Az\u0259rbaycan\u00a0Xarici \u0130\u015fl\u0259r Nazirliyi\u00a0(X\u0130N) L\u00fcksemburqda\u00a0&#8220;D\u00fcdelanj&#8221;-&#8220;Qaraba\u011f&#8221; futbol mat\u00e7\u0131 zaman\u0131 ba\u015f ver\u0259n\u00a0t\u0259xribat\u0131\u00a0n\u0259z\u0259r\u0259 alaraq v\u0259ziyy\u0259ti izl\u0259yir&#8221;. Bunu Az\u0259rbaycan X\u0130N M\u0259tbuat xidm\u0259tinin r\u0259hb\u0259ri\u00a0Leyla Abdullayeva\u00a0deyib. &#8220;L\u00fcksemburqda akkredit\u0259 olunmu\u015f s\u0259fir\u0259 bu \u00f6lk\u0259nin Xarici \u0130\u015fl\u0259r Nazirliyi il\u0259 \u0259laq\u0259&hellip;<\/p>\n","protected":false},"author":1,"featured_media":251278,"comment_status":"open","ping_status":"open","sticky":false,"template":"","format":"standard","meta":{"_lmt_disableupdate":"","_lmt_disable":"","footnotes":""},"categories":[],"tags":[],"class_list":["post-85802","post","type-post","status-publish","format-standard","has-post-thumbnail","hentry"],"_links":{"self":[{"href":"https:\/\/ucnoqta.az\/index.php?rest_route=\/wp\/v2\/posts\/85802","targetHints":{"allow":["GET"]}}],"collection":[{"href":"https:\/\/ucnoqta.az\/index.php?rest_route=\/wp\/v2\/posts"}],"about":[{"href":"https:\/\/ucnoqta.az\/index.php?rest_route=\/wp\/v2\/types\/post"}],"author":[{"embeddable":true,"href":"https:\/\/ucnoqta.az\/index.php?rest_route=\/wp\/v2\/users\/1"}],"replies":[{"embeddable":true,"href":"https:\/\/ucnoqta.az\/index.php?rest_route=%2Fwp%2Fv2%2Fcomments&post=85802"}],"version-history":[{"count":0,"href":"https:\/\/ucnoqta.az\/index.php?rest_route=\/wp\/v2\/posts\/85802\/revisions"}],"wp:featuredmedia":[{"embeddable":true,"href":"https:\/\/ucnoqta.az\/index.php?rest_route=\/wp\/v2\/media\/251278"}],"wp:attachment":[{"href":"https:\/\/ucnoqta.az\/index.php?rest_route=%2Fwp%2Fv2%2Fmedia&parent=85802"}],"wp:term":[{"taxonomy":"category","embeddable":true,"href":"https:\/\/ucnoqta.az\/index.php?rest_route=%2Fwp%2Fv2%2Fcategories&post=85802"},{"taxonomy":"post_tag","embeddable":true,"href":"https:\/\/ucnoqta.az\/index.php?rest_route=%2Fwp%2Fv2%2Ftags&post=85802"}],"curies":[{"name":"wp","href":"https:\/\/api.w.org\/{rel}","templated":true}]}}