{"id":85800,"date":"2019-10-04T09:00:29","date_gmt":"2019-10-04T05:00:29","guid":{"rendered":""},"modified":"-0001-11-30T00:00:00","modified_gmt":"-0001-11-29T20:00:00","slug":"","status":"publish","type":"post","link":"https:\/\/ucnoqta.az\/?p=85800","title":{"rendered":"Bak\u0131da bu k\u00fc\u00e7\u0259d\u0259 h\u0259r\u0259k\u0259t m\u0259hdudla\u015fd\u0131r\u0131l\u0131r"},"content":{"rendered":"<p><strong>Apar\u0131lan t\u0259mir i\u015fl\u0259ri il\u0259 \u0259laq\u0259dar olaraq, 4-6 oktyabr tarixl\u0259rind\u0259 N\u0259simi rayonu Asif M\u0259h\u0259rr\u0259mov k&uuml;&ccedil;\u0259sinin Ceyhun S\u0259limov k&uuml;&ccedil;\u0259si il\u0259 k\u0259si\u015fm\u0259sind\u0259n (3-c&uuml; mkr.dair\u0259si) 20 Yanvar k&uuml;&ccedil;\u0259si il\u0259 k\u0259si\u015fm\u0259sin\u0259d\u0259k olan istiqam\u0259tind\u0259 avton\u0259qliyyat vasit\u0259l\u0259rinin h\u0259r\u0259k\u0259ti q\u0131sa m&uuml;dd\u0259tlik m\u0259hdudla\u015fd\u0131r\u0131lacaq.<\/strong><\/p>\n<p>Bu bar\u0259d\u0259 Trend Az\u0259rbaycan Avtomobil Yollar\u0131 D&ouml;vl\u0259t Agentliyin\u0259 istinad\u0259n x\u0259b\u0259r verir.<br \/>\nM\u0259lumata g&ouml;r\u0259, s&ouml;z&uuml;ged\u0259n k&uuml;&ccedil;\u0259nin 20 Yanvar k&uuml;&ccedil;\u0259si il\u0259 k\u0259si\u015fm\u0259sind\u0259n Ceyhun S\u0259limov k&uuml;&ccedil;\u0259si il\u0259 k\u0259si\u015fm\u0259sin\u0259d\u0259k olan hiss\u0259sind\u0259 ikit\u0259r\u0259fli h\u0259r\u0259k\u0259t t\u0259min olunacaq.<br \/>\nS&uuml;r&uuml;c&uuml;l\u0259rd\u0259n xahi\u015f olunur ki, qeyd olunan \u0259razid\u0259 s\u0131xl\u0131q yaranmas\u0131n dey\u0259 &ouml;nc\u0259d\u0259n h\u0259r\u0259k\u0259t istiqam\u0259tl\u0259rin\u0259 uy\u011fun alternativ yollardan istifad\u0259 etsinl\u0259r.<\/p>\n<p>&nbsp;<\/p>\n","protected":false},"excerpt":{"rendered":"<p>Apar\u0131lan t\u0259mir i\u015fl\u0259ri il\u0259 \u0259laq\u0259dar olaraq, 4-6 oktyabr tarixl\u0259rind\u0259 N\u0259simi rayonu Asif M\u0259h\u0259rr\u0259mov k&uuml;&ccedil;\u0259sinin Ceyhun S\u0259limov k&uuml;&ccedil;\u0259si il\u0259 k\u0259si\u015fm\u0259sind\u0259n (3-c&uuml; mkr.dair\u0259si) 20 Yanvar k&uuml;&ccedil;\u0259si il\u0259 k\u0259si\u015fm\u0259sin\u0259d\u0259k olan istiqam\u0259tind\u0259 avton\u0259qliyyat vasit\u0259l\u0259rinin&hellip;<\/p>\n","protected":false},"author":1,"featured_media":251278,"comment_status":"open","ping_status":"open","sticky":false,"template":"","format":"standard","meta":{"_lmt_disableupdate":"","_lmt_disable":"","footnotes":""},"categories":[],"tags":[],"class_list":["post-85800","post","type-post","status-publish","format-standard","has-post-thumbnail","hentry"],"_links":{"self":[{"href":"https:\/\/ucnoqta.az\/index.php?rest_route=\/wp\/v2\/posts\/85800","targetHints":{"allow":["GET"]}}],"collection":[{"href":"https:\/\/ucnoqta.az\/index.php?rest_route=\/wp\/v2\/posts"}],"about":[{"href":"https:\/\/ucnoqta.az\/index.php?rest_route=\/wp\/v2\/types\/post"}],"author":[{"embeddable":true,"href":"https:\/\/ucnoqta.az\/index.php?rest_route=\/wp\/v2\/users\/1"}],"replies":[{"embeddable":true,"href":"https:\/\/ucnoqta.az\/index.php?rest_route=%2Fwp%2Fv2%2Fcomments&post=85800"}],"version-history":[{"count":0,"href":"https:\/\/ucnoqta.az\/index.php?rest_route=\/wp\/v2\/posts\/85800\/revisions"}],"wp:featuredmedia":[{"embeddable":true,"href":"https:\/\/ucnoqta.az\/index.php?rest_route=\/wp\/v2\/media\/251278"}],"wp:attachment":[{"href":"https:\/\/ucnoqta.az\/index.php?rest_route=%2Fwp%2Fv2%2Fmedia&parent=85800"}],"wp:term":[{"taxonomy":"category","embeddable":true,"href":"https:\/\/ucnoqta.az\/index.php?rest_route=%2Fwp%2Fv2%2Fcategories&post=85800"},{"taxonomy":"post_tag","embeddable":true,"href":"https:\/\/ucnoqta.az\/index.php?rest_route=%2Fwp%2Fv2%2Ftags&post=85800"}],"curies":[{"name":"wp","href":"https:\/\/api.w.org\/{rel}","templated":true}]}}