{"id":85799,"date":"2019-10-04T07:41:42","date_gmt":"2019-10-04T03:41:42","guid":{"rendered":""},"modified":"-0001-11-30T00:00:00","modified_gmt":"-0001-11-29T20:00:00","slug":"","status":"publish","type":"post","link":"https:\/\/ucnoqta.az\/?p=85799","title":{"rendered":"Qurban Qurbanov: <font color=red><b>&#8220;Bel\u0259 hallar\u0131 qorxaql\u0131q hesab edir\u0259m\u201d<\/b><\/font>"},"content":{"rendered":"<p>\u201c\u0130dmanda bel\u0259 \u015feyl\u0259rin olmas\u0131n\u0131n t\u0259r\u0259fdar\u0131 deyil\u0259m. Bir d\u0259f\u0259 d\u0259 bel\u0259 hadis\u0259 ba\u015f vermi\u015fdi. H\u0259mi\u015f\u0259 bel\u0259 hallar\u0131 qorxaql\u0131q hesab edir\u0259m\u201d.\u00a0<\/p>\n<p>APA-n\u0131n m\u0259lumat\u0131na g\u00f6r\u0259, bunu Az\u0259rbaycan \u00e7empionu \u201cQaraba\u011f\u201d\u0131n ba\u015f m\u0259\u015fq\u00e7isi Qurban Qurbanov deyib.<\/p>\n<p>47 ya\u015fl\u0131 m\u00fct\u0259x\u0259ssis Avropa Liqas\u0131n\u0131n qrup m\u0259rh\u0259l\u0259sinin II turunun \u201cD\u00fcdelanj\u201dla L\u00fcksemburqdak\u0131 g\u00f6r\u00fc\u015f\u00fcnd\u0259n sonra (4:1) ke\u00e7iril\u0259n m\u0259tbuat konfrans\u0131nda fikirl\u0259rini a\u00e7\u0131qlay\u0131b. Q.Qurbanov mat\u00e7\u0131n birinci hiss\u0259sind\u0259 ba\u015f ver\u0259n t\u0259xribata m\u00fcnasib\u0259t bildirib: \u201cBiz h\u0259mi\u015f\u0259 \u00e7al\u0131\u015fm\u0131\u015f\u0131q ki, m\u0259d\u0259niyy\u0259timizi, intizam\u0131m\u0131z\u0131 g\u00f6st\u0259r\u0259k. Futbol\u00e7ular da hans\u0131 komandan\u0131 t\u0259msil etdikl\u0259rini bilirl\u0259r. Bel\u0259 hallar\u0131 qorxaql\u0131q adland\u0131r\u0131ram. F\u0259xr edir\u0259m ki, az\u0259rbaycanl\u0131yam, &#8220;Qaraba\u011f&#8221;\u0131 \u00e7al\u0131\u015fd\u0131r\u0131ram v\u0259 bel\u0259 bir kollektivim var\u201d.<\/p>\n<p>Qeyd ed\u0259k ki, mat\u00e7da t\u0259xribat A\u011fdam t\u0259msil\u00e7isinin ikinci qolundan sonra ya\u015fan\u0131b. Separat\u00e7\u0131 &#8220;Da\u011fl\u0131q Qaraba\u011f&#8221; rejiminin bayra\u011f\u0131n\u0131n dronla stadionun m\u0259rk\u0259zin\u0259 g\u0259tirilib. Ard\u0131nca azarke\u015fl\u0259r v\u0259 futbol\u00e7ular aras\u0131nda m\u00fcnaqi\u015f\u0259 d\u0259 ya\u015fan\u0131b. Bunu g\u00f6r\u0259n \u015fotlandiyal\u0131 ba\u015f hakim Con Biton mat\u00e7\u0131 dayand\u0131r\u0131b. T\u0259xmin\u0259n 25 d\u0259qiq\u0259lik fasil\u0259d\u0259n sonra oyun davam etdirilib v\u0259 A\u011fdam t\u0259msil\u00e7isi 4:1 hesabl\u0131 q\u0259l\u0259b\u0259 qazan\u0131b.<\/p>\n","protected":false},"excerpt":{"rendered":"<p>\u201c\u0130dmanda bel\u0259 \u015feyl\u0259rin olmas\u0131n\u0131n t\u0259r\u0259fdar\u0131 deyil\u0259m. Bir d\u0259f\u0259 d\u0259 bel\u0259 hadis\u0259 ba\u015f vermi\u015fdi. H\u0259mi\u015f\u0259 bel\u0259 hallar\u0131 qorxaql\u0131q hesab edir\u0259m\u201d.\u00a0 APA-n\u0131n m\u0259lumat\u0131na g\u00f6r\u0259, bunu Az\u0259rbaycan \u00e7empionu \u201cQaraba\u011f\u201d\u0131n ba\u015f m\u0259\u015fq\u00e7isi Qurban Qurbanov&hellip;<\/p>\n","protected":false},"author":1,"featured_media":251278,"comment_status":"open","ping_status":"open","sticky":false,"template":"","format":"standard","meta":{"_lmt_disableupdate":"","_lmt_disable":"","footnotes":""},"categories":[90],"tags":[],"class_list":["post-85799","post","type-post","status-publish","format-standard","has-post-thumbnail","hentry","category-idman-butun-xeberler"],"_links":{"self":[{"href":"https:\/\/ucnoqta.az\/index.php?rest_route=\/wp\/v2\/posts\/85799","targetHints":{"allow":["GET"]}}],"collection":[{"href":"https:\/\/ucnoqta.az\/index.php?rest_route=\/wp\/v2\/posts"}],"about":[{"href":"https:\/\/ucnoqta.az\/index.php?rest_route=\/wp\/v2\/types\/post"}],"author":[{"embeddable":true,"href":"https:\/\/ucnoqta.az\/index.php?rest_route=\/wp\/v2\/users\/1"}],"replies":[{"embeddable":true,"href":"https:\/\/ucnoqta.az\/index.php?rest_route=%2Fwp%2Fv2%2Fcomments&post=85799"}],"version-history":[{"count":0,"href":"https:\/\/ucnoqta.az\/index.php?rest_route=\/wp\/v2\/posts\/85799\/revisions"}],"wp:featuredmedia":[{"embeddable":true,"href":"https:\/\/ucnoqta.az\/index.php?rest_route=\/wp\/v2\/media\/251278"}],"wp:attachment":[{"href":"https:\/\/ucnoqta.az\/index.php?rest_route=%2Fwp%2Fv2%2Fmedia&parent=85799"}],"wp:term":[{"taxonomy":"category","embeddable":true,"href":"https:\/\/ucnoqta.az\/index.php?rest_route=%2Fwp%2Fv2%2Fcategories&post=85799"},{"taxonomy":"post_tag","embeddable":true,"href":"https:\/\/ucnoqta.az\/index.php?rest_route=%2Fwp%2Fv2%2Ftags&post=85799"}],"curies":[{"name":"wp","href":"https:\/\/api.w.org\/{rel}","templated":true}]}}