{"id":85776,"date":"2019-10-03T17:19:37","date_gmt":"2019-10-03T13:19:37","guid":{"rendered":""},"modified":"-0001-11-30T00:00:00","modified_gmt":"-0001-11-29T20:00:00","slug":"","status":"publish","type":"post","link":"https:\/\/ucnoqta.az\/?p=85776","title":{"rendered":"Saatl\u0131da t\u0259cili yard\u0131m ma\u015f\u0131n\u0131 \u201cMercedes\u201dl\u0259 toqqu\u015fdu"},"content":{"rendered":"<p><strong>Saatl\u0131da t\u0259cili tibbi yard\u0131m ma\u015f\u0131n\u0131 q\u0259zaya u\u011fray\u0131b.&nbsp;<\/strong><\/p>\n<p>Hadis\u0259 Saatl\u0131-\u0130mi\u015fli-Beyl\u0259qan-B\u0259hramt\u0259p\u0259 magistral yolunun \u018flisoltanl\u0131 k\u0259ndi \u0259razisind\u0259n ke&ccedil;\u0259n hiss\u0259sind\u0259 qeyd\u0259 al\u0131n\u0131b.<\/p>\n<p>Bel\u0259 ki, Saatl\u0131 Rayon M\u0259rk\u0259zi x\u0259st\u0259xanas\u0131n\u0131n t\u0259cili yard\u0131m ma\u015f\u0131n\u0131n\u0131n s&uuml;r&uuml;c&uuml;s&uuml; Vaqif Heyd\u0259rov &ccedil;a\u011f\u0131r\u0131\u015fa ged\u0259n zaman&nbsp;Nax&ccedil;\u0131van sakini, 1994-c&uuml; il t\u0259v\u0259ll&uuml;dl&uuml; \u018fhm\u0259dov Nihad Xudaverdi o\u011flunun idar\u0259 etdiyi &ldquo;Mercedes&rdquo; markal\u0131 minik ma\u015f\u0131n\u0131 il\u0259 toqqu\u015fub.<\/p>\n<p>N\u0259tic\u0259d\u0259&nbsp;x\u0259sar\u0259t alan &ldquo;Mercedes&rdquo;in s&uuml;r&uuml;c&uuml; Saatl\u0131 Rayon M\u0259rk\u0259zi X\u0259st\u0259xanas\u0131na yerl\u0259\u015fdirilib. Hadis\u0259 zaman\u0131 N.\u018fhm\u0259dovun yuxulu oldu\u011fu bildirilir.<\/p>\n<p>Faktla ba\u011fl\u0131 ara\u015fd\u0131rma apar\u0131l\u0131r.\/oxu.az<\/p>\n","protected":false},"excerpt":{"rendered":"<p>Saatl\u0131da t\u0259cili tibbi yard\u0131m ma\u015f\u0131n\u0131 q\u0259zaya u\u011fray\u0131b.&nbsp; Hadis\u0259 Saatl\u0131-\u0130mi\u015fli-Beyl\u0259qan-B\u0259hramt\u0259p\u0259 magistral yolunun \u018flisoltanl\u0131 k\u0259ndi \u0259razisind\u0259n ke&ccedil;\u0259n hiss\u0259sind\u0259 qeyd\u0259 al\u0131n\u0131b. Bel\u0259 ki, Saatl\u0131 Rayon M\u0259rk\u0259zi x\u0259st\u0259xanas\u0131n\u0131n t\u0259cili yard\u0131m ma\u015f\u0131n\u0131n\u0131n s&uuml;r&uuml;c&uuml;s&uuml; Vaqif Heyd\u0259rov&hellip;<\/p>\n","protected":false},"author":1,"featured_media":251278,"comment_status":"open","ping_status":"open","sticky":false,"template":"","format":"standard","meta":{"_lmt_disableupdate":"","_lmt_disable":"","footnotes":""},"categories":[],"tags":[],"class_list":["post-85776","post","type-post","status-publish","format-standard","has-post-thumbnail","hentry"],"_links":{"self":[{"href":"https:\/\/ucnoqta.az\/index.php?rest_route=\/wp\/v2\/posts\/85776","targetHints":{"allow":["GET"]}}],"collection":[{"href":"https:\/\/ucnoqta.az\/index.php?rest_route=\/wp\/v2\/posts"}],"about":[{"href":"https:\/\/ucnoqta.az\/index.php?rest_route=\/wp\/v2\/types\/post"}],"author":[{"embeddable":true,"href":"https:\/\/ucnoqta.az\/index.php?rest_route=\/wp\/v2\/users\/1"}],"replies":[{"embeddable":true,"href":"https:\/\/ucnoqta.az\/index.php?rest_route=%2Fwp%2Fv2%2Fcomments&post=85776"}],"version-history":[{"count":0,"href":"https:\/\/ucnoqta.az\/index.php?rest_route=\/wp\/v2\/posts\/85776\/revisions"}],"wp:featuredmedia":[{"embeddable":true,"href":"https:\/\/ucnoqta.az\/index.php?rest_route=\/wp\/v2\/media\/251278"}],"wp:attachment":[{"href":"https:\/\/ucnoqta.az\/index.php?rest_route=%2Fwp%2Fv2%2Fmedia&parent=85776"}],"wp:term":[{"taxonomy":"category","embeddable":true,"href":"https:\/\/ucnoqta.az\/index.php?rest_route=%2Fwp%2Fv2%2Fcategories&post=85776"},{"taxonomy":"post_tag","embeddable":true,"href":"https:\/\/ucnoqta.az\/index.php?rest_route=%2Fwp%2Fv2%2Ftags&post=85776"}],"curies":[{"name":"wp","href":"https:\/\/api.w.org\/{rel}","templated":true}]}}