{"id":85775,"date":"2019-10-03T17:13:15","date_gmt":"2019-10-03T13:13:15","guid":{"rendered":""},"modified":"-0001-11-30T00:00:00","modified_gmt":"-0001-11-29T20:00:00","slug":"","status":"publish","type":"post","link":"https:\/\/ucnoqta.az\/?p=85775","title":{"rendered":"Erm\u0259nil\u0259ri Avropadan qovurlar"},"content":{"rendered":"<p><strong>Avropa \u0130ttifaq\u0131na &uuml;zv &ouml;lk\u0259l\u0259rd\u0259 s\u0131\u011f\u0131nacaq alan erm\u0259nil\u0259r k&uuml;tl\u0259vi \u015f\u0259kild\u0259 geri qaytar\u0131l\u0131rlar.<\/strong><\/p>\n<p>Oxu.Az-\u0131n x\u0259b\u0259rin\u0259 g&ouml;r\u0259, bu bar\u0259d\u0259 Erm\u0259nistan\u0131n &ldquo;Joxovurd&rdquo; n\u0259\u015fri yaz\u0131b.<\/p>\n<p>M\u0259lumata g&ouml;r\u0259, deportasiya edil\u0259n erm\u0259nil\u0259r qanunsuz miqrantlard\u0131r.<br \/>\nV\u0259ziyy\u0259tl\u0259 tan\u0131\u015f olan m\u0259nb\u0259 deyib ki, 2017-ci ild\u0259 1470 erm\u0259ni Erm\u0259nistana g&ouml;nd\u0259rilib. 2018-ci ild\u0259 2030 erm\u0259ni Avropadan deportasiya olunub.<br \/>\n&Uuml;mumilikd\u0259 2018-2019-cu ild\u0259 46 min 945 erm\u0259ninin Avropa \u0259razisind\u0259n &ccedil;\u0131xar\u0131l\u0131b Erm\u0259nistana g&ouml;nd\u0259rilm\u0259si &uuml;&ccedil;&uuml;n Avropa \u0130ttifaq\u0131 &ouml;lk\u0259l\u0259ri t\u0259r\u0259find\u0259n m\u0259s\u0259l\u0259 qald\u0131r\u0131l\u0131b.<\/p>\n","protected":false},"excerpt":{"rendered":"<p>Avropa \u0130ttifaq\u0131na &uuml;zv &ouml;lk\u0259l\u0259rd\u0259 s\u0131\u011f\u0131nacaq alan erm\u0259nil\u0259r k&uuml;tl\u0259vi \u015f\u0259kild\u0259 geri qaytar\u0131l\u0131rlar. Oxu.Az-\u0131n x\u0259b\u0259rin\u0259 g&ouml;r\u0259, bu bar\u0259d\u0259 Erm\u0259nistan\u0131n &ldquo;Joxovurd&rdquo; n\u0259\u015fri yaz\u0131b. M\u0259lumata g&ouml;r\u0259, deportasiya edil\u0259n erm\u0259nil\u0259r qanunsuz miqrantlard\u0131r. V\u0259ziyy\u0259tl\u0259 tan\u0131\u015f olan&hellip;<\/p>\n","protected":false},"author":1,"featured_media":251278,"comment_status":"open","ping_status":"open","sticky":false,"template":"","format":"standard","meta":{"_lmt_disableupdate":"","_lmt_disable":"","footnotes":""},"categories":[89],"tags":[],"class_list":["post-85775","post","type-post","status-publish","format-standard","has-post-thumbnail","hentry","category-dunya-butun-xeberler"],"_links":{"self":[{"href":"https:\/\/ucnoqta.az\/index.php?rest_route=\/wp\/v2\/posts\/85775","targetHints":{"allow":["GET"]}}],"collection":[{"href":"https:\/\/ucnoqta.az\/index.php?rest_route=\/wp\/v2\/posts"}],"about":[{"href":"https:\/\/ucnoqta.az\/index.php?rest_route=\/wp\/v2\/types\/post"}],"author":[{"embeddable":true,"href":"https:\/\/ucnoqta.az\/index.php?rest_route=\/wp\/v2\/users\/1"}],"replies":[{"embeddable":true,"href":"https:\/\/ucnoqta.az\/index.php?rest_route=%2Fwp%2Fv2%2Fcomments&post=85775"}],"version-history":[{"count":0,"href":"https:\/\/ucnoqta.az\/index.php?rest_route=\/wp\/v2\/posts\/85775\/revisions"}],"wp:featuredmedia":[{"embeddable":true,"href":"https:\/\/ucnoqta.az\/index.php?rest_route=\/wp\/v2\/media\/251278"}],"wp:attachment":[{"href":"https:\/\/ucnoqta.az\/index.php?rest_route=%2Fwp%2Fv2%2Fmedia&parent=85775"}],"wp:term":[{"taxonomy":"category","embeddable":true,"href":"https:\/\/ucnoqta.az\/index.php?rest_route=%2Fwp%2Fv2%2Fcategories&post=85775"},{"taxonomy":"post_tag","embeddable":true,"href":"https:\/\/ucnoqta.az\/index.php?rest_route=%2Fwp%2Fv2%2Ftags&post=85775"}],"curies":[{"name":"wp","href":"https:\/\/api.w.org\/{rel}","templated":true}]}}