{"id":85747,"date":"2019-10-03T10:00:16","date_gmt":"2019-10-03T06:00:16","guid":{"rendered":""},"modified":"-0001-11-30T00:00:00","modified_gmt":"-0001-11-29T20:00:00","slug":"","status":"publish","type":"post","link":"https:\/\/ucnoqta.az\/?p=85747","title":{"rendered":"Bu g\u00fcn &#8220;Qaraba\u011f&#8221; &#8220;D\u00fcdelanj&#8221;la qar\u015f\u0131la\u015f\u0131r"},"content":{"rendered":"<p><strong>Bu g&uuml;n Avropa Liqas\u0131n\u0131n qrup m\u0259rh\u0259l\u0259sind\u0259 2-ci turun oyunlar\u0131 ke&ccedil;iril\u0259c\u0259k.<\/strong><\/p>\n<p>Qol.az x\u0259b\u0259r verir ki, turnird\u0259 &ouml;lk\u0259mizi t\u0259msil ed\u0259n &ldquo;Qaraba\u011f&rdquo; da n&ouml;vb\u0259ti mat&ccedil;\u0131na &ccedil;\u0131xacaq. A\u011fdam t\u0259msil&ccedil;isi L&uuml;ksemburqda &ldquo;D&uuml;delanj&rdquo;\u0131n qona\u011f\u0131 olacaq.<br \/>\n&ldquo;Qaraba\u011f&rdquo;\u0131 ilk g&ouml;r&uuml;\u015fd\u0259 s\u0259f\u0259rd\u0259 Kipr APOEL-ni 4:3 udan bu r\u0259qibl\u0259 asan oyun g&ouml;zl\u0259mir. Ancaq birinci turda Bak\u0131da &quot;Sevilya&quot;ya uduzan (0:3) Qurban Qurbanovun komandas\u0131 qrupda ilk xal\u0131n\u0131 v\u0259 ya xallar\u0131n\u0131 qazanma\u011fa &ccedil;al\u0131\u015facaq.<\/p>\n<p>Qrupun dig\u0259r oyununda &quot;Sevilya&quot; APOEL-i q\u0259bul ed\u0259c\u0259k.<\/p>\n<p><strong>3 oktyabr<br \/>\nA qrupu<\/strong><\/p>\n<p>&nbsp;<br \/>\n23:00. &quot;D&uuml;delanj&quot; (L&uuml;ksemburq)&nbsp;&#8211; &quot;Qaraba\u011f&quot; (Az\u0259rbaycan)<br \/>\nHakiml\u0259r:&nbsp;Con Biton, Daniel Makfarlan, Duqlas Potter, Donald Robertson (ham\u0131s\u0131 \u015eotlandiya).<br \/>\nL&uuml;ksemburq. &ldquo;Jozi Bartel&rdquo; stadionu.<br \/>\n&nbsp;<br \/>\n23:00. &quot;Sevilya&quot; (\u0130spaniya)&nbsp;&#8211; APOEL (Kipr)<\/p>\n","protected":false},"excerpt":{"rendered":"<p>Bu g&uuml;n Avropa Liqas\u0131n\u0131n qrup m\u0259rh\u0259l\u0259sind\u0259 2-ci turun oyunlar\u0131 ke&ccedil;iril\u0259c\u0259k. Qol.az x\u0259b\u0259r verir ki, turnird\u0259 &ouml;lk\u0259mizi t\u0259msil ed\u0259n &ldquo;Qaraba\u011f&rdquo; da n&ouml;vb\u0259ti mat&ccedil;\u0131na &ccedil;\u0131xacaq. A\u011fdam t\u0259msil&ccedil;isi L&uuml;ksemburqda &ldquo;D&uuml;delanj&rdquo;\u0131n qona\u011f\u0131 olacaq. &ldquo;Qaraba\u011f&rdquo;\u0131&hellip;<\/p>\n","protected":false},"author":1,"featured_media":251278,"comment_status":"open","ping_status":"open","sticky":false,"template":"","format":"standard","meta":{"_lmt_disableupdate":"","_lmt_disable":"","footnotes":""},"categories":[90],"tags":[],"class_list":["post-85747","post","type-post","status-publish","format-standard","has-post-thumbnail","hentry","category-idman-butun-xeberler"],"_links":{"self":[{"href":"https:\/\/ucnoqta.az\/index.php?rest_route=\/wp\/v2\/posts\/85747","targetHints":{"allow":["GET"]}}],"collection":[{"href":"https:\/\/ucnoqta.az\/index.php?rest_route=\/wp\/v2\/posts"}],"about":[{"href":"https:\/\/ucnoqta.az\/index.php?rest_route=\/wp\/v2\/types\/post"}],"author":[{"embeddable":true,"href":"https:\/\/ucnoqta.az\/index.php?rest_route=\/wp\/v2\/users\/1"}],"replies":[{"embeddable":true,"href":"https:\/\/ucnoqta.az\/index.php?rest_route=%2Fwp%2Fv2%2Fcomments&post=85747"}],"version-history":[{"count":0,"href":"https:\/\/ucnoqta.az\/index.php?rest_route=\/wp\/v2\/posts\/85747\/revisions"}],"wp:featuredmedia":[{"embeddable":true,"href":"https:\/\/ucnoqta.az\/index.php?rest_route=\/wp\/v2\/media\/251278"}],"wp:attachment":[{"href":"https:\/\/ucnoqta.az\/index.php?rest_route=%2Fwp%2Fv2%2Fmedia&parent=85747"}],"wp:term":[{"taxonomy":"category","embeddable":true,"href":"https:\/\/ucnoqta.az\/index.php?rest_route=%2Fwp%2Fv2%2Fcategories&post=85747"},{"taxonomy":"post_tag","embeddable":true,"href":"https:\/\/ucnoqta.az\/index.php?rest_route=%2Fwp%2Fv2%2Ftags&post=85747"}],"curies":[{"name":"wp","href":"https:\/\/api.w.org\/{rel}","templated":true}]}}